{"id":10004,"date":"2024-10-22T11:21:10","date_gmt":"2024-10-22T10:21:10","guid":{"rendered":"https:\/\/hospitalsagratcormartorell.org\/entre-tots\/?p=10004"},"modified":"2024-11-29T12:03:30","modified_gmt":"2024-11-29T11:03:30","slug":"visita-de-lequip-directiu-datencio-intermedia-del-departament-de-salut","status":"publish","type":"post","link":"https:\/\/fundaciohospitalariesmartorell.org\/entre-tots\/2024\/10\/visita-de-lequip-directiu-datencio-intermedia-del-departament-de-salut\/","title":{"rendered":"Visita de l&#8217;equip directiu d&#8217;Atenci\u00f3 Interm\u00e8dia del Departament de Salut"},"content":{"rendered":"\n<figure class=\"wp-block-image size-large\"><img loading=\"lazy\" decoding=\"async\" width=\"1269\" height=\"714\" src=\"https:\/\/hospitalsagratcormartorell.org\/entre-tots\/wp-content\/uploads\/2024\/10\/Inzitari-edited.jpg\" alt=\"\" class=\"wp-image-10006\" srcset=\"https:\/\/fundaciohospitalariesmartorell.org\/entre-tots\/wp-content\/uploads\/2024\/10\/Inzitari-edited.jpg 1269w, https:\/\/fundaciohospitalariesmartorell.org\/entre-tots\/wp-content\/uploads\/2024\/10\/Inzitari-edited-300x169.jpg 300w, https:\/\/fundaciohospitalariesmartorell.org\/entre-tots\/wp-content\/uploads\/2024\/10\/Inzitari-edited-1024x576.jpg 1024w, https:\/\/fundaciohospitalariesmartorell.org\/entre-tots\/wp-content\/uploads\/2024\/10\/Inzitari-edited-768x432.jpg 768w\" sizes=\"auto, (max-width: 1269px) 100vw, 1269px\" \/><\/figure>\n\n\n\n<p>L&#8217;Hospital Sagrat Cor va rebre el passat divendres 18 d&#8217;octubre la visita del Dr. Marco Inzitari, director operatiu per la transformaci\u00f3 de l&#8217;Atenci\u00f3 Interm\u00e8dia del Departament de Salut, i de la Dra. Mireia Llonch, adjunta a la direcci\u00f3. La trobada amb l&#8217;equip directiu de ger\u00e8ncia s&#8217;emmarca en la import\u00e0ncia que la nostra instituci\u00f3 atorga a la relaci\u00f3 i col\u00b7laboraci\u00f3 amb l&#8217;administraci\u00f3 p\u00fablica, especialment en un moment de canvis en el model d&#8217;Atenci\u00f3 Interm\u00e8dia.<\/p>\n\n\n\n<p>La primera part de la reuni\u00f3 va servir per contextualitzar el nostre centre a trav\u00e9s de la hist\u00f2ria, la missi\u00f3 i els valors de l&#8217;hospital, aix\u00ed com la seva evoluci\u00f3 des dels inicis fins als projectes actuals i futurs. En aquest marc, s&#8217;han destacat els punts forts de l&#8217;\u00c0rea de Psicogeriatria i el seu desenvolupament, tant assistencial com docent.<\/p>\n\n\n\n<p>El Dr. Inzitari i la Dra. Llonch van expressar que l&#8217;Hospital Sagrat Cor de Martorell \u00e9s un referent en l&#8217;atenci\u00f3 de qualitat tant en Salut Mental com en Atenci\u00f3 Interm\u00e8dia. A m\u00e9s, van plantejar possibles l\u00ednies de treball per al nostre territori, centrades en l&#8217;\u00e0mbit comunitari i en l&#8217;hospitalitzaci\u00f3 en cures pal\u00b7liatives.<\/p>\n\n\n\n<p>A continuaci\u00f3, els visitants van con\u00e8ixer algunes de les unitats d&#8217;atenci\u00f3 interm\u00e8dia i el nou edifici, on van manifestar que els espais, les instal\u00b7lacions i l&#8217;ambient reflecteixen la bona feina que fem.<\/p>\n\n\n\n<p><\/p>\n","protected":false},"excerpt":{"rendered":"<p>L&#8217;Hospital Sagrat Cor va rebre el passat divendres 18 d&#8217;octubre la visita del Dr. Marco Inzitari, director operatiu per la transformaci\u00f3 de l&#8217;Atenci\u00f3 Interm\u00e8dia del Departament de Salut, i de la Dra. Mireia Llonch, adjunta a la direcci\u00f3. La trobada amb l&#8217;equip directiu de ger\u00e8ncia s&#8217;emmarca en la import\u00e0ncia que la nostra instituci\u00f3 atorga a [&hellip;]<\/p>\n","protected":false},"author":5,"featured_media":10005,"comment_status":"closed","ping_status":"closed","sticky":false,"template":"","format":"standard","meta":{"footnotes":""},"categories":[27,59],"tags":[],"class_list":["post-10004","post","type-post","status-publish","format-standard","has-post-thumbnail","hentry","category-actualitat","category-proveidors-es"],"blocksy_meta":[],"featured_image_urls_v2":{"full":["https:\/\/fundaciohospitalariesmartorell.org\/entre-tots\/wp-content\/uploads\/2024\/10\/Inzitari.jpg",1269,952,false],"thumbnail":["https:\/\/fundaciohospitalariesmartorell.org\/entre-tots\/wp-content\/uploads\/2024\/10\/Inzitari-150x150.jpg",150,150,true],"medium":["https:\/\/fundaciohospitalariesmartorell.org\/entre-tots\/wp-content\/uploads\/2024\/10\/Inzitari-300x225.jpg",300,225,true],"medium_large":["https:\/\/fundaciohospitalariesmartorell.org\/entre-tots\/wp-content\/uploads\/2024\/10\/Inzitari-768x576.jpg",768,576,true],"large":["https:\/\/fundaciohospitalariesmartorell.org\/entre-tots\/wp-content\/uploads\/2024\/10\/Inzitari-1024x768.jpg",1024,768,true],"1536x1536":["https:\/\/fundaciohospitalariesmartorell.org\/entre-tots\/wp-content\/uploads\/2024\/10\/Inzitari.jpg",1269,952,false],"2048x2048":["https:\/\/fundaciohospitalariesmartorell.org\/entre-tots\/wp-content\/uploads\/2024\/10\/Inzitari.jpg",1269,952,false],"mailpoet_newsletter_max":["https:\/\/fundaciohospitalariesmartorell.org\/entre-tots\/wp-content\/uploads\/2024\/10\/Inzitari.jpg",1269,952,false]},"post_excerpt_stackable_v2":"<p>L&#8217;Hospital Sagrat Cor va rebre el passat divendres 18 d&#8217;octubre la visita del Dr. Marco Inzitari, director operatiu per la transformaci\u00f3 de l&#8217;Atenci\u00f3 Interm\u00e8dia del Departament de Salut, i de la Dra. Mireia Llonch, adjunta a la direcci\u00f3. La trobada amb l&#8217;equip directiu de ger\u00e8ncia s&#8217;emmarca en la import\u00e0ncia que la nostra instituci\u00f3 atorga a la relaci\u00f3 i col\u00b7laboraci\u00f3 amb l&#8217;administraci\u00f3 p\u00fablica, especialment en un moment de canvis en el model d&#8217;Atenci\u00f3 Interm\u00e8dia. La primera part de la reuni\u00f3 va servir per contextualitzar el nostre centre a trav\u00e9s de la hist\u00f2ria, la missi\u00f3 i els valors de l&#8217;hospital, aix\u00ed com&hellip;<\/p>\n","category_list_v2":"<a href=\"https:\/\/fundaciohospitalariesmartorell.org\/entre-tots\/category\/actualitat\/\" rel=\"category tag\">ACTUALITAT<\/a>, <a href=\"https:\/\/fundaciohospitalariesmartorell.org\/entre-tots\/category\/actualitat\/proveidors-es\/\" rel=\"category tag\">PROVE\u00cfDORS\/ES<\/a>","author_info_v2":{"name":"Alba Felip","url":"https:\/\/fundaciohospitalariesmartorell.org\/entre-tots\/author\/afelipr\/"},"comments_num_v2":"0 comments","_links":{"self":[{"href":"https:\/\/fundaciohospitalariesmartorell.org\/entre-tots\/wp-json\/wp\/v2\/posts\/10004","targetHints":{"allow":["GET"]}}],"collection":[{"href":"https:\/\/fundaciohospitalariesmartorell.org\/entre-tots\/wp-json\/wp\/v2\/posts"}],"about":[{"href":"https:\/\/fundaciohospitalariesmartorell.org\/entre-tots\/wp-json\/wp\/v2\/types\/post"}],"author":[{"embeddable":true,"href":"https:\/\/fundaciohospitalariesmartorell.org\/entre-tots\/wp-json\/wp\/v2\/users\/5"}],"replies":[{"embeddable":true,"href":"https:\/\/fundaciohospitalariesmartorell.org\/entre-tots\/wp-json\/wp\/v2\/comments?post=10004"}],"version-history":[{"count":4,"href":"https:\/\/fundaciohospitalariesmartorell.org\/entre-tots\/wp-json\/wp\/v2\/posts\/10004\/revisions"}],"predecessor-version":[{"id":10012,"href":"https:\/\/fundaciohospitalariesmartorell.org\/entre-tots\/wp-json\/wp\/v2\/posts\/10004\/revisions\/10012"}],"wp:featuredmedia":[{"embeddable":true,"href":"https:\/\/fundaciohospitalariesmartorell.org\/entre-tots\/wp-json\/wp\/v2\/media\/10005"}],"wp:attachment":[{"href":"https:\/\/fundaciohospitalariesmartorell.org\/entre-tots\/wp-json\/wp\/v2\/media?parent=10004"}],"wp:term":[{"taxonomy":"category","embeddable":true,"href":"https:\/\/fundaciohospitalariesmartorell.org\/entre-tots\/wp-json\/wp\/v2\/categories?post=10004"},{"taxonomy":"post_tag","embeddable":true,"href":"https:\/\/fundaciohospitalariesmartorell.org\/entre-tots\/wp-json\/wp\/v2\/tags?post=10004"}],"curies":[{"name":"wp","href":"https:\/\/api.w.org\/{rel}","templated":true}]}}