{"id":10013,"date":"2024-10-23T07:05:15","date_gmt":"2024-10-23T06:05:15","guid":{"rendered":"https:\/\/hospitalsagratcormartorell.org\/entre-tots\/?p=10013"},"modified":"2024-11-29T12:03:25","modified_gmt":"2024-11-29T11:03:25","slug":"lenfocament-multidisciplinari-clau-en-la-rehabilitacio-del-dany-cerebral-adquirit-a-lhospital-sagrat-cor","status":"publish","type":"post","link":"https:\/\/fundaciohospitalariesmartorell.org\/entre-tots\/2024\/10\/lenfocament-multidisciplinari-clau-en-la-rehabilitacio-del-dany-cerebral-adquirit-a-lhospital-sagrat-cor\/","title":{"rendered":"L&#8217;enfocament multidisciplinari, clau en la rehabilitaci\u00f3 del dany cerebral adquirit a l&#8217;Hospital Sagrat Cor"},"content":{"rendered":"\n<figure class=\"wp-block-image size-large\"><img loading=\"lazy\" decoding=\"async\" width=\"1600\" height=\"900\" src=\"https:\/\/hospitalsagratcormartorell.org\/entre-tots\/wp-content\/uploads\/2024\/10\/WhatsApp-Image-2024-10-22-at-12.25.45-edited.jpeg\" alt=\"\" class=\"wp-image-10024\" srcset=\"https:\/\/fundaciohospitalariesmartorell.org\/entre-tots\/wp-content\/uploads\/2024\/10\/WhatsApp-Image-2024-10-22-at-12.25.45-edited.jpeg 1600w, https:\/\/fundaciohospitalariesmartorell.org\/entre-tots\/wp-content\/uploads\/2024\/10\/WhatsApp-Image-2024-10-22-at-12.25.45-edited-300x169.jpeg 300w, https:\/\/fundaciohospitalariesmartorell.org\/entre-tots\/wp-content\/uploads\/2024\/10\/WhatsApp-Image-2024-10-22-at-12.25.45-edited-1024x576.jpeg 1024w, https:\/\/fundaciohospitalariesmartorell.org\/entre-tots\/wp-content\/uploads\/2024\/10\/WhatsApp-Image-2024-10-22-at-12.25.45-edited-768x432.jpeg 768w, https:\/\/fundaciohospitalariesmartorell.org\/entre-tots\/wp-content\/uploads\/2024\/10\/WhatsApp-Image-2024-10-22-at-12.25.45-edited-1536x864.jpeg 1536w, https:\/\/fundaciohospitalariesmartorell.org\/entre-tots\/wp-content\/uploads\/2024\/10\/WhatsApp-Image-2024-10-22-at-12.25.45-edited-1320x743.jpeg 1320w\" sizes=\"auto, (max-width: 1600px) 100vw, 1600px\" \/><\/figure>\n\n\n\n<p>L&#8217;Hospital Sagrat Cor s&#8217;ha consolidat en els darrers anys com un centre de refer\u00e8ncia al Baix Llobregat per al tractament i la rehabilitaci\u00f3 del dany cerebral adquirit (DCA), gr\u00e0cies a un equip multidisciplinari altament qualificat i a la incorporaci\u00f3 progressiva de tecnologies avan\u00e7ades. Aquesta combinaci\u00f3 permet millorar la qualitat de vida i els resultats de les persones afectades per aquesta greu patologia.<\/p>\n\n\n\n<p>Els darrers anys, l\u2019hospital ha experimentat un augment significatiu en el nombre de pacients atesos amb DCA, passant de 58 el 2018 a 106 el 2023. A m\u00e9s, s\u2019ha observat una difer\u00e8ncia de g\u00e8nere important, amb un 62% d\u2019homes entre els pacients.<\/p>\n\n\n\n<blockquote class=\"wp-block-quote is-layout-flow wp-block-quote-is-layout-flow\">\n<p>\u201c<strong>Estem desenvolupant un model d\u2019atenci\u00f3 al dany cerebral que aposta per l\u2019expertesa, la doc\u00e8ncia, la investigaci\u00f3 i la innovaci\u00f3 com a pilars fonamentals cap a un abordatge integrador i col\u00b7laboratiu en benefici dels pacients\u201d<\/strong>, explica el Dr. Santi Bernades, subdirector m\u00e8dic de l\u2019Hospital Sagrat Cor.<\/p>\n<\/blockquote>\n\n\n\n<p>El DCA \u00e9s una lesi\u00f3 cerebral sobtada que pot provocar seq\u00fceles f\u00edsiques, cognitives, emocionals i conductuals, les quals poden variar molt segons la gravetat de la lesi\u00f3 i l\u2019\u00e0rea cerebral afectada. A Catalunya, anualment es registren m\u00e9s de 50.000 casos nous, sent els ictus la principal causa, amb un 78% dels casos, seguits per traumatismes cranioencef\u00e0lics, an\u00f2xies, tumors i infeccions.<\/p>\n\n\n\n<h2 class=\"wp-block-heading\"><strong>Un tractament multidisciplinari i integral<\/strong><\/h2>\n\n\n\n<p>L\u2019Hospital Sagrat Cor ofereix una rehabilitaci\u00f3 integral basada en la col\u00b7laboraci\u00f3 de diferents especialitats, com la neuropsicologia, la fisioter\u00e0pia, la ter\u00e0pia ocupacional i la logop\u00e8dia. Aquesta atenci\u00f3 coordinada i personalitzada evita la fragmentaci\u00f3 assistencial i garanteix que cada pacient rebi el tractament m\u00e9s adequat a les seves necessitats espec\u00edfiques.<\/p>\n\n\n\n<blockquote class=\"wp-block-quote is-layout-flow wp-block-quote-is-layout-flow\">\n<p><strong>\u201cEl nostre enfocament multidisciplinari garanteix que cada persona atesa rebi un pla de tractament individualitzat, adaptat a les seves necessitats espec\u00edfiques\u201d, <\/strong>explica Juan Antonio Guzm\u00e1n, responsable del Servei de Rehabilitaci\u00f3 F\u00edsica de l&#8217;Hospital Sagrat Cor. <\/p>\n<\/blockquote>\n\n\n\n<p>\u201c<em>Aquest abordatge ens permet aconseguir una recuperaci\u00f3 m\u00e9s completa i un grau d\u2019autonomia m\u00e9s alt, la qual cosa facilita la reintegraci\u00f3 social de la persona atesa<\/em>\u201d, afegeix.<\/p>\n\n\n\n<p>Els darrers anys, l\u2019hospital ha experimentat un augment significatiu en el nombre de pacients atesos amb DCA, passant de 58 el 2018 a 106 el 2023. A m\u00e9s, s\u2019ha observat una difer\u00e8ncia de g\u00e8nere important, amb un 62% d\u2019homes entre els pacients.<\/p>\n\n\n\n<h2 class=\"wp-block-heading\"><strong>L&#8217;\u00fas de la tecnologia en la rehabilitaci\u00f3<\/strong><\/h2>\n\n\n\n<p>Una de les claus en la rehabilitaci\u00f3 dels pacients amb DCA \u00e9s la incorporaci\u00f3 a l\u2019hospital de noves tecnologies. Eines com el MOTOmed, una bicicleta terap\u00e8utica per a persones amb mobilitat redu\u00efda, i la plataforma NeuronUp, que facilita l&#8217;estimulaci\u00f3 cognitiva, s\u00f3n exemples de les innovacions implementades. A m\u00e9s, l&#8217;hospital disposa d\u2019un carro de simulaci\u00f3 multisensorial port\u00e0til que permet als pacients rebre ter\u00e0pia sensorial a la seva habitaci\u00f3, sense necessitat de despla\u00e7aments.<\/p>\n\n\n\n<p>Guzm\u00e1n subratlla que aquestes tecnologies milloren l&#8217;efic\u00e0cia del tractament i acceleren la recuperaci\u00f3, i destaca que l&#8217;hospital t\u00e9 com a objectiu incorporar eines m\u00e9s avan\u00e7ades com la rob\u00f2tica i la realitat virtual en un futur pr\u00f2xim.<\/p>\n\n\n\n<h2 class=\"wp-block-heading\"><strong>Seguiment i continu\u00eftat assistencial<\/strong><\/h2>\n\n\n\n<p>Despr\u00e9s de la fase aguda de la rehabilitaci\u00f3, les persones ateses amb DCA poden continuar el tractament de manera ambulat\u00f2ria, a trav\u00e9s de l\u2019Hospital de Dia del Sagrat Cor, o b\u00e9 a domicili, amb el suport d\u2019empreses externes especialitzades. El seguiment continuat \u00e9s essencial per mantenir els progressos aconseguits i assegurar que els pacients assoleixin el m\u00e0xim nivell d&#8217;autonomia possible.<\/p>\n\n\n\n<p>De cara al futur, l\u2019Hospital Sagrat Cor pret\u00e9n mantenir-se com a centre de refer\u00e8ncia en la rehabilitaci\u00f3 del DCA, amb l\u2019objectiu de continuar formant el personal col\u00b7laborador i incorporant les \u00faltimes tecnologies. Guzm\u00e1n tamb\u00e9 apunta com un objectiu de futur mantenir-se com a centre col\u00b7laborador dins de la Xarxa Menni de Dany Cerebral Germanes Hospital\u00e0ries. \u201c<em>Aix\u00f2 ens permetr\u00e0 con\u00e8ixer totes les noves tecnologies i veure les experi\u00e8ncies en nous abordatges<\/em>\u201d.<\/p>\n\n\n\n<p>Un altre objectiu del centre \u00e9s crear una unitat espec\u00edfica dins de l\u2019hospital, que l\u2019especialista considera que ha de ser una prioritat. \u201c<em>A Catalunya, hi ha un d\u00e8ficit clar en l&#8217;atenci\u00f3 especialitzada al DCA dins del sistema p\u00fablic<\/em>\u201d, explica. <\/p>\n\n\n\n<blockquote class=\"wp-block-quote is-layout-flow wp-block-quote-is-layout-flow\">\n<p><strong>\u201cCrear una unitat espec\u00edfica al nostre centre permetria oferir una atenci\u00f3 encara m\u00e9s especialitzada i personalitzada per a aquestes persones ateses, amb qu\u00e8 es cobrir\u00e0 una necessitat urgent\u201d<\/strong>, exposa Guzm\u00e1n.<\/p>\n<\/blockquote>\n\n\n\n<p>Amb aquest comprom\u00eds, l\u2019Hospital Sagrat Cor reafirma la seva aposta per oferir una atenci\u00f3 integral, humana i tecnol\u00f2gicament avan\u00e7ada per a les persones amb dany cerebral adquirit, adaptant-se a les seves necessitats canviants i garantint una rehabilitaci\u00f3 d\u2019excel\u00b7l\u00e8ncia.<strong><\/strong><\/p>\n\n\n\n<figure class=\"wp-block-embed is-type-video is-provider-youtube wp-block-embed-youtube wp-embed-aspect-16-9 wp-has-aspect-ratio\"><div class=\"wp-block-embed__wrapper\">\n<iframe loading=\"lazy\" title=\"Dia Mundial del Dany Cerebral Adquirit (DCA) - Hospital Sagrat cor\" width=\"1290\" height=\"726\" src=\"https:\/\/www.youtube.com\/embed\/J208hDPIq6Q?feature=oembed\" frameborder=\"0\" allow=\"accelerometer; autoplay; clipboard-write; encrypted-media; gyroscope; picture-in-picture; web-share\" referrerpolicy=\"strict-origin-when-cross-origin\" allowfullscreen><\/iframe>\n<\/div><\/figure>\n","protected":false},"excerpt":{"rendered":"<p>L&#8217;Hospital Sagrat Cor s&#8217;ha consolidat en els darrers anys com un centre de refer\u00e8ncia al Baix Llobregat per al tractament i la rehabilitaci\u00f3 del dany cerebral adquirit (DCA), gr\u00e0cies a un equip multidisciplinari altament qualificat i a la incorporaci\u00f3 progressiva de tecnologies avan\u00e7ades. Aquesta combinaci\u00f3 permet millorar la qualitat de vida i els resultats de [&hellip;]<\/p>\n","protected":false},"author":5,"featured_media":10014,"comment_status":"closed","ping_status":"closed","sticky":false,"template":"","format":"standard","meta":{"footnotes":""},"categories":[27,61],"tags":[],"class_list":["post-10013","post","type-post","status-publish","format-standard","has-post-thumbnail","hentry","category-actualitat","category-societat"],"blocksy_meta":[],"featured_image_urls_v2":{"full":["https:\/\/fundaciohospitalariesmartorell.org\/entre-tots\/wp-content\/uploads\/2024\/10\/WhatsApp-Image-2024-10-22-at-12.25.45.jpeg",1600,1200,false],"thumbnail":["https:\/\/fundaciohospitalariesmartorell.org\/entre-tots\/wp-content\/uploads\/2024\/10\/WhatsApp-Image-2024-10-22-at-12.25.45-150x150.jpeg",150,150,true],"medium":["https:\/\/fundaciohospitalariesmartorell.org\/entre-tots\/wp-content\/uploads\/2024\/10\/WhatsApp-Image-2024-10-22-at-12.25.45-300x225.jpeg",300,225,true],"medium_large":["https:\/\/fundaciohospitalariesmartorell.org\/entre-tots\/wp-content\/uploads\/2024\/10\/WhatsApp-Image-2024-10-22-at-12.25.45-768x576.jpeg",768,576,true],"large":["https:\/\/fundaciohospitalariesmartorell.org\/entre-tots\/wp-content\/uploads\/2024\/10\/WhatsApp-Image-2024-10-22-at-12.25.45-1024x768.jpeg",1024,768,true],"1536x1536":["https:\/\/fundaciohospitalariesmartorell.org\/entre-tots\/wp-content\/uploads\/2024\/10\/WhatsApp-Image-2024-10-22-at-12.25.45-1536x1152.jpeg",1536,1152,true],"2048x2048":["https:\/\/fundaciohospitalariesmartorell.org\/entre-tots\/wp-content\/uploads\/2024\/10\/WhatsApp-Image-2024-10-22-at-12.25.45.jpeg",1600,1200,false],"mailpoet_newsletter_max":["https:\/\/fundaciohospitalariesmartorell.org\/entre-tots\/wp-content\/uploads\/2024\/10\/WhatsApp-Image-2024-10-22-at-12.25.45-1320x990.jpeg",1320,990,true]},"post_excerpt_stackable_v2":"<p>L&#8217;Hospital Sagrat Cor s&#8217;ha consolidat en els darrers anys com un centre de refer\u00e8ncia al Baix Llobregat per al tractament i la rehabilitaci\u00f3 del dany cerebral adquirit (DCA), gr\u00e0cies a un equip multidisciplinari altament qualificat i a la incorporaci\u00f3 progressiva de tecnologies avan\u00e7ades. Aquesta combinaci\u00f3 permet millorar la qualitat de vida i els resultats de les persones afectades per aquesta greu patologia. Els darrers anys, l\u2019hospital ha experimentat un augment significatiu en el nombre de pacients atesos amb DCA, passant de 58 el 2018 a 106 el 2023. A m\u00e9s, s\u2019ha observat una difer\u00e8ncia de g\u00e8nere important, amb un 62%&hellip;<\/p>\n","category_list_v2":"<a href=\"https:\/\/fundaciohospitalariesmartorell.org\/entre-tots\/category\/actualitat\/\" rel=\"category tag\">ACTUALITAT<\/a>, <a href=\"https:\/\/fundaciohospitalariesmartorell.org\/entre-tots\/category\/actualitat\/societat\/\" rel=\"category tag\">SOCIETAT<\/a>","author_info_v2":{"name":"Alba Felip","url":"https:\/\/fundaciohospitalariesmartorell.org\/entre-tots\/author\/afelipr\/"},"comments_num_v2":"0 comments","_links":{"self":[{"href":"https:\/\/fundaciohospitalariesmartorell.org\/entre-tots\/wp-json\/wp\/v2\/posts\/10013","targetHints":{"allow":["GET"]}}],"collection":[{"href":"https:\/\/fundaciohospitalariesmartorell.org\/entre-tots\/wp-json\/wp\/v2\/posts"}],"about":[{"href":"https:\/\/fundaciohospitalariesmartorell.org\/entre-tots\/wp-json\/wp\/v2\/types\/post"}],"author":[{"embeddable":true,"href":"https:\/\/fundaciohospitalariesmartorell.org\/entre-tots\/wp-json\/wp\/v2\/users\/5"}],"replies":[{"embeddable":true,"href":"https:\/\/fundaciohospitalariesmartorell.org\/entre-tots\/wp-json\/wp\/v2\/comments?post=10013"}],"version-history":[{"count":3,"href":"https:\/\/fundaciohospitalariesmartorell.org\/entre-tots\/wp-json\/wp\/v2\/posts\/10013\/revisions"}],"predecessor-version":[{"id":10026,"href":"https:\/\/fundaciohospitalariesmartorell.org\/entre-tots\/wp-json\/wp\/v2\/posts\/10013\/revisions\/10026"}],"wp:featuredmedia":[{"embeddable":true,"href":"https:\/\/fundaciohospitalariesmartorell.org\/entre-tots\/wp-json\/wp\/v2\/media\/10014"}],"wp:attachment":[{"href":"https:\/\/fundaciohospitalariesmartorell.org\/entre-tots\/wp-json\/wp\/v2\/media?parent=10013"}],"wp:term":[{"taxonomy":"category","embeddable":true,"href":"https:\/\/fundaciohospitalariesmartorell.org\/entre-tots\/wp-json\/wp\/v2\/categories?post=10013"},{"taxonomy":"post_tag","embeddable":true,"href":"https:\/\/fundaciohospitalariesmartorell.org\/entre-tots\/wp-json\/wp\/v2\/tags?post=10013"}],"curies":[{"name":"wp","href":"https:\/\/api.w.org\/{rel}","templated":true}]}}