{"id":10034,"date":"2024-10-24T14:57:56","date_gmt":"2024-10-24T13:57:56","guid":{"rendered":"https:\/\/hospitalsagratcormartorell.org\/entre-tots\/?p=10034"},"modified":"2024-11-29T12:03:20","modified_gmt":"2024-11-29T11:03:20","slug":"exit-del-primer-lean-day-al-sagrat-cor-10-anys-dinnovacio-i-millora-continua","status":"publish","type":"post","link":"https:\/\/fundaciohospitalariesmartorell.org\/entre-tots\/2024\/10\/exit-del-primer-lean-day-al-sagrat-cor-10-anys-dinnovacio-i-millora-continua\/","title":{"rendered":"\u00c8xit del primer LEAN Day al Sagrat Cor: 10 anys d&#8217;innovaci\u00f3 i millora cont\u00ednua"},"content":{"rendered":"\n<figure class=\"wp-block-image size-large\"><img loading=\"lazy\" decoding=\"async\" width=\"1600\" height=\"900\" src=\"https:\/\/hospitalsagratcormartorell.org\/entre-tots\/wp-content\/uploads\/2024\/10\/WhatsApp-Image-2024-10-15-at-19.14.12-5-edited.jpeg\" alt=\"\" class=\"wp-image-10036\" srcset=\"https:\/\/fundaciohospitalariesmartorell.org\/entre-tots\/wp-content\/uploads\/2024\/10\/WhatsApp-Image-2024-10-15-at-19.14.12-5-edited.jpeg 1600w, https:\/\/fundaciohospitalariesmartorell.org\/entre-tots\/wp-content\/uploads\/2024\/10\/WhatsApp-Image-2024-10-15-at-19.14.12-5-edited-300x169.jpeg 300w, https:\/\/fundaciohospitalariesmartorell.org\/entre-tots\/wp-content\/uploads\/2024\/10\/WhatsApp-Image-2024-10-15-at-19.14.12-5-edited-1024x576.jpeg 1024w, https:\/\/fundaciohospitalariesmartorell.org\/entre-tots\/wp-content\/uploads\/2024\/10\/WhatsApp-Image-2024-10-15-at-19.14.12-5-edited-768x432.jpeg 768w, https:\/\/fundaciohospitalariesmartorell.org\/entre-tots\/wp-content\/uploads\/2024\/10\/WhatsApp-Image-2024-10-15-at-19.14.12-5-edited-1536x864.jpeg 1536w, https:\/\/fundaciohospitalariesmartorell.org\/entre-tots\/wp-content\/uploads\/2024\/10\/WhatsApp-Image-2024-10-15-at-19.14.12-5-edited-1320x743.jpeg 1320w\" sizes=\"auto, (max-width: 1600px) 100vw, 1600px\" \/><\/figure>\n\n\n\n<p>El passat 15 d&#8217;octubre es va celebrar al Hospital Sagrat Cor el <em>LEAN Day<\/em>, la primera jornada dedicada a posar en valor els 10 anys de formaci\u00f3 i treball utilitzant la <a href=\"https:\/\/hospitalsagratcormartorell.org\/entre-tots\/2024\/06\/una-decada-amb-lean-10-anys-apostant-per-guanyar-en-eficiencia-i-agilitat-en-la-gestio\/\" data-type=\"post\" data-id=\"9422\">metodologia <em>LEAN<\/em><\/a>. Aquesta metodologia es basa en l&#8217;estandarditzaci\u00f3 i avaluaci\u00f3 de processos per fer-los m\u00e9s eficients, reduir els errors i aportar valor tant als usuaris com als professionals. L&#8217;esdeveniment va ser una oportunitat per compartir i revisar els projectes m\u00e9s recents desenvolupats al nostre hospital durant els \u00faltims anys.<\/p>\n\n\n\n<p>Durant aquesta d\u00e8cada, sempre de la m\u00e0 de les germanes Fontcuberta, la Lalis i la Cristina, hem apr\u00e8s, rebut assessorament i adquirit les capacitats necess\u00e0ries per ser cada vegada m\u00e9s aut\u00f2noms en l&#8217;aplicaci\u00f3 de la metodologia <em>LEAN<\/em>. L&#8217;any 2022, el Sagrat Cor va fer una aposta per consolidar un equip propi d&#8217;experts en aquesta metodologia, amb l&#8217;objectiu de donar estructura i resposta a les necessitats de millora cont\u00ednua de l&#8217;hospital.<\/p>\n\n\n\n<div class=\"wp-block-getwid-images-slider has-arrows-inside has-dots-inside has-images-center has-cropped-images\"><div class=\"wp-block-getwid-images-slider__wrapper\" data-effect=\"slide\" data-slides-show=\"1\" data-slides-show-laptop=\"1\" data-slides-show-tablet=\"1\" data-slides-show-mobile=\"1\" data-slides-scroll=\"1\" data-autoplay=\"false\" data-pause-hover=\"false\" data-autoplay-speed=\"6000\" data-infinite=\"true\" data-animation-speed=\"800\" data-center-mode=\"false\" data-variable-width=\"false\" data-arrows=\"inside\" data-dots=\"inside\" data-spacing=\"none\"><div class=\"wp-block-getwid-images-slider__item\"><figure><img loading=\"lazy\" decoding=\"async\" width=\"1600\" height=\"1200\" src=\"https:\/\/hospitalsagratcormartorell.org\/entre-tots\/wp-content\/uploads\/2024\/10\/WhatsApp-Image-2024-10-15-at-19.14.11-2.jpeg\" data-id=\"10037\" data-link=\"https:\/\/hospitalsagratcormartorell.org\/entre-tots\/?attachment_id=10037\" data-original-link=\"https:\/\/hospitalsagratcormartorell.org\/entre-tots\/wp-content\/uploads\/2024\/10\/WhatsApp-Image-2024-10-15-at-19.14.11-2.jpeg\" class=\"wp-block-getwid-images-slider__image wp-image-10037\" srcset=\"https:\/\/fundaciohospitalariesmartorell.org\/entre-tots\/wp-content\/uploads\/2024\/10\/WhatsApp-Image-2024-10-15-at-19.14.11-2.jpeg 1600w, https:\/\/fundaciohospitalariesmartorell.org\/entre-tots\/wp-content\/uploads\/2024\/10\/WhatsApp-Image-2024-10-15-at-19.14.11-2-300x225.jpeg 300w, https:\/\/fundaciohospitalariesmartorell.org\/entre-tots\/wp-content\/uploads\/2024\/10\/WhatsApp-Image-2024-10-15-at-19.14.11-2-1024x768.jpeg 1024w, https:\/\/fundaciohospitalariesmartorell.org\/entre-tots\/wp-content\/uploads\/2024\/10\/WhatsApp-Image-2024-10-15-at-19.14.11-2-768x576.jpeg 768w, https:\/\/fundaciohospitalariesmartorell.org\/entre-tots\/wp-content\/uploads\/2024\/10\/WhatsApp-Image-2024-10-15-at-19.14.11-2-1536x1152.jpeg 1536w, https:\/\/fundaciohospitalariesmartorell.org\/entre-tots\/wp-content\/uploads\/2024\/10\/WhatsApp-Image-2024-10-15-at-19.14.11-2-1320x990.jpeg 1320w\" sizes=\"auto, (max-width: 1600px) 100vw, 1600px\" \/><\/figure><\/div><div class=\"wp-block-getwid-images-slider__item\"><figure><img loading=\"lazy\" decoding=\"async\" width=\"1600\" height=\"1200\" src=\"https:\/\/hospitalsagratcormartorell.org\/entre-tots\/wp-content\/uploads\/2024\/10\/WhatsApp-Image-2024-10-15-at-19.14.11.jpeg\" data-id=\"10038\" data-link=\"https:\/\/hospitalsagratcormartorell.org\/entre-tots\/?attachment_id=10038\" data-original-link=\"https:\/\/hospitalsagratcormartorell.org\/entre-tots\/wp-content\/uploads\/2024\/10\/WhatsApp-Image-2024-10-15-at-19.14.11.jpeg\" class=\"wp-block-getwid-images-slider__image wp-image-10038\" srcset=\"https:\/\/fundaciohospitalariesmartorell.org\/entre-tots\/wp-content\/uploads\/2024\/10\/WhatsApp-Image-2024-10-15-at-19.14.11.jpeg 1600w, https:\/\/fundaciohospitalariesmartorell.org\/entre-tots\/wp-content\/uploads\/2024\/10\/WhatsApp-Image-2024-10-15-at-19.14.11-300x225.jpeg 300w, https:\/\/fundaciohospitalariesmartorell.org\/entre-tots\/wp-content\/uploads\/2024\/10\/WhatsApp-Image-2024-10-15-at-19.14.11-1024x768.jpeg 1024w, https:\/\/fundaciohospitalariesmartorell.org\/entre-tots\/wp-content\/uploads\/2024\/10\/WhatsApp-Image-2024-10-15-at-19.14.11-768x576.jpeg 768w, https:\/\/fundaciohospitalariesmartorell.org\/entre-tots\/wp-content\/uploads\/2024\/10\/WhatsApp-Image-2024-10-15-at-19.14.11-1536x1152.jpeg 1536w, https:\/\/fundaciohospitalariesmartorell.org\/entre-tots\/wp-content\/uploads\/2024\/10\/WhatsApp-Image-2024-10-15-at-19.14.11-1320x990.jpeg 1320w\" sizes=\"auto, (max-width: 1600px) 100vw, 1600px\" \/><\/figure><\/div><div class=\"wp-block-getwid-images-slider__item\"><figure><img loading=\"lazy\" decoding=\"async\" width=\"1600\" height=\"1200\" src=\"https:\/\/hospitalsagratcormartorell.org\/entre-tots\/wp-content\/uploads\/2024\/10\/WhatsApp-Image-2024-10-15-at-19.14.12-1.jpeg\" data-id=\"10039\" data-link=\"https:\/\/hospitalsagratcormartorell.org\/entre-tots\/?attachment_id=10039\" data-original-link=\"https:\/\/hospitalsagratcormartorell.org\/entre-tots\/wp-content\/uploads\/2024\/10\/WhatsApp-Image-2024-10-15-at-19.14.12-1.jpeg\" class=\"wp-block-getwid-images-slider__image wp-image-10039\" srcset=\"https:\/\/fundaciohospitalariesmartorell.org\/entre-tots\/wp-content\/uploads\/2024\/10\/WhatsApp-Image-2024-10-15-at-19.14.12-1.jpeg 1600w, https:\/\/fundaciohospitalariesmartorell.org\/entre-tots\/wp-content\/uploads\/2024\/10\/WhatsApp-Image-2024-10-15-at-19.14.12-1-300x225.jpeg 300w, https:\/\/fundaciohospitalariesmartorell.org\/entre-tots\/wp-content\/uploads\/2024\/10\/WhatsApp-Image-2024-10-15-at-19.14.12-1-1024x768.jpeg 1024w, https:\/\/fundaciohospitalariesmartorell.org\/entre-tots\/wp-content\/uploads\/2024\/10\/WhatsApp-Image-2024-10-15-at-19.14.12-1-768x576.jpeg 768w, https:\/\/fundaciohospitalariesmartorell.org\/entre-tots\/wp-content\/uploads\/2024\/10\/WhatsApp-Image-2024-10-15-at-19.14.12-1-1536x1152.jpeg 1536w, https:\/\/fundaciohospitalariesmartorell.org\/entre-tots\/wp-content\/uploads\/2024\/10\/WhatsApp-Image-2024-10-15-at-19.14.12-1-1320x990.jpeg 1320w\" sizes=\"auto, (max-width: 1600px) 100vw, 1600px\" \/><\/figure><\/div><div class=\"wp-block-getwid-images-slider__item\"><figure><img loading=\"lazy\" decoding=\"async\" width=\"1600\" height=\"1200\" src=\"https:\/\/hospitalsagratcormartorell.org\/entre-tots\/wp-content\/uploads\/2024\/10\/WhatsApp-Image-2024-10-15-at-19.14.12-2.jpeg\" data-id=\"10040\" data-link=\"https:\/\/hospitalsagratcormartorell.org\/entre-tots\/?attachment_id=10040\" data-original-link=\"https:\/\/hospitalsagratcormartorell.org\/entre-tots\/wp-content\/uploads\/2024\/10\/WhatsApp-Image-2024-10-15-at-19.14.12-2.jpeg\" class=\"wp-block-getwid-images-slider__image wp-image-10040\" srcset=\"https:\/\/fundaciohospitalariesmartorell.org\/entre-tots\/wp-content\/uploads\/2024\/10\/WhatsApp-Image-2024-10-15-at-19.14.12-2.jpeg 1600w, https:\/\/fundaciohospitalariesmartorell.org\/entre-tots\/wp-content\/uploads\/2024\/10\/WhatsApp-Image-2024-10-15-at-19.14.12-2-300x225.jpeg 300w, https:\/\/fundaciohospitalariesmartorell.org\/entre-tots\/wp-content\/uploads\/2024\/10\/WhatsApp-Image-2024-10-15-at-19.14.12-2-1024x768.jpeg 1024w, https:\/\/fundaciohospitalariesmartorell.org\/entre-tots\/wp-content\/uploads\/2024\/10\/WhatsApp-Image-2024-10-15-at-19.14.12-2-768x576.jpeg 768w, https:\/\/fundaciohospitalariesmartorell.org\/entre-tots\/wp-content\/uploads\/2024\/10\/WhatsApp-Image-2024-10-15-at-19.14.12-2-1536x1152.jpeg 1536w, https:\/\/fundaciohospitalariesmartorell.org\/entre-tots\/wp-content\/uploads\/2024\/10\/WhatsApp-Image-2024-10-15-at-19.14.12-2-1320x990.jpeg 1320w\" sizes=\"auto, (max-width: 1600px) 100vw, 1600px\" \/><\/figure><\/div><div class=\"wp-block-getwid-images-slider__item\"><figure><img loading=\"lazy\" decoding=\"async\" width=\"1600\" height=\"1200\" src=\"https:\/\/hospitalsagratcormartorell.org\/entre-tots\/wp-content\/uploads\/2024\/10\/WhatsApp-Image-2024-10-15-at-19.14.12-3.jpeg\" data-id=\"10041\" data-link=\"https:\/\/hospitalsagratcormartorell.org\/entre-tots\/?attachment_id=10041\" data-original-link=\"https:\/\/hospitalsagratcormartorell.org\/entre-tots\/wp-content\/uploads\/2024\/10\/WhatsApp-Image-2024-10-15-at-19.14.12-3.jpeg\" class=\"wp-block-getwid-images-slider__image wp-image-10041\" srcset=\"https:\/\/fundaciohospitalariesmartorell.org\/entre-tots\/wp-content\/uploads\/2024\/10\/WhatsApp-Image-2024-10-15-at-19.14.12-3.jpeg 1600w, https:\/\/fundaciohospitalariesmartorell.org\/entre-tots\/wp-content\/uploads\/2024\/10\/WhatsApp-Image-2024-10-15-at-19.14.12-3-300x225.jpeg 300w, https:\/\/fundaciohospitalariesmartorell.org\/entre-tots\/wp-content\/uploads\/2024\/10\/WhatsApp-Image-2024-10-15-at-19.14.12-3-1024x768.jpeg 1024w, https:\/\/fundaciohospitalariesmartorell.org\/entre-tots\/wp-content\/uploads\/2024\/10\/WhatsApp-Image-2024-10-15-at-19.14.12-3-768x576.jpeg 768w, https:\/\/fundaciohospitalariesmartorell.org\/entre-tots\/wp-content\/uploads\/2024\/10\/WhatsApp-Image-2024-10-15-at-19.14.12-3-1536x1152.jpeg 1536w, https:\/\/fundaciohospitalariesmartorell.org\/entre-tots\/wp-content\/uploads\/2024\/10\/WhatsApp-Image-2024-10-15-at-19.14.12-3-1320x990.jpeg 1320w\" sizes=\"auto, (max-width: 1600px) 100vw, 1600px\" \/><\/figure><\/div><div class=\"wp-block-getwid-images-slider__item\"><figure><img loading=\"lazy\" decoding=\"async\" width=\"1600\" height=\"1200\" src=\"https:\/\/hospitalsagratcormartorell.org\/entre-tots\/wp-content\/uploads\/2024\/10\/WhatsApp-Image-2024-10-15-at-19.14.12-4.jpeg\" data-id=\"10042\" data-link=\"https:\/\/hospitalsagratcormartorell.org\/entre-tots\/?attachment_id=10042\" data-original-link=\"https:\/\/hospitalsagratcormartorell.org\/entre-tots\/wp-content\/uploads\/2024\/10\/WhatsApp-Image-2024-10-15-at-19.14.12-4.jpeg\" class=\"wp-block-getwid-images-slider__image wp-image-10042\" srcset=\"https:\/\/fundaciohospitalariesmartorell.org\/entre-tots\/wp-content\/uploads\/2024\/10\/WhatsApp-Image-2024-10-15-at-19.14.12-4.jpeg 1600w, https:\/\/fundaciohospitalariesmartorell.org\/entre-tots\/wp-content\/uploads\/2024\/10\/WhatsApp-Image-2024-10-15-at-19.14.12-4-300x225.jpeg 300w, https:\/\/fundaciohospitalariesmartorell.org\/entre-tots\/wp-content\/uploads\/2024\/10\/WhatsApp-Image-2024-10-15-at-19.14.12-4-1024x768.jpeg 1024w, https:\/\/fundaciohospitalariesmartorell.org\/entre-tots\/wp-content\/uploads\/2024\/10\/WhatsApp-Image-2024-10-15-at-19.14.12-4-768x576.jpeg 768w, https:\/\/fundaciohospitalariesmartorell.org\/entre-tots\/wp-content\/uploads\/2024\/10\/WhatsApp-Image-2024-10-15-at-19.14.12-4-1536x1152.jpeg 1536w, https:\/\/fundaciohospitalariesmartorell.org\/entre-tots\/wp-content\/uploads\/2024\/10\/WhatsApp-Image-2024-10-15-at-19.14.12-4-1320x990.jpeg 1320w\" sizes=\"auto, (max-width: 1600px) 100vw, 1600px\" \/><\/figure><\/div><div class=\"wp-block-getwid-images-slider__item\"><figure><img loading=\"lazy\" decoding=\"async\" width=\"1600\" height=\"900\" src=\"https:\/\/hospitalsagratcormartorell.org\/entre-tots\/wp-content\/uploads\/2024\/10\/WhatsApp-Image-2024-10-15-at-19.14.12-7.jpeg\" data-id=\"10043\" data-link=\"https:\/\/hospitalsagratcormartorell.org\/entre-tots\/?attachment_id=10043\" data-original-link=\"https:\/\/hospitalsagratcormartorell.org\/entre-tots\/wp-content\/uploads\/2024\/10\/WhatsApp-Image-2024-10-15-at-19.14.12-7.jpeg\" class=\"wp-block-getwid-images-slider__image wp-image-10043\" srcset=\"https:\/\/fundaciohospitalariesmartorell.org\/entre-tots\/wp-content\/uploads\/2024\/10\/WhatsApp-Image-2024-10-15-at-19.14.12-7.jpeg 1600w, https:\/\/fundaciohospitalariesmartorell.org\/entre-tots\/wp-content\/uploads\/2024\/10\/WhatsApp-Image-2024-10-15-at-19.14.12-7-300x169.jpeg 300w, https:\/\/fundaciohospitalariesmartorell.org\/entre-tots\/wp-content\/uploads\/2024\/10\/WhatsApp-Image-2024-10-15-at-19.14.12-7-1024x576.jpeg 1024w, https:\/\/fundaciohospitalariesmartorell.org\/entre-tots\/wp-content\/uploads\/2024\/10\/WhatsApp-Image-2024-10-15-at-19.14.12-7-768x432.jpeg 768w, https:\/\/fundaciohospitalariesmartorell.org\/entre-tots\/wp-content\/uploads\/2024\/10\/WhatsApp-Image-2024-10-15-at-19.14.12-7-1536x864.jpeg 1536w, https:\/\/fundaciohospitalariesmartorell.org\/entre-tots\/wp-content\/uploads\/2024\/10\/WhatsApp-Image-2024-10-15-at-19.14.12-7-1320x743.jpeg 1320w\" sizes=\"auto, (max-width: 1600px) 100vw, 1600px\" \/><\/figure><\/div><div class=\"wp-block-getwid-images-slider__item\"><figure><img loading=\"lazy\" decoding=\"async\" width=\"1600\" height=\"1200\" src=\"https:\/\/hospitalsagratcormartorell.org\/entre-tots\/wp-content\/uploads\/2024\/10\/WhatsApp-Image-2024-10-15-at-19.14.12-10.jpeg\" data-id=\"10044\" data-link=\"https:\/\/hospitalsagratcormartorell.org\/entre-tots\/?attachment_id=10044\" data-original-link=\"https:\/\/hospitalsagratcormartorell.org\/entre-tots\/wp-content\/uploads\/2024\/10\/WhatsApp-Image-2024-10-15-at-19.14.12-10.jpeg\" class=\"wp-block-getwid-images-slider__image wp-image-10044\" srcset=\"https:\/\/fundaciohospitalariesmartorell.org\/entre-tots\/wp-content\/uploads\/2024\/10\/WhatsApp-Image-2024-10-15-at-19.14.12-10.jpeg 1600w, https:\/\/fundaciohospitalariesmartorell.org\/entre-tots\/wp-content\/uploads\/2024\/10\/WhatsApp-Image-2024-10-15-at-19.14.12-10-300x225.jpeg 300w, https:\/\/fundaciohospitalariesmartorell.org\/entre-tots\/wp-content\/uploads\/2024\/10\/WhatsApp-Image-2024-10-15-at-19.14.12-10-1024x768.jpeg 1024w, https:\/\/fundaciohospitalariesmartorell.org\/entre-tots\/wp-content\/uploads\/2024\/10\/WhatsApp-Image-2024-10-15-at-19.14.12-10-768x576.jpeg 768w, https:\/\/fundaciohospitalariesmartorell.org\/entre-tots\/wp-content\/uploads\/2024\/10\/WhatsApp-Image-2024-10-15-at-19.14.12-10-1536x1152.jpeg 1536w, https:\/\/fundaciohospitalariesmartorell.org\/entre-tots\/wp-content\/uploads\/2024\/10\/WhatsApp-Image-2024-10-15-at-19.14.12-10-1320x990.jpeg 1320w\" sizes=\"auto, (max-width: 1600px) 100vw, 1600px\" \/><\/figure><\/div><div class=\"wp-block-getwid-images-slider__item\"><figure><img loading=\"lazy\" decoding=\"async\" width=\"1600\" height=\"1200\" src=\"https:\/\/hospitalsagratcormartorell.org\/entre-tots\/wp-content\/uploads\/2024\/10\/WhatsApp-Image-2024-10-15-at-19.14.13-1.jpeg\" data-id=\"10045\" data-link=\"https:\/\/hospitalsagratcormartorell.org\/entre-tots\/?attachment_id=10045\" data-original-link=\"https:\/\/hospitalsagratcormartorell.org\/entre-tots\/wp-content\/uploads\/2024\/10\/WhatsApp-Image-2024-10-15-at-19.14.13-1.jpeg\" class=\"wp-block-getwid-images-slider__image wp-image-10045\" srcset=\"https:\/\/fundaciohospitalariesmartorell.org\/entre-tots\/wp-content\/uploads\/2024\/10\/WhatsApp-Image-2024-10-15-at-19.14.13-1.jpeg 1600w, https:\/\/fundaciohospitalariesmartorell.org\/entre-tots\/wp-content\/uploads\/2024\/10\/WhatsApp-Image-2024-10-15-at-19.14.13-1-300x225.jpeg 300w, https:\/\/fundaciohospitalariesmartorell.org\/entre-tots\/wp-content\/uploads\/2024\/10\/WhatsApp-Image-2024-10-15-at-19.14.13-1-1024x768.jpeg 1024w, https:\/\/fundaciohospitalariesmartorell.org\/entre-tots\/wp-content\/uploads\/2024\/10\/WhatsApp-Image-2024-10-15-at-19.14.13-1-768x576.jpeg 768w, https:\/\/fundaciohospitalariesmartorell.org\/entre-tots\/wp-content\/uploads\/2024\/10\/WhatsApp-Image-2024-10-15-at-19.14.13-1-1536x1152.jpeg 1536w, https:\/\/fundaciohospitalariesmartorell.org\/entre-tots\/wp-content\/uploads\/2024\/10\/WhatsApp-Image-2024-10-15-at-19.14.13-1-1320x990.jpeg 1320w\" sizes=\"auto, (max-width: 1600px) 100vw, 1600px\" \/><\/figure><\/div><\/div><\/div>\n\n\n\n<p>En el transcurs de la jornada, l&#8217;<a href=\"https:\/\/hospitalsagratcormartorell.org\/entre-tots\/2024\/06\/una-decada-amb-lean-10-anys-apostant-per-guanyar-en-eficiencia-i-agilitat-en-la-gestio\/\" data-type=\"post\" data-id=\"9422\">Equip\u00a0LEAN<\/a>\u00a0va presentar els seg\u00fcents projectes en els quals s&#8217;ha treballat:<\/p>\n\n\n\n<ul class=\"wp-block-list\">\n<li>A3: Pacients no identificats al centre.<\/li>\n\n\n\n<li>A3: Errors de registre al servei de Rehabilitaci\u00f3.<\/li>\n\n\n\n<li>A3: Exist\u00e8ncia de molts processos manuals i burocr\u00e0tics.<\/li>\n\n\n\n<li>A3: Manca d&#8217;estandarditzaci\u00f3 cl\u00ednica del proc\u00e9s de pacients TEA al CSMIJ.<\/li>\n\n\n\n<li>A3: Creaci\u00f3 d&#8217;un proc\u00e9s de suport farmacol\u00f2gic per pacients amb TDAH, transversal amb atenci\u00f3 prim\u00e0ria.<\/li>\n\n\n\n<li>A3: Poca efici\u00e8ncia en el circuit global de gesti\u00f3 de trucades de l&#8217;hospital.<\/li>\n<\/ul>\n\n\n\n<p>Durant la jornada, tamb\u00e9 es van organitzar grups de treball entre les persones assistents per avaluar noves propostes de millora on aplicar aquesta metodologia.<\/p>\n\n\n\n<p>D&#8217;aquests grups es van recollir les seg\u00fcents aportacions:<\/p>\n\n\n\n<p><strong>\u00c0mbit comunitari:<\/strong><\/p>\n\n\n\n<ul class=\"wp-block-list\">\n<li>An\u00e0lisi de l&#8217;adequaci\u00f3 dels temps dedicats a les visites al CSMA (Centre de Salut Mental d&#8217;Adults) i de la seva freq\u00fc\u00e8ncia. Es va proposar recuperar el projecte d'&#8221;Intensificaci\u00f3 terap\u00e8utica&#8221;, treballat anteriorment amb els equips de Vilafranca, Berga i Martorell, entre d&#8217;altres.<\/li>\n\n\n\n<li>Agilitzar el proc\u00e9s de sol\u00b7licitud i recollida de necessitats formatives anuals, actualment gestionat amb el sistema META4, que es considera for\u00e7a farrag\u00f3s.<\/li>\n\n\n\n<li>Millorar l&#8217;acc\u00e9s a la informaci\u00f3 disponible a la Intranet.<\/li>\n\n\n\n<li><em>SAVAC<\/em>: Avaluar i millorar alguns processos assistencials digitals per reduir el nombre de &#8220;clics&#8221; i fer-los m\u00e9s accessibles i eficients.<\/li>\n<\/ul>\n\n\n\n<p><strong>\u00c0mbit hospitalari:<\/strong><\/p>\n\n\n\n<ul class=\"wp-block-list\">\n<li>Dissenyar una unitat de portes obertes.<\/li>\n\n\n\n<li>Millorar la gesti\u00f3 dels fluxos d&#8217;usuaris de salut mental a la cafeteria.<\/li>\n\n\n\n<li>Estandarditzar els protocols de treball d&#8217;infermeria (PTIs) i els residents de psicologia (PIRs).<\/li>\n\n\n\n<li>Optimitzar els circuits de medicaci\u00f3, de manera transversal entre les plantes i la farm\u00e0cia.<\/li>\n<\/ul>\n\n\n\n<p>El <em>feedback<\/em> de les persones assistents va ser molt positiu. Tant de bo aquest sigui el primer <em>LEAN Day<\/em> de molts m\u00e9s.<\/p>\n","protected":false},"excerpt":{"rendered":"<p>El passat 15 d&#8217;octubre es va celebrar al Hospital Sagrat Cor el LEAN Day, la primera jornada dedicada a posar en valor els 10 anys de formaci\u00f3 i treball utilitzant la metodologia LEAN. Aquesta metodologia es basa en l&#8217;estandarditzaci\u00f3 i avaluaci\u00f3 de processos per fer-los m\u00e9s eficients, reduir els errors i aportar valor tant als [&hellip;]<\/p>\n","protected":false},"author":5,"featured_media":10044,"comment_status":"closed","ping_status":"closed","sticky":false,"template":"","format":"standard","meta":{"footnotes":""},"categories":[27,56],"tags":[],"class_list":["post-10034","post","type-post","status-publish","format-standard","has-post-thumbnail","hentry","category-actualitat","category-bon-govern"],"blocksy_meta":[],"featured_image_urls_v2":{"full":["https:\/\/fundaciohospitalariesmartorell.org\/entre-tots\/wp-content\/uploads\/2024\/10\/WhatsApp-Image-2024-10-15-at-19.14.12-10.jpeg",1600,1200,false],"thumbnail":["https:\/\/fundaciohospitalariesmartorell.org\/entre-tots\/wp-content\/uploads\/2024\/10\/WhatsApp-Image-2024-10-15-at-19.14.12-10-150x150.jpeg",150,150,true],"medium":["https:\/\/fundaciohospitalariesmartorell.org\/entre-tots\/wp-content\/uploads\/2024\/10\/WhatsApp-Image-2024-10-15-at-19.14.12-10-300x225.jpeg",300,225,true],"medium_large":["https:\/\/fundaciohospitalariesmartorell.org\/entre-tots\/wp-content\/uploads\/2024\/10\/WhatsApp-Image-2024-10-15-at-19.14.12-10-768x576.jpeg",768,576,true],"large":["https:\/\/fundaciohospitalariesmartorell.org\/entre-tots\/wp-content\/uploads\/2024\/10\/WhatsApp-Image-2024-10-15-at-19.14.12-10-1024x768.jpeg",1024,768,true],"1536x1536":["https:\/\/fundaciohospitalariesmartorell.org\/entre-tots\/wp-content\/uploads\/2024\/10\/WhatsApp-Image-2024-10-15-at-19.14.12-10-1536x1152.jpeg",1536,1152,true],"2048x2048":["https:\/\/fundaciohospitalariesmartorell.org\/entre-tots\/wp-content\/uploads\/2024\/10\/WhatsApp-Image-2024-10-15-at-19.14.12-10.jpeg",1600,1200,false],"mailpoet_newsletter_max":["https:\/\/fundaciohospitalariesmartorell.org\/entre-tots\/wp-content\/uploads\/2024\/10\/WhatsApp-Image-2024-10-15-at-19.14.12-10-1320x990.jpeg",1320,990,true]},"post_excerpt_stackable_v2":"<p>El passat 15 d&#8217;octubre es va celebrar al Hospital Sagrat Cor el LEAN Day, la primera jornada dedicada a posar en valor els 10 anys de formaci\u00f3 i treball utilitzant la metodologia LEAN. Aquesta metodologia es basa en l&#8217;estandarditzaci\u00f3 i avaluaci\u00f3 de processos per fer-los m\u00e9s eficients, reduir els errors i aportar valor tant als usuaris com als professionals. L&#8217;esdeveniment va ser una oportunitat per compartir i revisar els projectes m\u00e9s recents desenvolupats al nostre hospital durant els \u00faltims anys. Durant aquesta d\u00e8cada, sempre de la m\u00e0 de les germanes Fontcuberta, la Lalis i la Cristina, hem apr\u00e8s, rebut assessorament&hellip;<\/p>\n","category_list_v2":"<a href=\"https:\/\/fundaciohospitalariesmartorell.org\/entre-tots\/category\/actualitat\/\" rel=\"category tag\">ACTUALITAT<\/a>, <a href=\"https:\/\/fundaciohospitalariesmartorell.org\/entre-tots\/category\/actualitat\/bon-govern\/\" rel=\"category tag\">BON GOVERN<\/a>","author_info_v2":{"name":"Alba Felip","url":"https:\/\/fundaciohospitalariesmartorell.org\/entre-tots\/author\/afelipr\/"},"comments_num_v2":"0 comments","_links":{"self":[{"href":"https:\/\/fundaciohospitalariesmartorell.org\/entre-tots\/wp-json\/wp\/v2\/posts\/10034","targetHints":{"allow":["GET"]}}],"collection":[{"href":"https:\/\/fundaciohospitalariesmartorell.org\/entre-tots\/wp-json\/wp\/v2\/posts"}],"about":[{"href":"https:\/\/fundaciohospitalariesmartorell.org\/entre-tots\/wp-json\/wp\/v2\/types\/post"}],"author":[{"embeddable":true,"href":"https:\/\/fundaciohospitalariesmartorell.org\/entre-tots\/wp-json\/wp\/v2\/users\/5"}],"replies":[{"embeddable":true,"href":"https:\/\/fundaciohospitalariesmartorell.org\/entre-tots\/wp-json\/wp\/v2\/comments?post=10034"}],"version-history":[{"count":1,"href":"https:\/\/fundaciohospitalariesmartorell.org\/entre-tots\/wp-json\/wp\/v2\/posts\/10034\/revisions"}],"predecessor-version":[{"id":10046,"href":"https:\/\/fundaciohospitalariesmartorell.org\/entre-tots\/wp-json\/wp\/v2\/posts\/10034\/revisions\/10046"}],"wp:featuredmedia":[{"embeddable":true,"href":"https:\/\/fundaciohospitalariesmartorell.org\/entre-tots\/wp-json\/wp\/v2\/media\/10044"}],"wp:attachment":[{"href":"https:\/\/fundaciohospitalariesmartorell.org\/entre-tots\/wp-json\/wp\/v2\/media?parent=10034"}],"wp:term":[{"taxonomy":"category","embeddable":true,"href":"https:\/\/fundaciohospitalariesmartorell.org\/entre-tots\/wp-json\/wp\/v2\/categories?post=10034"},{"taxonomy":"post_tag","embeddable":true,"href":"https:\/\/fundaciohospitalariesmartorell.org\/entre-tots\/wp-json\/wp\/v2\/tags?post=10034"}],"curies":[{"name":"wp","href":"https:\/\/api.w.org\/{rel}","templated":true}]}}