{"id":10061,"date":"2024-10-28T11:54:39","date_gmt":"2024-10-28T10:54:39","guid":{"rendered":"https:\/\/hospitalsagratcormartorell.org\/entre-tots\/?p=10061"},"modified":"2024-11-29T12:03:09","modified_gmt":"2024-11-29T11:03:09","slug":"la-ii-jornada-datencio-primaria-i-salut-mental-de-martorell-impulsa-la-collaboracio-per-a-una-atencio-mes-integral-i-eficac","status":"publish","type":"post","link":"https:\/\/fundaciohospitalariesmartorell.org\/entre-tots\/2024\/10\/la-ii-jornada-datencio-primaria-i-salut-mental-de-martorell-impulsa-la-collaboracio-per-a-una-atencio-mes-integral-i-eficac\/","title":{"rendered":"La II Jornada d\u2019Atenci\u00f3 Prim\u00e0ria i Salut Mental de Martorell impulsa la col.laboraci\u00f3 per a una atenci\u00f3 m\u00e9s integral i efica\u00e7"},"content":{"rendered":"\n<p><strong><em>La trobada, amb la participaci\u00f3 de m\u00e9s de 50 professionals, va destacar la import\u00e0ncia del treball conjunt en el Model Esglaonat d&#8217;Atenci\u00f3 i el paper clau del Referent de Benestar Emocional i Comunitari<\/em><\/strong><\/p>\n\n\n\n<figure class=\"wp-block-image size-large\"><img loading=\"lazy\" decoding=\"async\" width=\"1024\" height=\"531\" src=\"https:\/\/hospitalsagratcormartorell.org\/entre-tots\/wp-content\/uploads\/2024\/10\/WhatsApp-Image-2024-10-25-at-13.07.43-1024x531.jpg\" alt=\"\" class=\"wp-image-10064\" srcset=\"https:\/\/fundaciohospitalariesmartorell.org\/entre-tots\/wp-content\/uploads\/2024\/10\/WhatsApp-Image-2024-10-25-at-13.07.43-1024x531.jpg 1024w, https:\/\/fundaciohospitalariesmartorell.org\/entre-tots\/wp-content\/uploads\/2024\/10\/WhatsApp-Image-2024-10-25-at-13.07.43-300x155.jpg 300w, https:\/\/fundaciohospitalariesmartorell.org\/entre-tots\/wp-content\/uploads\/2024\/10\/WhatsApp-Image-2024-10-25-at-13.07.43-768x398.jpg 768w, https:\/\/fundaciohospitalariesmartorell.org\/entre-tots\/wp-content\/uploads\/2024\/10\/WhatsApp-Image-2024-10-25-at-13.07.43-1536x796.jpg 1536w, https:\/\/fundaciohospitalariesmartorell.org\/entre-tots\/wp-content\/uploads\/2024\/10\/WhatsApp-Image-2024-10-25-at-13.07.43-1320x684.jpg 1320w, https:\/\/fundaciohospitalariesmartorell.org\/entre-tots\/wp-content\/uploads\/2024\/10\/WhatsApp-Image-2024-10-25-at-13.07.43.jpg 1600w\" sizes=\"auto, (max-width: 1024px) 100vw, 1024px\" \/><\/figure>\n\n\n\n<p>El Centre Cultural de Martorell va acollir el passat divendres 25 d\u2019octubre la II Jornada d\u2019Atenci\u00f3 Prim\u00e0ria (AP) i Salut Mental (SM) del Baix Llobregat Nord, una trobada que va reunir una cinquantena de professionals d\u2019ambd\u00f3s sectors. La jornada, centrada en l\u2019aprenentatge i l\u2019intercanvi de coneixements, va estar liderada pel Dr. Fernando Boatas, Coordinador dels Serveis de Salut Mental Comunitaris d&#8217;Adults de Martorell, i la Dra. Carmen Jim\u00e9nez, Directora de l&#8217;EAP Martorell Urb\u00e0.<\/p>\n\n\n\n<p>El Comit\u00e8 Organitzador va dissenyar una jornada participativa, on els grups de treball van poder aprofundir en els temes m\u00e9s rellevants del programa col\u00b7laboratiu entre Atenci\u00f3 Prim\u00e0ria i Salut Mental. Aix\u00ed mateix, es va posar especial atenci\u00f3 al Model Esglaonat d\u2019Atenci\u00f3 dins el PCP (Programa Col\u00b7laboratiu), que permet una gesti\u00f3 personalitzada en funci\u00f3 de la gravetat i complexitat de cada cas, amb nivells assistencials adaptats i procediments terap\u00e8utics espec\u00edfics. Aix\u00f2 inclou la promoci\u00f3 de la salut mental, la prevenci\u00f3 de trastorns en poblacions de risc, la detecci\u00f3 preco\u00e7 i l\u2019optimitzaci\u00f3 del diagn\u00f2stic i tractament per millorar els resultats en els pacients.<\/p>\n\n\n\n<figure class=\"wp-block-image size-large\"><img loading=\"lazy\" decoding=\"async\" width=\"1460\" height=\"821\" src=\"https:\/\/hospitalsagratcormartorell.org\/entre-tots\/wp-content\/uploads\/2024\/10\/WhatsApp-Image-2024-10-25-at-13.07.42-edited.jpg\" alt=\"\" class=\"wp-image-10066\" srcset=\"https:\/\/fundaciohospitalariesmartorell.org\/entre-tots\/wp-content\/uploads\/2024\/10\/WhatsApp-Image-2024-10-25-at-13.07.42-edited.jpg 1460w, https:\/\/fundaciohospitalariesmartorell.org\/entre-tots\/wp-content\/uploads\/2024\/10\/WhatsApp-Image-2024-10-25-at-13.07.42-edited-300x169.jpg 300w, https:\/\/fundaciohospitalariesmartorell.org\/entre-tots\/wp-content\/uploads\/2024\/10\/WhatsApp-Image-2024-10-25-at-13.07.42-edited-1024x576.jpg 1024w, https:\/\/fundaciohospitalariesmartorell.org\/entre-tots\/wp-content\/uploads\/2024\/10\/WhatsApp-Image-2024-10-25-at-13.07.42-edited-768x432.jpg 768w, https:\/\/fundaciohospitalariesmartorell.org\/entre-tots\/wp-content\/uploads\/2024\/10\/WhatsApp-Image-2024-10-25-at-13.07.42-edited-1320x742.jpg 1320w\" sizes=\"auto, (max-width: 1460px) 100vw, 1460px\" \/><\/figure>\n\n\n\n<p>A m\u00e9s, es va posar en relleu la figura del Referent de Benestar Emocional i Comunitari (RBEC), un perfil professional clau per abordar el malestar emocional i detectar situacions de risc o signes d\u2019alerta de patiment o reaccions adaptatives, potenciant el treball conjunt entre els equips d&#8217;AP i SM.<\/p>\n\n\n\n<p>La jornada, organitzada en col\u00b7laboraci\u00f3 entre el CSMIJ, el CSMA de Martorell, ambd\u00f3s de l&#8217;Hospital Sagrat Cor de Germanes Hospital\u00e0ries, i els Equips d&#8217;Atenci\u00f3 Prim\u00e0ria del Baix Llobregat Nord, va posar en evid\u00e8ncia la import\u00e0ncia del treball conjunt i el fet de compartir d\u2019experi\u00e8ncies com a element clau per a l\u2019aven\u00e7 i millora de l\u2019atenci\u00f3 integral i de qualitat a les persones.<\/p>\n","protected":false},"excerpt":{"rendered":"<p>La trobada, amb la participaci\u00f3 de m\u00e9s de 50 professionals, va destacar la import\u00e0ncia del treball conjunt en el Model Esglaonat d&#8217;Atenci\u00f3 i el paper clau del Referent de Benestar Emocional i Comunitari El Centre Cultural de Martorell va acollir el passat divendres 25 d\u2019octubre la II Jornada d\u2019Atenci\u00f3 Prim\u00e0ria (AP) i Salut Mental (SM) [&hellip;]<\/p>\n","protected":false},"author":5,"featured_media":10062,"comment_status":"closed","ping_status":"closed","sticky":false,"template":"","format":"standard","meta":{"footnotes":""},"categories":[27,58,59],"tags":[],"class_list":["post-10061","post","type-post","status-publish","format-standard","has-post-thumbnail","hentry","category-actualitat","category-collaboradors-es","category-proveidors-es"],"blocksy_meta":[],"featured_image_urls_v2":{"full":["https:\/\/fundaciohospitalariesmartorell.org\/entre-tots\/wp-content\/uploads\/2024\/10\/WhatsApp-Image-2024-10-25-at-13.07.41.jpg",1365,894,false],"thumbnail":["https:\/\/fundaciohospitalariesmartorell.org\/entre-tots\/wp-content\/uploads\/2024\/10\/WhatsApp-Image-2024-10-25-at-13.07.41-150x150.jpg",150,150,true],"medium":["https:\/\/fundaciohospitalariesmartorell.org\/entre-tots\/wp-content\/uploads\/2024\/10\/WhatsApp-Image-2024-10-25-at-13.07.41-300x196.jpg",300,196,true],"medium_large":["https:\/\/fundaciohospitalariesmartorell.org\/entre-tots\/wp-content\/uploads\/2024\/10\/WhatsApp-Image-2024-10-25-at-13.07.41-768x503.jpg",768,503,true],"large":["https:\/\/fundaciohospitalariesmartorell.org\/entre-tots\/wp-content\/uploads\/2024\/10\/WhatsApp-Image-2024-10-25-at-13.07.41-1024x671.jpg",1024,671,true],"1536x1536":["https:\/\/fundaciohospitalariesmartorell.org\/entre-tots\/wp-content\/uploads\/2024\/10\/WhatsApp-Image-2024-10-25-at-13.07.41.jpg",1365,894,false],"2048x2048":["https:\/\/fundaciohospitalariesmartorell.org\/entre-tots\/wp-content\/uploads\/2024\/10\/WhatsApp-Image-2024-10-25-at-13.07.41.jpg",1365,894,false],"mailpoet_newsletter_max":["https:\/\/fundaciohospitalariesmartorell.org\/entre-tots\/wp-content\/uploads\/2024\/10\/WhatsApp-Image-2024-10-25-at-13.07.41-1320x865.jpg",1320,865,true]},"post_excerpt_stackable_v2":"<p>La trobada, amb la participaci\u00f3 de m\u00e9s de 50 professionals, va destacar la import\u00e0ncia del treball conjunt en el Model Esglaonat d&#8217;Atenci\u00f3 i el paper clau del Referent de Benestar Emocional i Comunitari El Centre Cultural de Martorell va acollir el passat divendres 25 d\u2019octubre la II Jornada d\u2019Atenci\u00f3 Prim\u00e0ria (AP) i Salut Mental (SM) del Baix Llobregat Nord, una trobada que va reunir una cinquantena de professionals d\u2019ambd\u00f3s sectors. La jornada, centrada en l\u2019aprenentatge i l\u2019intercanvi de coneixements, va estar liderada pel Dr. Fernando Boatas, Coordinador dels Serveis de Salut Mental Comunitaris d&#8217;Adults de Martorell, i la Dra. Carmen&hellip;<\/p>\n","category_list_v2":"<a href=\"https:\/\/fundaciohospitalariesmartorell.org\/entre-tots\/category\/actualitat\/\" rel=\"category tag\">ACTUALITAT<\/a>, <a href=\"https:\/\/fundaciohospitalariesmartorell.org\/entre-tots\/category\/actualitat\/col%c2%b7laboradors-es\/\" rel=\"category tag\">COL\u00b7LABORADORS\/ES<\/a>, <a href=\"https:\/\/fundaciohospitalariesmartorell.org\/entre-tots\/category\/actualitat\/proveidors-es\/\" rel=\"category tag\">PROVE\u00cfDORS\/ES<\/a>","author_info_v2":{"name":"Alba Felip","url":"https:\/\/fundaciohospitalariesmartorell.org\/entre-tots\/author\/afelipr\/"},"comments_num_v2":"0 comments","_links":{"self":[{"href":"https:\/\/fundaciohospitalariesmartorell.org\/entre-tots\/wp-json\/wp\/v2\/posts\/10061","targetHints":{"allow":["GET"]}}],"collection":[{"href":"https:\/\/fundaciohospitalariesmartorell.org\/entre-tots\/wp-json\/wp\/v2\/posts"}],"about":[{"href":"https:\/\/fundaciohospitalariesmartorell.org\/entre-tots\/wp-json\/wp\/v2\/types\/post"}],"author":[{"embeddable":true,"href":"https:\/\/fundaciohospitalariesmartorell.org\/entre-tots\/wp-json\/wp\/v2\/users\/5"}],"replies":[{"embeddable":true,"href":"https:\/\/fundaciohospitalariesmartorell.org\/entre-tots\/wp-json\/wp\/v2\/comments?post=10061"}],"version-history":[{"count":3,"href":"https:\/\/fundaciohospitalariesmartorell.org\/entre-tots\/wp-json\/wp\/v2\/posts\/10061\/revisions"}],"predecessor-version":[{"id":10069,"href":"https:\/\/fundaciohospitalariesmartorell.org\/entre-tots\/wp-json\/wp\/v2\/posts\/10061\/revisions\/10069"}],"wp:featuredmedia":[{"embeddable":true,"href":"https:\/\/fundaciohospitalariesmartorell.org\/entre-tots\/wp-json\/wp\/v2\/media\/10062"}],"wp:attachment":[{"href":"https:\/\/fundaciohospitalariesmartorell.org\/entre-tots\/wp-json\/wp\/v2\/media?parent=10061"}],"wp:term":[{"taxonomy":"category","embeddable":true,"href":"https:\/\/fundaciohospitalariesmartorell.org\/entre-tots\/wp-json\/wp\/v2\/categories?post=10061"},{"taxonomy":"post_tag","embeddable":true,"href":"https:\/\/fundaciohospitalariesmartorell.org\/entre-tots\/wp-json\/wp\/v2\/tags?post=10061"}],"curies":[{"name":"wp","href":"https:\/\/api.w.org\/{rel}","templated":true}]}}