{"id":10070,"date":"2024-10-29T10:00:11","date_gmt":"2024-10-29T09:00:11","guid":{"rendered":"https:\/\/hospitalsagratcormartorell.org\/entre-tots\/?p=10070"},"modified":"2024-11-29T12:02:52","modified_gmt":"2024-11-29T11:02:52","slug":"lhospital-sagrat-cor-aconsegueix-que-entre-el-60-i-el-75-dels-pacients-amb-ictus-caminin-de-manera-autonoma-en-6-mesos","status":"publish","type":"post","link":"https:\/\/fundaciohospitalariesmartorell.org\/entre-tots\/2024\/10\/lhospital-sagrat-cor-aconsegueix-que-entre-el-60-i-el-75-dels-pacients-amb-ictus-caminin-de-manera-autonoma-en-6-mesos\/","title":{"rendered":"L\u2019Hospital Sagrat Cor aconsegueix que entre el 60% i el 75% dels pacients amb ictus caminin de manera aut\u00f2noma en 6 mesos"},"content":{"rendered":"\n<figure class=\"wp-block-image size-large\"><img loading=\"lazy\" decoding=\"async\" width=\"2560\" height=\"1440\" src=\"https:\/\/hospitalsagratcormartorell.org\/entre-tots\/wp-content\/uploads\/2024\/10\/1729755966276-edited-scaled.jpg\" alt=\"\" class=\"wp-image-10073\" srcset=\"https:\/\/fundaciohospitalariesmartorell.org\/entre-tots\/wp-content\/uploads\/2024\/10\/1729755966276-edited-scaled.jpg 2560w, https:\/\/fundaciohospitalariesmartorell.org\/entre-tots\/wp-content\/uploads\/2024\/10\/1729755966276-edited-300x169.jpg 300w, https:\/\/fundaciohospitalariesmartorell.org\/entre-tots\/wp-content\/uploads\/2024\/10\/1729755966276-edited-1024x576.jpg 1024w, https:\/\/fundaciohospitalariesmartorell.org\/entre-tots\/wp-content\/uploads\/2024\/10\/1729755966276-edited-768x432.jpg 768w, https:\/\/fundaciohospitalariesmartorell.org\/entre-tots\/wp-content\/uploads\/2024\/10\/1729755966276-edited-1536x864.jpg 1536w, https:\/\/fundaciohospitalariesmartorell.org\/entre-tots\/wp-content\/uploads\/2024\/10\/1729755966276-edited-2048x1152.jpg 2048w, https:\/\/fundaciohospitalariesmartorell.org\/entre-tots\/wp-content\/uploads\/2024\/10\/1729755966276-edited-1320x743.jpg 1320w\" sizes=\"auto, (max-width: 2560px) 100vw, 2560px\" \/><\/figure>\n\n\n\n<p>L&#8217;ictus \u00e9s una malaltia greu causada per una alteraci\u00f3 sobtada de la circulaci\u00f3 sangu\u00ednia al cervell, que pot produir-se per l\u2019obstrucci\u00f3 d\u2019una art\u00e8ria (ictus isqu\u00e8mic) o la ruptura d\u2019un vas sanguini (ictus hemorr\u00e0gic). Aquesta interrupci\u00f3 impedeix que la sang arribi a determinades zones del cervell, afectant-ne les funcions de manera temporal o permanent. Cada any a Catalunya, m\u00e9s de 13.000 persones pateixen un ictus, i la malaltia provoca prop de 4.000 defuncions. Afortunadament, es calcula que un 90% dels casos d\u2019ictus es podrien prevenir mitjan\u00e7ant el control de factors relacionats amb l\u2019estil de vida, com ara el tabaquisme, l\u2019alimentaci\u00f3 i l\u2019activitat f\u00edsica.<\/p>\n\n\n\n<p>L\u2019Hospital Sagrat Cor, centre de refer\u00e8ncia al Baix Llobregat en la rehabilitaci\u00f3 de persones amb ictus, ha experimentat un augment notable en el nombre de pacients atesos per aquesta afecci\u00f3. Si el 2018 es van tractar 56 persones amb ictus, el 2023 aquesta xifra va arribar a 89. Aquest increment no nom\u00e9s reflecteix el creixement de casos en la poblaci\u00f3, sin\u00f3 tamb\u00e9 la capacitat del centre per adaptar-se a les necessitats creixents i per millorar la qualitat de l\u2019atenci\u00f3 que ofereix.<\/p>\n\n\n\n<p>Els s\u00edmptomes d&#8217;un ictus poden apar\u00e8ixer de manera sobtada i ser molt variats, per aix\u00f2 \u00e9s crucial recon\u00e8ixer-los r\u00e0pidament per poder actuar amb la m\u00e0xima celeritat. <\/p>\n\n\n\n<ul class=\"wp-block-list\">\n<li><strong>P\u00e8rdua de for\u00e7a en un costat del cos<\/strong>: pot afectar la cara, el bra\u00e7 o la cama; dificultat per aixecar el bra\u00e7 o la cama, o que una part de la cara caigui, especialment quan intenta somriure.<\/li>\n\n\n\n<li><strong>Alteraci\u00f3 brusca de la visi\u00f3<\/strong>: pot incloure p\u00e8rdua de visi\u00f3 en un ull, dificultats per veure clarament en un costat del camp visual, visi\u00f3 doble o incapacitat per percebre objectes en determinades zones del camp de visi\u00f3.<\/li>\n\n\n\n<li><strong>Dificultat per parlar o comprendre el llenguatge<\/strong>: problemes per articular paraules amb claredat o per entendre el que es diu, provocant sovint molta confusi\u00f3.<\/li>\n\n\n\n<li><strong>P\u00e8rdua de sensibilitat en un costat del cos<\/strong>: afecta la cara, el bra\u00e7 o la cama, i pot dificultar activitats com caminar o sostenir objectes.<\/li>\n\n\n\n<li><strong>Inestabilitat o p\u00e8rdua d\u2019equilibri<\/strong>: dificultat per caminar amb normalitat o mantenir-se dret.<\/li>\n\n\n\n<li><strong>Mal de cap intens i sobtat<\/strong>: dolor intens sense causa aparent, descrit sovint com un dels pitjors mals de cap experimentats.<\/li>\n<\/ul>\n\n\n\n<blockquote class=\"wp-block-quote is-layout-flow wp-block-quote-is-layout-flow\">\n<p><strong>Nota:<\/strong> Aquests s\u00edmptomes requereixen atenci\u00f3 m\u00e8dica immediata, ja que el temps \u00e9s essencial per reduir les seq\u00fceles i millorar les possibilitats de recuperaci\u00f3.<\/p>\n<\/blockquote>\n\n\n\n<h2 class=\"wp-block-heading\">El 85% de la millora s\u2019aconsegueix durant els primers 45 dies<\/h2>\n\n\n\n<p>El responsable del Servei de Rehabilitaci\u00f3 F\u00edsica de l\u2019Hospital Sagrat Cor, Juan Antonio Guzm\u00e1n, destaca que la rapidesa en l\u2019inici de la rehabilitaci\u00f3 \u00e9s clau per a una recuperaci\u00f3 \u00f2ptima: \u201c<em>Comen\u00e7ar la rehabilitaci\u00f3 de manera preco\u00e7 \u00e9s essencial per minimitzar les seq\u00fceles de l\u2019ictus. Aix\u00ed i tot, cal recordar que la recuperaci\u00f3 completa \u00e9s poc freq\u00fcent<\/em>\u201d. Guzm\u00e1n tamb\u00e9 explica que el 85% de la millora s\u2019aconsegueix durant els primers 45 dies, amb una estabilitzaci\u00f3 al voltant dels sis mesos. A partir d\u2019aquest punt, els aven\u00e7os tendeixen a ser m\u00e9s lleus, per\u00f2 la rehabilitaci\u00f3 continuada contribueix a optimitzar els resultats.<\/p>\n\n\n\n<p>L&#8217;Hospital Sagrat Cor es diferencia d&#8217;altres centres per la seva capacitat d&#8217;oferir una rehabilitaci\u00f3 integral i personalitzada, gr\u00e0cies a un equip multidisciplinari que inclou professionals de neurologia, neuropsicologia, fisioter\u00e0pia, ter\u00e0pia ocupacional i logop\u00e8dia, entre d\u2019altres. Aquesta coordinaci\u00f3 permet abordar no nom\u00e9s les seq\u00fceles f\u00edsiques de l\u2019ictus, sin\u00f3 tamb\u00e9 els efectes cognitius i emocionals. Despr\u00e9s d\u2019una avaluaci\u00f3 inicial, es crea un pla de tractament individualitzat i adaptat a les necessitats espec\u00edfiques de cada pacient.<\/p>\n\n\n\n<p>L\u2019enfocament multidisciplinari no nom\u00e9s permet abordar el tractament de manera hol\u00edstica, sin\u00f3 que tamb\u00e9 garanteix un seguiment continu de l\u2019evoluci\u00f3 de cada pacient. Les reunions peri\u00f2diques entre els professionals permeten ajustar constantment el pla de tractament, tenint en compte els progressos individuals. Aix\u00f2 fa possible adaptar les ter\u00e0pies segons l\u2019estat actual de la persona i els seus objectius a llarg termini.<\/p>\n\n\n\n<p>Gr\u00e0cies a aquest enfocament, entre el 60 % i el 75 % de les persones ateses recuperen la capacitat de caminar de manera aut\u00f2noma despr\u00e9s de sis mesos de rehabilitaci\u00f3, mentre que un 30 % aconsegueix tornar a ser independent en la majoria d\u2019activitats b\u00e0siques de la vida di\u00e0ria. Aquests resultats s\u00f3n possibles gr\u00e0cies a una rehabilitaci\u00f3 preco\u00e7 i d\u2019alta intensitat, essencial per reduir les seq\u00fceles a llarg termini.<\/p>\n\n\n\n<h2 class=\"wp-block-heading\"><strong>Tecnologia al servei de la recuperaci\u00f3<\/strong><\/h2>\n\n\n\n<p>L&#8217;Hospital Sagrat Cor aposta per la innovaci\u00f3 tecnol\u00f2gica per millorar la rehabilitaci\u00f3 de les persones amb seq\u00fceles d&#8217;ictus. Gr\u00e0cies a aven\u00e7os en rob\u00f2tica, realitat virtual, ortesis el\u00e8ctriques i altres eines, s&#8217;han obtingut millores destacades en les \u00e0rees f\u00edsica, cognitiva i del llenguatge, augmentant la independ\u00e8ncia i qualitat de vida dels pacients.<\/p>\n\n\n\n<p>Un exemple d\u2019aquest comprom\u00eds \u00e9s la participaci\u00f3 en la creaci\u00f3 de la <em>Guia d&#8217;objectius en fisioter\u00e0pia 2024<\/em>, en col\u00b7laboraci\u00f3 amb la Xarxa Menni de Dany Cerebral Adquirit, ja implementada al centre per optimitzar la rehabilitaci\u00f3 amb les \u00faltimes pr\u00e0ctiques. L\u2019hospital tamb\u00e9 disposa d\u2019un servei de rehabilitaci\u00f3 ambulat\u00f2ria integral, que inclou fisioter\u00e0pia, ter\u00e0pia ocupacional i logop\u00e8dia, el que permet als pacients continuar la recuperaci\u00f3 un cop donats d\u2019alta i evitar interrupcions en el proc\u00e9s. \u201c<em>Nosaltres, en el moment de l\u2019alta hospital\u00e0ria, el que fem \u00e9s animar totes les persones ateses a continuar fent una vida tan activa com sigui possible, i els recomanem pautes i activitats que poden fer segons l\u2019estat en qu\u00e8 es trobin<\/em>\u201d, explica Guzm\u00e1n.<\/p>\n\n\n\n<figure class=\"wp-block-image size-large\"><img loading=\"lazy\" decoding=\"async\" width=\"2560\" height=\"1440\" src=\"https:\/\/hospitalsagratcormartorell.org\/entre-tots\/wp-content\/uploads\/2024\/10\/20240905_095711-edited-scaled.jpg\" alt=\"\" class=\"wp-image-10075\" srcset=\"https:\/\/fundaciohospitalariesmartorell.org\/entre-tots\/wp-content\/uploads\/2024\/10\/20240905_095711-edited-scaled.jpg 2560w, https:\/\/fundaciohospitalariesmartorell.org\/entre-tots\/wp-content\/uploads\/2024\/10\/20240905_095711-edited-300x169.jpg 300w, https:\/\/fundaciohospitalariesmartorell.org\/entre-tots\/wp-content\/uploads\/2024\/10\/20240905_095711-edited-1024x576.jpg 1024w, https:\/\/fundaciohospitalariesmartorell.org\/entre-tots\/wp-content\/uploads\/2024\/10\/20240905_095711-edited-768x432.jpg 768w, https:\/\/fundaciohospitalariesmartorell.org\/entre-tots\/wp-content\/uploads\/2024\/10\/20240905_095711-edited-1536x864.jpg 1536w, https:\/\/fundaciohospitalariesmartorell.org\/entre-tots\/wp-content\/uploads\/2024\/10\/20240905_095711-edited-2048x1152.jpg 2048w, https:\/\/fundaciohospitalariesmartorell.org\/entre-tots\/wp-content\/uploads\/2024\/10\/20240905_095711-edited-1320x743.jpg 1320w\" sizes=\"auto, (max-width: 2560px) 100vw, 2560px\" \/><\/figure>\n\n\n\n<h2 class=\"wp-block-heading\">Els reptes de futur<\/h2>\n\n\n\n<p>Davant l&#8217;augment previst de casos d&#8217;ictus, l&#8217;Hospital Sagrat Cor \u00e9s conscient de la necessitat d&#8217;incrementar els recursos humans i tecnol\u00f2gics. Tal com destaca Juan Antonio Guzm\u00e1n: \u201c<em>L\u2019augment dels casos requerir\u00e0 m\u00e9s personal i millores en tecnologia per garantir la millor atenci\u00f3 possible<\/em>\u201d. El futur de la rehabilitaci\u00f3 de l\u2019ictus es fonamentar\u00e0 en una inversi\u00f3 cont\u00ednua en tecnologia, formaci\u00f3 i infraestructures, amb l&#8217;objectiu de continuar oferint atenci\u00f3 personalitzada i integral per afavorir la recuperaci\u00f3 i independ\u00e8ncia dels pacients.<\/p>\n\n\n\n<p><\/p>\n","protected":false},"excerpt":{"rendered":"<p>L&#8217;ictus \u00e9s una malaltia greu causada per una alteraci\u00f3 sobtada de la circulaci\u00f3 sangu\u00ednia al cervell, que pot produir-se per l\u2019obstrucci\u00f3 d\u2019una art\u00e8ria (ictus isqu\u00e8mic) o la ruptura d\u2019un vas sanguini (ictus hemorr\u00e0gic). Aquesta interrupci\u00f3 impedeix que la sang arribi a determinades zones del cervell, afectant-ne les funcions de manera temporal o permanent. Cada any [&hellip;]<\/p>\n","protected":false},"author":5,"featured_media":10076,"comment_status":"closed","ping_status":"closed","sticky":false,"template":"","format":"standard","meta":{"footnotes":""},"categories":[27,61],"tags":[],"class_list":["post-10070","post","type-post","status-publish","format-standard","has-post-thumbnail","hentry","category-actualitat","category-societat"],"blocksy_meta":[],"featured_image_urls_v2":{"full":["https:\/\/fundaciohospitalariesmartorell.org\/entre-tots\/wp-content\/uploads\/2024\/10\/1729754661299-scaled.jpg",2560,1928,false],"thumbnail":["https:\/\/fundaciohospitalariesmartorell.org\/entre-tots\/wp-content\/uploads\/2024\/10\/1729754661299-150x150.jpg",150,150,true],"medium":["https:\/\/fundaciohospitalariesmartorell.org\/entre-tots\/wp-content\/uploads\/2024\/10\/1729754661299-300x226.jpg",300,226,true],"medium_large":["https:\/\/fundaciohospitalariesmartorell.org\/entre-tots\/wp-content\/uploads\/2024\/10\/1729754661299-768x578.jpg",768,578,true],"large":["https:\/\/fundaciohospitalariesmartorell.org\/entre-tots\/wp-content\/uploads\/2024\/10\/1729754661299-1024x771.jpg",1024,771,true],"1536x1536":["https:\/\/fundaciohospitalariesmartorell.org\/entre-tots\/wp-content\/uploads\/2024\/10\/1729754661299-1536x1157.jpg",1536,1157,true],"2048x2048":["https:\/\/fundaciohospitalariesmartorell.org\/entre-tots\/wp-content\/uploads\/2024\/10\/1729754661299-2048x1542.jpg",2048,1542,true],"mailpoet_newsletter_max":["https:\/\/fundaciohospitalariesmartorell.org\/entre-tots\/wp-content\/uploads\/2024\/10\/1729754661299-1320x994.jpg",1320,994,true]},"post_excerpt_stackable_v2":"<p>L&#8217;ictus \u00e9s una malaltia greu causada per una alteraci\u00f3 sobtada de la circulaci\u00f3 sangu\u00ednia al cervell, que pot produir-se per l\u2019obstrucci\u00f3 d\u2019una art\u00e8ria (ictus isqu\u00e8mic) o la ruptura d\u2019un vas sanguini (ictus hemorr\u00e0gic). Aquesta interrupci\u00f3 impedeix que la sang arribi a determinades zones del cervell, afectant-ne les funcions de manera temporal o permanent. Cada any a Catalunya, m\u00e9s de 13.000 persones pateixen un ictus, i la malaltia provoca prop de 4.000 defuncions. Afortunadament, es calcula que un 90% dels casos d\u2019ictus es podrien prevenir mitjan\u00e7ant el control de factors relacionats amb l\u2019estil de vida, com ara el tabaquisme, l\u2019alimentaci\u00f3 i&hellip;<\/p>\n","category_list_v2":"<a href=\"https:\/\/fundaciohospitalariesmartorell.org\/entre-tots\/category\/actualitat\/\" rel=\"category tag\">ACTUALITAT<\/a>, <a href=\"https:\/\/fundaciohospitalariesmartorell.org\/entre-tots\/category\/actualitat\/societat\/\" rel=\"category tag\">SOCIETAT<\/a>","author_info_v2":{"name":"Alba Felip","url":"https:\/\/fundaciohospitalariesmartorell.org\/entre-tots\/author\/afelipr\/"},"comments_num_v2":"0 comments","_links":{"self":[{"href":"https:\/\/fundaciohospitalariesmartorell.org\/entre-tots\/wp-json\/wp\/v2\/posts\/10070","targetHints":{"allow":["GET"]}}],"collection":[{"href":"https:\/\/fundaciohospitalariesmartorell.org\/entre-tots\/wp-json\/wp\/v2\/posts"}],"about":[{"href":"https:\/\/fundaciohospitalariesmartorell.org\/entre-tots\/wp-json\/wp\/v2\/types\/post"}],"author":[{"embeddable":true,"href":"https:\/\/fundaciohospitalariesmartorell.org\/entre-tots\/wp-json\/wp\/v2\/users\/5"}],"replies":[{"embeddable":true,"href":"https:\/\/fundaciohospitalariesmartorell.org\/entre-tots\/wp-json\/wp\/v2\/comments?post=10070"}],"version-history":[{"count":2,"href":"https:\/\/fundaciohospitalariesmartorell.org\/entre-tots\/wp-json\/wp\/v2\/posts\/10070\/revisions"}],"predecessor-version":[{"id":10077,"href":"https:\/\/fundaciohospitalariesmartorell.org\/entre-tots\/wp-json\/wp\/v2\/posts\/10070\/revisions\/10077"}],"wp:featuredmedia":[{"embeddable":true,"href":"https:\/\/fundaciohospitalariesmartorell.org\/entre-tots\/wp-json\/wp\/v2\/media\/10076"}],"wp:attachment":[{"href":"https:\/\/fundaciohospitalariesmartorell.org\/entre-tots\/wp-json\/wp\/v2\/media?parent=10070"}],"wp:term":[{"taxonomy":"category","embeddable":true,"href":"https:\/\/fundaciohospitalariesmartorell.org\/entre-tots\/wp-json\/wp\/v2\/categories?post=10070"},{"taxonomy":"post_tag","embeddable":true,"href":"https:\/\/fundaciohospitalariesmartorell.org\/entre-tots\/wp-json\/wp\/v2\/tags?post=10070"}],"curies":[{"name":"wp","href":"https:\/\/api.w.org\/{rel}","templated":true}]}}