{"id":10078,"date":"2024-10-29T15:21:06","date_gmt":"2024-10-29T14:21:06","guid":{"rendered":"https:\/\/hospitalsagratcormartorell.org\/entre-tots\/?p=10078"},"modified":"2024-11-29T12:02:43","modified_gmt":"2024-11-29T11:02:43","slug":"dra-usall-es-important-considerar-tant-les-diferencies-de-sexe-com-les-de-genere-en-la-presentacio-i-el-tractament-dels-trastorns-mentals","status":"publish","type":"post","link":"https:\/\/fundaciohospitalariesmartorell.org\/entre-tots\/2024\/10\/dra-usall-es-important-considerar-tant-les-diferencies-de-sexe-com-les-de-genere-en-la-presentacio-i-el-tractament-dels-trastorns-mentals\/","title":{"rendered":"Dra. Usall: \u00c9s important considerar tant les difer\u00e8ncies de sexe com les de g\u00e8nere en la presentaci\u00f3 i el tractament dels trastorns mentals"},"content":{"rendered":"\n<figure class=\"wp-block-image size-large\"><img loading=\"lazy\" decoding=\"async\" width=\"1600\" height=\"900\" src=\"https:\/\/hospitalsagratcormartorell.org\/entre-tots\/wp-content\/uploads\/2024\/10\/WhatsApp-Image-2024-10-21-at-11.08.33-AM-edited.jpeg\" alt=\"\" class=\"wp-image-10135\" srcset=\"https:\/\/fundaciohospitalariesmartorell.org\/entre-tots\/wp-content\/uploads\/2024\/10\/WhatsApp-Image-2024-10-21-at-11.08.33-AM-edited.jpeg 1600w, https:\/\/fundaciohospitalariesmartorell.org\/entre-tots\/wp-content\/uploads\/2024\/10\/WhatsApp-Image-2024-10-21-at-11.08.33-AM-edited-300x169.jpeg 300w, https:\/\/fundaciohospitalariesmartorell.org\/entre-tots\/wp-content\/uploads\/2024\/10\/WhatsApp-Image-2024-10-21-at-11.08.33-AM-edited-1024x576.jpeg 1024w, https:\/\/fundaciohospitalariesmartorell.org\/entre-tots\/wp-content\/uploads\/2024\/10\/WhatsApp-Image-2024-10-21-at-11.08.33-AM-edited-768x432.jpeg 768w, https:\/\/fundaciohospitalariesmartorell.org\/entre-tots\/wp-content\/uploads\/2024\/10\/WhatsApp-Image-2024-10-21-at-11.08.33-AM-edited-1536x864.jpeg 1536w, https:\/\/fundaciohospitalariesmartorell.org\/entre-tots\/wp-content\/uploads\/2024\/10\/WhatsApp-Image-2024-10-21-at-11.08.33-AM-edited-1320x743.jpeg 1320w\" sizes=\"auto, (max-width: 1600px) 100vw, 1600px\" \/><\/figure>\n\n\n\n<p>L&#8217;Hospital Sagrat Cor va organitzar el passat 15 d&#8217;octubre un seminari dedicat a la salut mental i la dona. Aquesta formaci\u00f3 va tenir com a objectiu actualitzar el personal col\u00b7laborador sobre aspectes psicosocials rellevants per al benestar de les dones. El programa del seminari va incloure diverses pon\u00e8ncies que abordaven temes com la detecci\u00f3 i intervenci\u00f3 en psicopatologia des d&#8217;una perspectiva de g\u00e8nere, les particularitats en l&#8217;\u00fas de psicof\u00e0rmacs en dones, aix\u00ed com el diagn\u00f2stic i la intervenci\u00f3 en patologies perinatals. A m\u00e9s, es va posar un especial \u00e8mfasi en la sensibilitzaci\u00f3 dels professionals de salut mental davant el greu problema de les viol\u00e8ncies masclistes.<\/p>\n\n\n\n<p>Entre les docents destacades, vam tenir la sort de comptar amb la Dra. Judith Usall, reconeguda psiquiatre del <a href=\"https:\/\/www.pssjd.org\/\">Parc Sanitari Sant Joan de D\u00e9u<\/a> i presidenta de la <a href=\"https:\/\/iawmh.org\/\">International Association for Women&#8217;s Mental Health (IAWMH)<\/a>, aix\u00ed com amb Carmen Cord\u00f3n Cobo, responsable del <a href=\"https:\/\/patronat.martorell.cat\/benestar-social\/siad\/\">Servei d&#8217;Informaci\u00f3 i Atenci\u00f3 a les Dones (SIAD) de l&#8217;Ajuntament de Martorell.<\/a><\/p>\n\n\n\n<p>La Dra. Judith Usall va impartir dues pon\u00e8ncies: &#8220;Psicopatologia i Dona&#8221; i &#8220;Psicofarmacologia i Dona&#8221;. Es coneix que hi ha clares difer\u00e8ncies en la psicopatologia entre homes i dones. La Dra. Usall distingeix entre les difer\u00e8ncies causades pel sexe (factors biol\u00f2gics que varien entre homes i dones) i les que deriven del g\u00e8nere, que inclouen aspectes socioculturals relacionats amb rols socials, androcentrisme, estereotips, entre d&#8217;altres. &#8220;Tant les difer\u00e8ncies a causa del sexe com a causa del g\u00e8nere s&#8217;han de tenir en compte en la presentaci\u00f3 i el tractament de trastorns mentals&#8221;, va afirmar la Dra. Usall.<\/p>\n\n\n\n<p>L&#8217;\u00e0mbit del g\u00e8nere i la psicosi ha estat objecte d&#8217;estudi les darreres d\u00e8cades, ja que homes i dones expressen la psicosi de manera diferent, probablement modulats per una varietat de factors relacionats amb els gens, les hormones i l&#8217;entorn. <\/p>\n\n\n\n<blockquote class=\"wp-block-quote is-layout-flow wp-block-quote-is-layout-flow\">\n<p>&#8220;<strong>En l&#8217;esquizofr\u00e8nia per exemple, \u00e9s m\u00e9s freq\u00fcent en homes joves que en dones joves, mentre que aquests trastorns augmenten en les dones al voltant de la perimenopausa, difer\u00e8ncia que pot explicar-se per l&#8217;efecte protector que exerceixen els estr\u00f2gens&#8221;<\/strong>, va comentar la Dra. Usall.<\/p>\n<\/blockquote>\n\n\n\n<figure class=\"wp-block-image size-large\"><img loading=\"lazy\" decoding=\"async\" width=\"1600\" height=\"900\" src=\"https:\/\/hospitalsagratcormartorell.org\/entre-tots\/wp-content\/uploads\/2024\/10\/WhatsApp-Image-2024-10-21-at-11.08.33-1-edited.jpeg\" alt=\"\" class=\"wp-image-10137\" srcset=\"https:\/\/fundaciohospitalariesmartorell.org\/entre-tots\/wp-content\/uploads\/2024\/10\/WhatsApp-Image-2024-10-21-at-11.08.33-1-edited.jpeg 1600w, https:\/\/fundaciohospitalariesmartorell.org\/entre-tots\/wp-content\/uploads\/2024\/10\/WhatsApp-Image-2024-10-21-at-11.08.33-1-edited-300x169.jpeg 300w, https:\/\/fundaciohospitalariesmartorell.org\/entre-tots\/wp-content\/uploads\/2024\/10\/WhatsApp-Image-2024-10-21-at-11.08.33-1-edited-1024x576.jpeg 1024w, https:\/\/fundaciohospitalariesmartorell.org\/entre-tots\/wp-content\/uploads\/2024\/10\/WhatsApp-Image-2024-10-21-at-11.08.33-1-edited-768x432.jpeg 768w, https:\/\/fundaciohospitalariesmartorell.org\/entre-tots\/wp-content\/uploads\/2024\/10\/WhatsApp-Image-2024-10-21-at-11.08.33-1-edited-1536x864.jpeg 1536w, https:\/\/fundaciohospitalariesmartorell.org\/entre-tots\/wp-content\/uploads\/2024\/10\/WhatsApp-Image-2024-10-21-at-11.08.33-1-edited-1320x743.jpeg 1320w\" sizes=\"auto, (max-width: 1600px) 100vw, 1600px\" \/><\/figure>\n\n\n\n<p>Aquest fenomen no nom\u00e9s es tradueix en les difer\u00e8ncies psicopatol\u00f2giques, sin\u00f3 que tamb\u00e9 afecta la resposta dels medicaments i els tractaments no farmacol\u00f2gics. D&#8217;aqu\u00ed la import\u00e0ncia de la segona pon\u00e8ncia de la Dra. Usall, titulada &#8220;Psicofarmacologia i Dona&#8221;, en la qual va abordar les particularitats en l&#8217;\u00fas de psicof\u00e0rmacs en dones. Va destacar factors com l&#8217;edat, el cicle vital (incloent-hi l&#8217;embar\u00e0s i la lact\u00e0ncia) i altres aspectes espec\u00edfics que poden influir en la resposta al tractament farmacol\u00f2gic de trastorns de salut mental. &#8220;Continuant amb la teoria estrog\u00e8nica que comentava, per exemple, les pacients en tractament hormonal substitutiu necessiten menys dosis d&#8217;antipsic\u00f2tics i tenen menys s\u00edmptomes negatius&#8221;, concreta la Dra. Usall. &#8220;Hi ha estudis que diuen que el tractament amb estr\u00f2gens o amb f\u00e0rmacs estrog\u00e8nics, per exemple, afegir el raloxif\u00e8 al tractament<\/p>\n\n\n\n<blockquote class=\"wp-block-quote is-layout-flow wp-block-quote-is-layout-flow\">\n<p>Si anem als aspectes menys lligats al sexe biol\u00f2gic i m\u00e9s psicosocials, el g\u00e8nere tamb\u00e9 hi t\u00e9 un paper molt rellevant. <strong>&#8220;Haver patit traumes en la infantesa, per exemple, explica un ter\u00e7 dels trastorns mentals, b\u00e9 sigui trauma per ab\u00fas f\u00edsic, sexual, emocional con per neglig\u00e8ncia<\/strong>&#8220;, exposa la Dra. Usall, &#8220;i sabem que aix\u00f2 oc\u00f3rrer tant en homes que en dones, si b\u00e9 \u00e9s cert que les dones pateixen m\u00e9s abusos sexuals que els homes, i aqu\u00ed rau la difer\u00e8ncia de g\u00e8nere, en aquest cas&#8221;.<\/p>\n<\/blockquote>\n\n\n\n<p>La presentaci\u00f3 de Carmen Cord\u00f3n Cobo, responsable del Servei d&#8217;Informaci\u00f3 i Atenci\u00f3 a les Dones (SIAD) de l&#8217;Ajuntament de Martorell va anar m\u00e9s orientada a la viol\u00e8ncia de g\u00e8nere, la viol\u00e8ncia contra les dones i les opcions de recursos per aquestes dones des de l&#8217;administraci\u00f3.<\/p>\n\n\n\n<p>Totes les pon\u00e8ncies del seminari van tenir com a objectiu proporcionar una visi\u00f3 m\u00e9s profunda sobre com la salut mental es veu afectada per factors de g\u00e8nere i com es poden adaptar les intervencions per millorar el benestar de les dones.<\/p>\n","protected":false},"excerpt":{"rendered":"<p>L&#8217;Hospital Sagrat Cor va organitzar el passat 15 d&#8217;octubre un seminari dedicat a la salut mental i la dona. Aquesta formaci\u00f3 va tenir com a objectiu actualitzar el personal col\u00b7laborador sobre aspectes psicosocials rellevants per al benestar de les dones. El programa del seminari va incloure diverses pon\u00e8ncies que abordaven temes com la detecci\u00f3 i [&hellip;]<\/p>\n","protected":false},"author":5,"featured_media":10080,"comment_status":"closed","ping_status":"closed","sticky":false,"template":"","format":"standard","meta":{"footnotes":""},"categories":[27,58,61],"tags":[],"class_list":["post-10078","post","type-post","status-publish","format-standard","has-post-thumbnail","hentry","category-actualitat","category-collaboradors-es","category-societat"],"blocksy_meta":[],"featured_image_urls_v2":{"full":["https:\/\/fundaciohospitalariesmartorell.org\/entre-tots\/wp-content\/uploads\/2024\/10\/WhatsApp-Image-2024-10-21-at-11.08.33.jpeg",1600,1091,false],"thumbnail":["https:\/\/fundaciohospitalariesmartorell.org\/entre-tots\/wp-content\/uploads\/2024\/10\/WhatsApp-Image-2024-10-21-at-11.08.33-150x150.jpeg",150,150,true],"medium":["https:\/\/fundaciohospitalariesmartorell.org\/entre-tots\/wp-content\/uploads\/2024\/10\/WhatsApp-Image-2024-10-21-at-11.08.33-300x205.jpeg",300,205,true],"medium_large":["https:\/\/fundaciohospitalariesmartorell.org\/entre-tots\/wp-content\/uploads\/2024\/10\/WhatsApp-Image-2024-10-21-at-11.08.33-768x524.jpeg",768,524,true],"large":["https:\/\/fundaciohospitalariesmartorell.org\/entre-tots\/wp-content\/uploads\/2024\/10\/WhatsApp-Image-2024-10-21-at-11.08.33-1024x698.jpeg",1024,698,true],"1536x1536":["https:\/\/fundaciohospitalariesmartorell.org\/entre-tots\/wp-content\/uploads\/2024\/10\/WhatsApp-Image-2024-10-21-at-11.08.33-1536x1047.jpeg",1536,1047,true],"2048x2048":["https:\/\/fundaciohospitalariesmartorell.org\/entre-tots\/wp-content\/uploads\/2024\/10\/WhatsApp-Image-2024-10-21-at-11.08.33.jpeg",1600,1091,false],"mailpoet_newsletter_max":["https:\/\/fundaciohospitalariesmartorell.org\/entre-tots\/wp-content\/uploads\/2024\/10\/WhatsApp-Image-2024-10-21-at-11.08.33-1320x900.jpeg",1320,900,true]},"post_excerpt_stackable_v2":"<p>L&#8217;Hospital Sagrat Cor va organitzar el passat 15 d&#8217;octubre un seminari dedicat a la salut mental i la dona. Aquesta formaci\u00f3 va tenir com a objectiu actualitzar el personal col\u00b7laborador sobre aspectes psicosocials rellevants per al benestar de les dones. El programa del seminari va incloure diverses pon\u00e8ncies que abordaven temes com la detecci\u00f3 i intervenci\u00f3 en psicopatologia des d&#8217;una perspectiva de g\u00e8nere, les particularitats en l&#8217;\u00fas de psicof\u00e0rmacs en dones, aix\u00ed com el diagn\u00f2stic i la intervenci\u00f3 en patologies perinatals. A m\u00e9s, es va posar un especial \u00e8mfasi en la sensibilitzaci\u00f3 dels professionals de salut mental davant el greu&hellip;<\/p>\n","category_list_v2":"<a href=\"https:\/\/fundaciohospitalariesmartorell.org\/entre-tots\/category\/actualitat\/\" rel=\"category tag\">ACTUALITAT<\/a>, <a href=\"https:\/\/fundaciohospitalariesmartorell.org\/entre-tots\/category\/actualitat\/col%c2%b7laboradors-es\/\" rel=\"category tag\">COL\u00b7LABORADORS\/ES<\/a>, <a href=\"https:\/\/fundaciohospitalariesmartorell.org\/entre-tots\/category\/actualitat\/societat\/\" rel=\"category tag\">SOCIETAT<\/a>","author_info_v2":{"name":"Alba Felip","url":"https:\/\/fundaciohospitalariesmartorell.org\/entre-tots\/author\/afelipr\/"},"comments_num_v2":"0 comments","_links":{"self":[{"href":"https:\/\/fundaciohospitalariesmartorell.org\/entre-tots\/wp-json\/wp\/v2\/posts\/10078","targetHints":{"allow":["GET"]}}],"collection":[{"href":"https:\/\/fundaciohospitalariesmartorell.org\/entre-tots\/wp-json\/wp\/v2\/posts"}],"about":[{"href":"https:\/\/fundaciohospitalariesmartorell.org\/entre-tots\/wp-json\/wp\/v2\/types\/post"}],"author":[{"embeddable":true,"href":"https:\/\/fundaciohospitalariesmartorell.org\/entre-tots\/wp-json\/wp\/v2\/users\/5"}],"replies":[{"embeddable":true,"href":"https:\/\/fundaciohospitalariesmartorell.org\/entre-tots\/wp-json\/wp\/v2\/comments?post=10078"}],"version-history":[{"count":2,"href":"https:\/\/fundaciohospitalariesmartorell.org\/entre-tots\/wp-json\/wp\/v2\/posts\/10078\/revisions"}],"predecessor-version":[{"id":10138,"href":"https:\/\/fundaciohospitalariesmartorell.org\/entre-tots\/wp-json\/wp\/v2\/posts\/10078\/revisions\/10138"}],"wp:featuredmedia":[{"embeddable":true,"href":"https:\/\/fundaciohospitalariesmartorell.org\/entre-tots\/wp-json\/wp\/v2\/media\/10080"}],"wp:attachment":[{"href":"https:\/\/fundaciohospitalariesmartorell.org\/entre-tots\/wp-json\/wp\/v2\/media?parent=10078"}],"wp:term":[{"taxonomy":"category","embeddable":true,"href":"https:\/\/fundaciohospitalariesmartorell.org\/entre-tots\/wp-json\/wp\/v2\/categories?post=10078"},{"taxonomy":"post_tag","embeddable":true,"href":"https:\/\/fundaciohospitalariesmartorell.org\/entre-tots\/wp-json\/wp\/v2\/tags?post=10078"}],"curies":[{"name":"wp","href":"https:\/\/api.w.org\/{rel}","templated":true}]}}