{"id":10112,"date":"2024-10-30T20:00:31","date_gmt":"2024-10-30T19:00:31","guid":{"rendered":"https:\/\/hospitalsagratcormartorell.org\/entre-tots\/?p=10112"},"modified":"2024-11-29T12:02:37","modified_gmt":"2024-11-29T11:02:37","slug":"trastorn-bipolar-i-patologia-dual-centren-les-dues-presentacions-de-lhospital-sagrat-cor-al-congres-nacional-de-psiquiatria","status":"publish","type":"post","link":"https:\/\/fundaciohospitalariesmartorell.org\/entre-tots\/2024\/10\/trastorn-bipolar-i-patologia-dual-centren-les-dues-presentacions-de-lhospital-sagrat-cor-al-congres-nacional-de-psiquiatria\/","title":{"rendered":"Trastorn bipolar i patologia dual centren les dues presentacions de l\u2019Hospital Sagrat Cor al Congr\u00e9s Nacional de Psiquiatria"},"content":{"rendered":"<figure class=\"wp-block-post-featured-image\"><img loading=\"lazy\" decoding=\"async\" width=\"2048\" height=\"1536\" src=\"https:\/\/fundaciohospitalariesmartorell.org\/entre-tots\/wp-content\/uploads\/2024\/10\/WhatsApp-Image-2024-10-21-at-11.09.09-AM-1.jpeg\" class=\"attachment-post-thumbnail size-post-thumbnail wp-post-image\" alt=\"\" style=\"object-fit:cover;\" srcset=\"https:\/\/fundaciohospitalariesmartorell.org\/entre-tots\/wp-content\/uploads\/2024\/10\/WhatsApp-Image-2024-10-21-at-11.09.09-AM-1.jpeg 2048w, https:\/\/fundaciohospitalariesmartorell.org\/entre-tots\/wp-content\/uploads\/2024\/10\/WhatsApp-Image-2024-10-21-at-11.09.09-AM-1-300x225.jpeg 300w, https:\/\/fundaciohospitalariesmartorell.org\/entre-tots\/wp-content\/uploads\/2024\/10\/WhatsApp-Image-2024-10-21-at-11.09.09-AM-1-1024x768.jpeg 1024w, https:\/\/fundaciohospitalariesmartorell.org\/entre-tots\/wp-content\/uploads\/2024\/10\/WhatsApp-Image-2024-10-21-at-11.09.09-AM-1-768x576.jpeg 768w, https:\/\/fundaciohospitalariesmartorell.org\/entre-tots\/wp-content\/uploads\/2024\/10\/WhatsApp-Image-2024-10-21-at-11.09.09-AM-1-1536x1152.jpeg 1536w, https:\/\/fundaciohospitalariesmartorell.org\/entre-tots\/wp-content\/uploads\/2024\/10\/WhatsApp-Image-2024-10-21-at-11.09.09-AM-1-1320x990.jpeg 1320w\" sizes=\"auto, (max-width: 2048px) 100vw, 2048px\" \/><\/figure>\n\n\n<p>Residents de l\u2019Hospital Sagrat Cor, acompanyats per una part de l\u2019equip docent del centre, van participar en el <a href=\"https:\/\/congresonacionaldepsiquiatria.es\/\" target=\"_blank\" rel=\"noreferrer noopener\">XXVII Congr\u00e9s Nacional de Psiquiatria<\/a>, que es va celebrar del 17 al 19 d\u2019octubre a Sant Sebasti\u00e0. Hi van presentar nous estudis sobre trastorn bipolar i patologia dual. L\u2019esdeveniment va reunir experts del sector per compartir aven\u00e7os diagn\u00f2stics i terap\u00e8utics dins l\u2019ampli espectre dels trastorns psiqui\u00e0trics.<\/p>\n\n\n\n<p>Jaume Clemente, MIR de 3r de Psiquiatria, va presentar la comunicaci\u00f3 oral titulada <em>Seguiment telef\u00f2nic posthospitalari en persones ateses amb patologia dual<\/em>. Aquesta investigaci\u00f3 es va dur a terme a la Unitat de Patologia Dual (UPD) de l\u2019Hospital Sagrat Cor, especialitzada en l&#8217;atenci\u00f3 a persones amb trastorns psiqui\u00e0trics i problemes de consum de subst\u00e0ncies. En l&#8217;estudi es van analitzar 77 persones ateses despr\u00e9s d\u2019haver rebut l\u2019alta hospital\u00e0ria, mitjan\u00e7ant seguiments telef\u00f2nics que es van fer despr\u00e9s de 14, 30 i 90 dies d\u2019haver rebut l\u2019alta. Els resultats van revelar que les persones ateses que, principalment, consumien coca\u00efna i alcohol presentaven una tend\u00e8ncia significativament m\u00e9s alta a recaure despr\u00e9s de l\u2019alta.<\/p>\n\n\n\n<p>D\u2019altra banda, es va presentar el p\u00f2ster <em>El viatge des de la infantesa fins a l\u2019adultesa: l\u2019associaci\u00f3 del trastorn bipolar en adults i diagn\u00f2stics en la inf\u00e0ncia<\/em>. En la presentaci\u00f3, dirigida pel Dr. Manuel S\u00e1nchez, responsable de l\u2019\u00c0rea de Gesti\u00f3 del Coneixement i coordinador de la Unitat de Psicogeriatria de l&#8217;Hospital, hi va participar un equip format per Aruka Mingorance, Karla Fern\u00e1ndez de Beto\u00f1o, Jaume Clemente i Ariadna Busquets, amb l\u2019acompanyament de Mar\u00eda Rosa Cano, el Dr. Fernando Boatas i el Dr. Manuel S\u00e1nchez P\u00e9rez.<\/p>\n\n\n\n<figure class=\"wp-block-image size-large\"><img loading=\"lazy\" decoding=\"async\" width=\"1024\" height=\"1007\" src=\"https:\/\/hospitalsagratcormartorell.org\/entre-tots\/wp-content\/uploads\/2024\/10\/WhatsApp-Image-2024-10-21-at-11.09.09-AM-1024x1007.jpeg\" alt=\"\" class=\"wp-image-10118\" srcset=\"https:\/\/fundaciohospitalariesmartorell.org\/entre-tots\/wp-content\/uploads\/2024\/10\/WhatsApp-Image-2024-10-21-at-11.09.09-AM-1024x1007.jpeg 1024w, https:\/\/fundaciohospitalariesmartorell.org\/entre-tots\/wp-content\/uploads\/2024\/10\/WhatsApp-Image-2024-10-21-at-11.09.09-AM-300x295.jpeg 300w, https:\/\/fundaciohospitalariesmartorell.org\/entre-tots\/wp-content\/uploads\/2024\/10\/WhatsApp-Image-2024-10-21-at-11.09.09-AM-768x755.jpeg 768w, https:\/\/fundaciohospitalariesmartorell.org\/entre-tots\/wp-content\/uploads\/2024\/10\/WhatsApp-Image-2024-10-21-at-11.09.09-AM-1536x1511.jpeg 1536w, https:\/\/fundaciohospitalariesmartorell.org\/entre-tots\/wp-content\/uploads\/2024\/10\/WhatsApp-Image-2024-10-21-at-11.09.09-AM-1320x1298.jpeg 1320w, https:\/\/fundaciohospitalariesmartorell.org\/entre-tots\/wp-content\/uploads\/2024\/10\/WhatsApp-Image-2024-10-21-at-11.09.09-AM.jpeg 2048w\" sizes=\"auto, (max-width: 1024px) 100vw, 1024px\" \/><\/figure>\n\n\n\n<p>En l\u2019estudi, es van analitzar les caracter\u00edstiques sociodemogr\u00e0fiques i cl\u00edniques de deu persones diagnosticades amb trastorn bipolar a l\u2019edat adulta, centrant-se en com les experi\u00e8ncies durant la infantesa poden influir en el diagn\u00f2stic i el tractament d\u2019aquest trastorn en etapes posteriors.<\/p>\n\n\n\n<p>Un dels aspectes m\u00e9s preocupants que es va destacar \u00e9s el retard en el diagn\u00f2stic del trastorn bipolar a Espanya, que pot variar entre 5 i 9,5 anys, segons diversos estudis. Aquest retard pot tenir conseq\u00fc\u00e8ncies greus per a les persones afectades, ja que una detecci\u00f3 tardana pot afectar negativament la seva qualitat de vida i les oportunitats d&#8217;obtenir un tractament adequat. L\u2019equip va observar que factors com l\u2019edat d\u2019inici dels s\u00edmptomes, el consum de subst\u00e0ncies t\u00f2xiques i les hospitalitzacions pr\u00e8vies poden ser determinants per a un diagn\u00f2stic preco\u00e7.<\/p>\n\n\n\n<p>A la mostra analitzada, es va identificar que el diagn\u00f2stic m\u00e9s prevalent era el trastorn bipolar tipus I. A m\u00e9s, es va detectar que moltes d\u2019aquestes persones ateses havien rebut altres diagn\u00f2stics durant la infantesa. La investigaci\u00f3 tamb\u00e9 va revelar que l\u2019edat mitjana de vinculaci\u00f3 als serveis de salut mental havia estat entre els 10 i els 18 anys, amb un consum notable de c\u00e0nnabis com a subst\u00e0ncia t\u00f2xica m\u00e9s freq\u00fcent.<\/p>\n\n\n\n<h2 class=\"wp-block-heading\">El Dr. Manuel S\u00e1nchez aprofundeix en el trastorn  bipolar en l&#8217;anci\u00e0<strong> <\/strong><\/h2>\n\n\n\n<p>En el marc del&nbsp;simp\u00f2sium&nbsp;Patologies&nbsp;resistents&nbsp;en el pacient&nbsp;psiqui\u00e0tric&nbsp;d&#8217;edat avan\u00e7ada, el Dr. Manel S\u00e1nchez va exposar les seves conclusions sobre el Trastorn bipolar en l&#8217;anci\u00e0&nbsp;i la refractarietat&nbsp;terap\u00e8utica. En aquest&nbsp;sentit,&nbsp;va explicar que malgrat que aquest trastorn afecta una minoria de persones grans amb trastorns afectius, les seves implicacions s\u00f3n significatives, ja que requereixen recursos molt elevats i costosos.<\/p>\n\n\n\n<figure class=\"wp-block-image size-large\"><img loading=\"lazy\" decoding=\"async\" width=\"2000\" height=\"1125\" src=\"https:\/\/hospitalsagratcormartorell.org\/entre-tots\/wp-content\/uploads\/2024\/10\/WhatsApp-Image-2024-10-17-at-13.33.46-edited.jpeg\" alt=\"\" class=\"wp-image-10171\" srcset=\"https:\/\/fundaciohospitalariesmartorell.org\/entre-tots\/wp-content\/uploads\/2024\/10\/WhatsApp-Image-2024-10-17-at-13.33.46-edited.jpeg 2000w, https:\/\/fundaciohospitalariesmartorell.org\/entre-tots\/wp-content\/uploads\/2024\/10\/WhatsApp-Image-2024-10-17-at-13.33.46-edited-300x169.jpeg 300w, https:\/\/fundaciohospitalariesmartorell.org\/entre-tots\/wp-content\/uploads\/2024\/10\/WhatsApp-Image-2024-10-17-at-13.33.46-edited-1024x576.jpeg 1024w, https:\/\/fundaciohospitalariesmartorell.org\/entre-tots\/wp-content\/uploads\/2024\/10\/WhatsApp-Image-2024-10-17-at-13.33.46-edited-768x432.jpeg 768w, https:\/\/fundaciohospitalariesmartorell.org\/entre-tots\/wp-content\/uploads\/2024\/10\/WhatsApp-Image-2024-10-17-at-13.33.46-edited-1536x864.jpeg 1536w, https:\/\/fundaciohospitalariesmartorell.org\/entre-tots\/wp-content\/uploads\/2024\/10\/WhatsApp-Image-2024-10-17-at-13.33.46-edited-1320x743.jpeg 1320w\" sizes=\"auto, (max-width: 2000px) 100vw, 2000px\" \/><\/figure>\n\n\n\n<p>El Dr. S\u00e1nchez va destacar que la refractarietat terap\u00e8utica en aquests pacients es vincula a diverses variables presents en altres trastorns psicogeri\u00e0trics. Un dels punts m\u00e9s preocupants \u00e9s el deteriorament cognitiu, que mostra un augment en la institucionalitzaci\u00f3: un 3% de deteriorament a&nbsp;3&nbsp;anys i un alarmant 32% a 5-7 anys de seguiment.<\/p>\n\n\n\n<p>A m\u00e9s, va subratllar que els pacients amb trastorn bipolar d&#8217;inici preco\u00e7 presenten un major risc de deteriorament social i familiar a mesura que envelleixen. Encara que la malaltia no es redueix amb l&#8217;edat, l&#8217;atenci\u00f3 especialitzada sovint disminueix amb el temps, una situaci\u00f3 que requereix una atenci\u00f3 urgent per part dels professionals de la salut mental.<\/p>\n\n\n\n<figure class=\"wp-block-image size-large\"><img loading=\"lazy\" decoding=\"async\" width=\"1600\" height=\"900\" src=\"https:\/\/hospitalsagratcormartorell.org\/entre-tots\/wp-content\/uploads\/2024\/10\/WhatsApp-Image-2024-10-17-at-13.32.52-edited.jpeg\" alt=\"\" class=\"wp-image-10173\" srcset=\"https:\/\/fundaciohospitalariesmartorell.org\/entre-tots\/wp-content\/uploads\/2024\/10\/WhatsApp-Image-2024-10-17-at-13.32.52-edited.jpeg 1600w, https:\/\/fundaciohospitalariesmartorell.org\/entre-tots\/wp-content\/uploads\/2024\/10\/WhatsApp-Image-2024-10-17-at-13.32.52-edited-300x169.jpeg 300w, https:\/\/fundaciohospitalariesmartorell.org\/entre-tots\/wp-content\/uploads\/2024\/10\/WhatsApp-Image-2024-10-17-at-13.32.52-edited-1024x576.jpeg 1024w, https:\/\/fundaciohospitalariesmartorell.org\/entre-tots\/wp-content\/uploads\/2024\/10\/WhatsApp-Image-2024-10-17-at-13.32.52-edited-768x432.jpeg 768w, https:\/\/fundaciohospitalariesmartorell.org\/entre-tots\/wp-content\/uploads\/2024\/10\/WhatsApp-Image-2024-10-17-at-13.32.52-edited-1536x864.jpeg 1536w, https:\/\/fundaciohospitalariesmartorell.org\/entre-tots\/wp-content\/uploads\/2024\/10\/WhatsApp-Image-2024-10-17-at-13.32.52-edited-1320x743.jpeg 1320w\" sizes=\"auto, (max-width: 1600px) 100vw, 1600px\" \/><\/figure>\n\n\n\n<p>Amb aquestes presentacions al Congr\u00e9s, l&#8217;Hospital Sagrat Cor reafirma el seu comprom\u00eds amb la investigaci\u00f3 i la millora cont\u00ednua en el camp de la psiquiatria, contribuint al coneixement col\u00b7lectiu sobre els trastorns mentals i les seves implicacions en la salut p\u00fablica.<\/p>\n","protected":false},"excerpt":{"rendered":"<p>Residents de l\u2019Hospital Sagrat Cor, acompanyats per una part de l\u2019equip docent del centre, van participar en el XXVII Congr\u00e9s Nacional de Psiquiatria, que es va celebrar del 17 al 19 d\u2019octubre a Sant Sebasti\u00e0. Hi van presentar nous estudis sobre trastorn bipolar i patologia dual. L\u2019esdeveniment va reunir experts del sector per compartir aven\u00e7os [&hellip;]<\/p>\n","protected":false},"author":2,"featured_media":10117,"comment_status":"closed","ping_status":"closed","sticky":false,"template":"","format":"standard","meta":{"footnotes":""},"categories":[27,61],"tags":[],"class_list":["post-10112","post","type-post","status-publish","format-standard","has-post-thumbnail","hentry","category-actualitat","category-societat"],"blocksy_meta":[],"featured_image_urls_v2":{"full":["https:\/\/fundaciohospitalariesmartorell.org\/entre-tots\/wp-content\/uploads\/2024\/10\/WhatsApp-Image-2024-10-21-at-11.09.09-AM-1.jpeg",2048,1536,false],"thumbnail":["https:\/\/fundaciohospitalariesmartorell.org\/entre-tots\/wp-content\/uploads\/2024\/10\/WhatsApp-Image-2024-10-21-at-11.09.09-AM-1-150x150.jpeg",150,150,true],"medium":["https:\/\/fundaciohospitalariesmartorell.org\/entre-tots\/wp-content\/uploads\/2024\/10\/WhatsApp-Image-2024-10-21-at-11.09.09-AM-1-300x225.jpeg",300,225,true],"medium_large":["https:\/\/fundaciohospitalariesmartorell.org\/entre-tots\/wp-content\/uploads\/2024\/10\/WhatsApp-Image-2024-10-21-at-11.09.09-AM-1-768x576.jpeg",768,576,true],"large":["https:\/\/fundaciohospitalariesmartorell.org\/entre-tots\/wp-content\/uploads\/2024\/10\/WhatsApp-Image-2024-10-21-at-11.09.09-AM-1-1024x768.jpeg",1024,768,true],"1536x1536":["https:\/\/fundaciohospitalariesmartorell.org\/entre-tots\/wp-content\/uploads\/2024\/10\/WhatsApp-Image-2024-10-21-at-11.09.09-AM-1-1536x1152.jpeg",1536,1152,true],"2048x2048":["https:\/\/fundaciohospitalariesmartorell.org\/entre-tots\/wp-content\/uploads\/2024\/10\/WhatsApp-Image-2024-10-21-at-11.09.09-AM-1.jpeg",2048,1536,false],"mailpoet_newsletter_max":["https:\/\/fundaciohospitalariesmartorell.org\/entre-tots\/wp-content\/uploads\/2024\/10\/WhatsApp-Image-2024-10-21-at-11.09.09-AM-1-1320x990.jpeg",1320,990,true]},"post_excerpt_stackable_v2":"<p>Residents de l\u2019Hospital Sagrat Cor, acompanyats per una part de l\u2019equip docent del centre, van participar en el XXVII Congr\u00e9s Nacional de Psiquiatria, que es va celebrar del 17 al 19 d\u2019octubre a Sant Sebasti\u00e0. Hi van presentar nous estudis sobre trastorn bipolar i patologia dual. L\u2019esdeveniment va reunir experts del sector per compartir aven\u00e7os diagn\u00f2stics i terap\u00e8utics dins l\u2019ampli espectre dels trastorns psiqui\u00e0trics. Jaume Clemente, MIR de 3r de Psiquiatria, va presentar la comunicaci\u00f3 oral titulada Seguiment telef\u00f2nic posthospitalari en persones ateses amb patologia dual. Aquesta investigaci\u00f3 es va dur a terme a la Unitat de Patologia Dual (UPD)&hellip;<\/p>\n","category_list_v2":"<a href=\"https:\/\/fundaciohospitalariesmartorell.org\/entre-tots\/category\/actualitat\/\" rel=\"category tag\">ACTUALITAT<\/a>, <a href=\"https:\/\/fundaciohospitalariesmartorell.org\/entre-tots\/category\/actualitat\/societat\/\" rel=\"category tag\">SOCIETAT<\/a>","author_info_v2":{"name":"Sagrat Cor","url":"https:\/\/fundaciohospitalariesmartorell.org\/entre-tots\/author\/daniel\/"},"comments_num_v2":"0 comments","_links":{"self":[{"href":"https:\/\/fundaciohospitalariesmartorell.org\/entre-tots\/wp-json\/wp\/v2\/posts\/10112","targetHints":{"allow":["GET"]}}],"collection":[{"href":"https:\/\/fundaciohospitalariesmartorell.org\/entre-tots\/wp-json\/wp\/v2\/posts"}],"about":[{"href":"https:\/\/fundaciohospitalariesmartorell.org\/entre-tots\/wp-json\/wp\/v2\/types\/post"}],"author":[{"embeddable":true,"href":"https:\/\/fundaciohospitalariesmartorell.org\/entre-tots\/wp-json\/wp\/v2\/users\/2"}],"replies":[{"embeddable":true,"href":"https:\/\/fundaciohospitalariesmartorell.org\/entre-tots\/wp-json\/wp\/v2\/comments?post=10112"}],"version-history":[{"count":5,"href":"https:\/\/fundaciohospitalariesmartorell.org\/entre-tots\/wp-json\/wp\/v2\/posts\/10112\/revisions"}],"predecessor-version":[{"id":10174,"href":"https:\/\/fundaciohospitalariesmartorell.org\/entre-tots\/wp-json\/wp\/v2\/posts\/10112\/revisions\/10174"}],"wp:featuredmedia":[{"embeddable":true,"href":"https:\/\/fundaciohospitalariesmartorell.org\/entre-tots\/wp-json\/wp\/v2\/media\/10117"}],"wp:attachment":[{"href":"https:\/\/fundaciohospitalariesmartorell.org\/entre-tots\/wp-json\/wp\/v2\/media?parent=10112"}],"wp:term":[{"taxonomy":"category","embeddable":true,"href":"https:\/\/fundaciohospitalariesmartorell.org\/entre-tots\/wp-json\/wp\/v2\/categories?post=10112"},{"taxonomy":"post_tag","embeddable":true,"href":"https:\/\/fundaciohospitalariesmartorell.org\/entre-tots\/wp-json\/wp\/v2\/tags?post=10112"}],"curies":[{"name":"wp","href":"https:\/\/api.w.org\/{rel}","templated":true}]}}