{"id":10176,"date":"2024-11-04T15:36:52","date_gmt":"2024-11-04T14:36:52","guid":{"rendered":"https:\/\/hospitalsagratcormartorell.org\/entre-tots\/?p=10176"},"modified":"2024-11-29T11:58:08","modified_gmt":"2024-11-29T10:58:08","slug":"germanes-hospitalaries-posa-en-marxa-una-campanya-de-captacio-de-fons-per-ajudar-a-les-victimes-de-les-inundacions-a-valencia","status":"publish","type":"post","link":"https:\/\/fundaciohospitalariesmartorell.org\/entre-tots\/2024\/11\/germanes-hospitalaries-posa-en-marxa-una-campanya-de-captacio-de-fons-per-ajudar-a-les-victimes-de-les-inundacions-a-valencia\/","title":{"rendered":"Germanes Hospital\u00e0ries posa en marxa una campanya de captaci\u00f3 de fons per ajudar a les v\u00edctimes de les inundacions a Val\u00e8ncia"},"content":{"rendered":"\n<p>Germanes Hospital\u00e0ries ha posat en marxa una<a href=\"https:\/\/www.hospitalarias.es\/colabora\/solidaridad\/dana\/\">&nbsp;campanya de captaci\u00f3 de fons<\/a><a href=\"https:\/\/www.hospitalarias.es\/colabora\/solidaridad\/dana\/\">&nbsp;<\/a>destinada a donar suport a les persones afectades per les greus inundacions a Val\u00e8ncia, provocades per la DANA. Aquesta iniciativa busca mobilitzar la solidaritat de la comunitat hospital\u00e0ria i canalitzar recursos cap a aquells que m\u00e9s ho necessiten.<\/p>\n\n\n\n<p>Els fons recaptats durant les pr\u00f2ximes setmanes es destinaran a entitats socials que ofereixen assist\u00e8ncia directa a les persones afectades i que treballen en la recuperaci\u00f3 dels habitatges de les zones damnificades.<\/p>\n\n\n\n<p>Les donacions es poden realitzar a trav\u00e9s de la web de Germanes Hospital\u00e0ries, mitjan\u00e7ant Bizum o targeta banc\u00e0ria, o directament des de l\u2019aplicaci\u00f3 del banc amb el codi 00357 de Bizum. La instituci\u00f3 espera que aquesta campanya, amb una durada prevista de 2 a 3 setmanes, pugui aportar ajuda r\u00e0pida davant la situaci\u00f3 d\u2019urg\u00e8ncia que es viu a la Comunitat Valenciana.<\/p>\n\n\n\n<p>Germanes Hospital\u00e0ries expressa el seu m\u00e9s profund condol per la p\u00e8rdua de vides i vol mostrar tot el seu suport als companys i companyes del Centre Sociosanitari Nuestra Se\u00f1ora del Carmen en aquests moments tan dif\u00edcils.<\/p>\n\n\n\n<p>Per a m\u00e9s informaci\u00f3, l\u2019organitzaci\u00f3 est\u00e0 disponible per atendre comentaris o consultes.<\/p>\n\n\n\n<figure class=\"wp-block-image size-large\"><img loading=\"lazy\" decoding=\"async\" width=\"1024\" height=\"576\" src=\"https:\/\/hospitalsagratcormartorell.org\/entre-tots\/wp-content\/uploads\/2024\/11\/Unknown-1024x576.png\" alt=\"\" class=\"wp-image-10177\" srcset=\"https:\/\/fundaciohospitalariesmartorell.org\/entre-tots\/wp-content\/uploads\/2024\/11\/Unknown-1024x576.png 1024w, https:\/\/fundaciohospitalariesmartorell.org\/entre-tots\/wp-content\/uploads\/2024\/11\/Unknown-300x169.png 300w, https:\/\/fundaciohospitalariesmartorell.org\/entre-tots\/wp-content\/uploads\/2024\/11\/Unknown-768x432.png 768w, https:\/\/fundaciohospitalariesmartorell.org\/entre-tots\/wp-content\/uploads\/2024\/11\/Unknown-1536x864.png 1536w, https:\/\/fundaciohospitalariesmartorell.org\/entre-tots\/wp-content\/uploads\/2024\/11\/Unknown-1320x743.png 1320w, https:\/\/fundaciohospitalariesmartorell.org\/entre-tots\/wp-content\/uploads\/2024\/11\/Unknown.png 1920w\" sizes=\"auto, (max-width: 1024px) 100vw, 1024px\" \/><\/figure>\n","protected":false},"excerpt":{"rendered":"<p>Germanes Hospital\u00e0ries ha posat en marxa una&nbsp;campanya de captaci\u00f3 de fons&nbsp;destinada a donar suport a les persones afectades per les greus inundacions a Val\u00e8ncia, provocades per la DANA. Aquesta iniciativa busca mobilitzar la solidaritat de la comunitat hospital\u00e0ria i canalitzar recursos cap a aquells que m\u00e9s ho necessiten. Els fons recaptats durant les pr\u00f2ximes setmanes [&hellip;]<\/p>\n","protected":false},"author":5,"featured_media":10177,"comment_status":"closed","ping_status":"closed","sticky":false,"template":"","format":"standard","meta":{"footnotes":""},"categories":[27],"tags":[65],"class_list":["post-10176","post","type-post","status-publish","format-standard","has-post-thumbnail","hentry","category-actualitat","tag-newsletter"],"blocksy_meta":[],"featured_image_urls_v2":{"full":["https:\/\/fundaciohospitalariesmartorell.org\/entre-tots\/wp-content\/uploads\/2024\/11\/Unknown.png",1920,1080,false],"thumbnail":["https:\/\/fundaciohospitalariesmartorell.org\/entre-tots\/wp-content\/uploads\/2024\/11\/Unknown-150x150.png",150,150,true],"medium":["https:\/\/fundaciohospitalariesmartorell.org\/entre-tots\/wp-content\/uploads\/2024\/11\/Unknown-300x169.png",300,169,true],"medium_large":["https:\/\/fundaciohospitalariesmartorell.org\/entre-tots\/wp-content\/uploads\/2024\/11\/Unknown-768x432.png",768,432,true],"large":["https:\/\/fundaciohospitalariesmartorell.org\/entre-tots\/wp-content\/uploads\/2024\/11\/Unknown-1024x576.png",1024,576,true],"1536x1536":["https:\/\/fundaciohospitalariesmartorell.org\/entre-tots\/wp-content\/uploads\/2024\/11\/Unknown-1536x864.png",1536,864,true],"2048x2048":["https:\/\/fundaciohospitalariesmartorell.org\/entre-tots\/wp-content\/uploads\/2024\/11\/Unknown.png",1920,1080,false],"mailpoet_newsletter_max":["https:\/\/fundaciohospitalariesmartorell.org\/entre-tots\/wp-content\/uploads\/2024\/11\/Unknown-1320x743.png",1320,743,true]},"post_excerpt_stackable_v2":"<p>Germanes Hospital\u00e0ries ha posat en marxa una&nbsp;campanya de captaci\u00f3 de fons&nbsp;destinada a donar suport a les persones afectades per les greus inundacions a Val\u00e8ncia, provocades per la DANA. Aquesta iniciativa busca mobilitzar la solidaritat de la comunitat hospital\u00e0ria i canalitzar recursos cap a aquells que m\u00e9s ho necessiten. Els fons recaptats durant les pr\u00f2ximes setmanes es destinaran a entitats socials que ofereixen assist\u00e8ncia directa a les persones afectades i que treballen en la recuperaci\u00f3 dels habitatges de les zones damnificades. Les donacions es poden realitzar a trav\u00e9s de la web de Germanes Hospital\u00e0ries, mitjan\u00e7ant Bizum o targeta banc\u00e0ria, o directament&hellip;<\/p>\n","category_list_v2":"<a href=\"https:\/\/fundaciohospitalariesmartorell.org\/entre-tots\/category\/actualitat\/\" rel=\"category tag\">ACTUALITAT<\/a>","author_info_v2":{"name":"Alba Felip","url":"https:\/\/fundaciohospitalariesmartorell.org\/entre-tots\/author\/afelipr\/"},"comments_num_v2":"0 comments","_links":{"self":[{"href":"https:\/\/fundaciohospitalariesmartorell.org\/entre-tots\/wp-json\/wp\/v2\/posts\/10176","targetHints":{"allow":["GET"]}}],"collection":[{"href":"https:\/\/fundaciohospitalariesmartorell.org\/entre-tots\/wp-json\/wp\/v2\/posts"}],"about":[{"href":"https:\/\/fundaciohospitalariesmartorell.org\/entre-tots\/wp-json\/wp\/v2\/types\/post"}],"author":[{"embeddable":true,"href":"https:\/\/fundaciohospitalariesmartorell.org\/entre-tots\/wp-json\/wp\/v2\/users\/5"}],"replies":[{"embeddable":true,"href":"https:\/\/fundaciohospitalariesmartorell.org\/entre-tots\/wp-json\/wp\/v2\/comments?post=10176"}],"version-history":[{"count":1,"href":"https:\/\/fundaciohospitalariesmartorell.org\/entre-tots\/wp-json\/wp\/v2\/posts\/10176\/revisions"}],"predecessor-version":[{"id":10178,"href":"https:\/\/fundaciohospitalariesmartorell.org\/entre-tots\/wp-json\/wp\/v2\/posts\/10176\/revisions\/10178"}],"wp:featuredmedia":[{"embeddable":true,"href":"https:\/\/fundaciohospitalariesmartorell.org\/entre-tots\/wp-json\/wp\/v2\/media\/10177"}],"wp:attachment":[{"href":"https:\/\/fundaciohospitalariesmartorell.org\/entre-tots\/wp-json\/wp\/v2\/media?parent=10176"}],"wp:term":[{"taxonomy":"category","embeddable":true,"href":"https:\/\/fundaciohospitalariesmartorell.org\/entre-tots\/wp-json\/wp\/v2\/categories?post=10176"},{"taxonomy":"post_tag","embeddable":true,"href":"https:\/\/fundaciohospitalariesmartorell.org\/entre-tots\/wp-json\/wp\/v2\/tags?post=10176"}],"curies":[{"name":"wp","href":"https:\/\/api.w.org\/{rel}","templated":true}]}}