{"id":10181,"date":"2024-11-06T13:40:37","date_gmt":"2024-11-06T12:40:37","guid":{"rendered":"https:\/\/hospitalsagratcormartorell.org\/entre-tots\/?p=10181"},"modified":"2024-11-29T11:58:08","modified_gmt":"2024-11-29T10:58:08","slug":"el-src-alt-penedes-celebra-la-castanyada-momificada-i-fantasmagorica-2024","status":"publish","type":"post","link":"https:\/\/fundaciohospitalariesmartorell.org\/entre-tots\/2024\/11\/el-src-alt-penedes-celebra-la-castanyada-momificada-i-fantasmagorica-2024\/","title":{"rendered":"El SRC Alt Pened\u00e8s celebra la Castanyada Momificada i Fantasmag\u00f2rica 2024"},"content":{"rendered":"\n<p>En una fusi\u00f3 de cultura, tradici\u00f3 i diversi\u00f3, el SRC Alt Pened\u00e8s va celebrar la Castanyada Momificada i Fantasmag\u00f2rica 2024 amb un grapat de tallers i activitats especials que van combinar elements de la Castanyada i de Halloween, coincidint amb la celebraci\u00f3 de Tots Sants.<\/p>\n\n\n\n<p>Entre els tallers destacats, les persones usu\u00e0ries del SRC van poder decorar <strong>m\u00e0scares populars mexicanes<\/strong>, un homenatge a les tradicions d&#8217;altres pa\u00efsos que va portar el color i l&#8217;esperit del D\u00eda de los Muertos a aquesta activitat. A m\u00e9s, es va fer <strong>cuina de Halloween<\/strong>, amb delicioses castanyes i moniatos, aix\u00ed com hamburgueses tem\u00e0tiques que van aportar un toc esgarrif\u00f3s i divertit a la gastronomia tradicional.<\/p>\n\n\n\n<div class=\"wp-block-stackable-columns stk-block-columns stk-block stk-11a00a6\" data-block-id=\"11a00a6\"><div class=\"stk-row stk-inner-blocks stk-block-content stk-content-align stk-11a00a6-column\">\n<div class=\"wp-block-stackable-column stk-block-column stk-column stk-block stk-34babc8\" data-v=\"4\" data-block-id=\"34babc8\"><div class=\"stk-column-wrapper stk-block-column__content stk-container stk-34babc8-container stk--no-background stk--no-padding\"><div class=\"stk-block-content stk-inner-blocks stk-34babc8-inner-blocks\">\n<figure class=\"wp-block-image size-large\"><img loading=\"lazy\" decoding=\"async\" width=\"768\" height=\"1024\" src=\"https:\/\/hospitalsagratcormartorell.org\/entre-tots\/wp-content\/uploads\/2024\/11\/20241031_135952-768x1024.jpg\" alt=\"\" class=\"wp-image-10185\" srcset=\"https:\/\/fundaciohospitalariesmartorell.org\/entre-tots\/wp-content\/uploads\/2024\/11\/20241031_135952-768x1024.jpg 768w, https:\/\/fundaciohospitalariesmartorell.org\/entre-tots\/wp-content\/uploads\/2024\/11\/20241031_135952-225x300.jpg 225w, https:\/\/fundaciohospitalariesmartorell.org\/entre-tots\/wp-content\/uploads\/2024\/11\/20241031_135952-1152x1536.jpg 1152w, https:\/\/fundaciohospitalariesmartorell.org\/entre-tots\/wp-content\/uploads\/2024\/11\/20241031_135952-1536x2048.jpg 1536w, https:\/\/fundaciohospitalariesmartorell.org\/entre-tots\/wp-content\/uploads\/2024\/11\/20241031_135952-1320x1760.jpg 1320w, https:\/\/fundaciohospitalariesmartorell.org\/entre-tots\/wp-content\/uploads\/2024\/11\/20241031_135952-scaled.jpg 1920w\" sizes=\"auto, (max-width: 768px) 100vw, 768px\" \/><\/figure>\n<\/div><\/div><\/div>\n\n\n\n<div class=\"wp-block-stackable-column stk-block-column stk-column stk-block stk-21a3019\" data-v=\"4\" data-block-id=\"21a3019\"><div class=\"stk-column-wrapper stk-block-column__content stk-container stk-21a3019-container stk--no-background stk--no-padding\"><div class=\"stk-block-content stk-inner-blocks stk-21a3019-inner-blocks\">\n<figure class=\"wp-block-image size-full\"><img loading=\"lazy\" decoding=\"async\" width=\"486\" height=\"648\" src=\"https:\/\/hospitalsagratcormartorell.org\/entre-tots\/wp-content\/uploads\/2024\/11\/Captura-de-Pantalla-2024-11-07-a-las-3.04.02-p.m.png\" alt=\"\" class=\"wp-image-10196\" srcset=\"https:\/\/fundaciohospitalariesmartorell.org\/entre-tots\/wp-content\/uploads\/2024\/11\/Captura-de-Pantalla-2024-11-07-a-las-3.04.02-p.m.png 486w, https:\/\/fundaciohospitalariesmartorell.org\/entre-tots\/wp-content\/uploads\/2024\/11\/Captura-de-Pantalla-2024-11-07-a-las-3.04.02-p.m-225x300.png 225w\" sizes=\"auto, (max-width: 486px) 100vw, 486px\" \/><\/figure>\n<\/div><\/div><\/div>\n\n\n\n<div class=\"wp-block-stackable-column stk-block-column stk-column stk-block stk-a836f69\" data-v=\"4\" data-block-id=\"a836f69\"><div class=\"stk-column-wrapper stk-block-column__content stk-container stk-a836f69-container stk--no-background stk--no-padding\"><div class=\"stk-block-content stk-inner-blocks stk-a836f69-inner-blocks\">\n<figure class=\"wp-block-image size-large\"><img loading=\"lazy\" decoding=\"async\" width=\"768\" height=\"1024\" src=\"https:\/\/hospitalsagratcormartorell.org\/entre-tots\/wp-content\/uploads\/2024\/11\/20241031_140122-768x1024.jpg\" alt=\"\" class=\"wp-image-10183\" srcset=\"https:\/\/fundaciohospitalariesmartorell.org\/entre-tots\/wp-content\/uploads\/2024\/11\/20241031_140122-768x1024.jpg 768w, https:\/\/fundaciohospitalariesmartorell.org\/entre-tots\/wp-content\/uploads\/2024\/11\/20241031_140122-225x300.jpg 225w, https:\/\/fundaciohospitalariesmartorell.org\/entre-tots\/wp-content\/uploads\/2024\/11\/20241031_140122-1152x1536.jpg 1152w, https:\/\/fundaciohospitalariesmartorell.org\/entre-tots\/wp-content\/uploads\/2024\/11\/20241031_140122-1536x2048.jpg 1536w, https:\/\/fundaciohospitalariesmartorell.org\/entre-tots\/wp-content\/uploads\/2024\/11\/20241031_140122-1320x1760.jpg 1320w, https:\/\/fundaciohospitalariesmartorell.org\/entre-tots\/wp-content\/uploads\/2024\/11\/20241031_140122-scaled.jpg 1920w\" sizes=\"auto, (max-width: 768px) 100vw, 768px\" \/><\/figure>\n<\/div><\/div><\/div>\n<\/div><\/div>\n\n\n\n<p>Les activitats van incloure, tamb\u00e9, una <strong>estona de jocs en parella<\/strong> amb la innovadora Consola Hallowense i la Queixalada de Xuxe. Tamb\u00e9 es va projectar la pel\u00b7l\u00edcula cl\u00e0ssica de com\u00e8dia i terror <em>Beetlejuice<\/em>.<\/p>\n\n\n\n<p>Per acabar de crear una atmosfera esborronadora, el SRC Alt Pened\u00e8s es va decorar amb fantasmes a la paret.<\/p>\n\n\n\n<p>El programa d&#8217;actes va concloure amb un animat <strong>piscolabis<\/strong>, on les persones usu\u00e0ries van compartir impressions sobre les activitats, tancant aix\u00ed una celebraci\u00f3 de conviv\u00e8ncia i esperit festiu.<\/p>\n\n\n\n<p><\/p>\n","protected":false},"excerpt":{"rendered":"<p>En una fusi\u00f3 de cultura, tradici\u00f3 i diversi\u00f3, el SRC Alt Pened\u00e8s va celebrar la Castanyada Momificada i Fantasmag\u00f2rica 2024 amb un grapat de tallers i activitats especials que van combinar elements de la Castanyada i de Halloween, coincidint amb la celebraci\u00f3 de Tots Sants. Entre els tallers destacats, les persones usu\u00e0ries del SRC van [&hellip;]<\/p>\n","protected":false},"author":5,"featured_media":10182,"comment_status":"closed","ping_status":"closed","sticky":false,"template":"","format":"standard","meta":{"footnotes":""},"categories":[27],"tags":[65],"class_list":["post-10181","post","type-post","status-publish","format-standard","has-post-thumbnail","hentry","category-actualitat","tag-newsletter"],"blocksy_meta":[],"featured_image_urls_v2":{"full":["https:\/\/fundaciohospitalariesmartorell.org\/entre-tots\/wp-content\/uploads\/2024\/11\/20241031_141506-scaled.jpg",1953,2560,false],"thumbnail":["https:\/\/fundaciohospitalariesmartorell.org\/entre-tots\/wp-content\/uploads\/2024\/11\/20241031_141506-150x150.jpg",150,150,true],"medium":["https:\/\/fundaciohospitalariesmartorell.org\/entre-tots\/wp-content\/uploads\/2024\/11\/20241031_141506-229x300.jpg",229,300,true],"medium_large":["https:\/\/fundaciohospitalariesmartorell.org\/entre-tots\/wp-content\/uploads\/2024\/11\/20241031_141506-768x1007.jpg",768,1007,true],"large":["https:\/\/fundaciohospitalariesmartorell.org\/entre-tots\/wp-content\/uploads\/2024\/11\/20241031_141506-781x1024.jpg",781,1024,true],"1536x1536":["https:\/\/fundaciohospitalariesmartorell.org\/entre-tots\/wp-content\/uploads\/2024\/11\/20241031_141506-1172x1536.jpg",1172,1536,true],"2048x2048":["https:\/\/fundaciohospitalariesmartorell.org\/entre-tots\/wp-content\/uploads\/2024\/11\/20241031_141506-1563x2048.jpg",1563,2048,true],"mailpoet_newsletter_max":["https:\/\/fundaciohospitalariesmartorell.org\/entre-tots\/wp-content\/uploads\/2024\/11\/20241031_141506-1320x1730.jpg",1320,1730,true]},"post_excerpt_stackable_v2":"<p>En una fusi\u00f3 de cultura, tradici\u00f3 i diversi\u00f3, el SRC Alt Pened\u00e8s va celebrar la Castanyada Momificada i Fantasmag\u00f2rica 2024 amb un grapat de tallers i activitats especials que van combinar elements de la Castanyada i de Halloween, coincidint amb la celebraci\u00f3 de Tots Sants. Entre els tallers destacats, les persones usu\u00e0ries del SRC van poder decorar m\u00e0scares populars mexicanes, un homenatge a les tradicions d&#8217;altres pa\u00efsos que va portar el color i l&#8217;esperit del D\u00eda de los Muertos a aquesta activitat. A m\u00e9s, es va fer cuina de Halloween, amb delicioses castanyes i moniatos, aix\u00ed com hamburgueses tem\u00e0tiques que&hellip;<\/p>\n","category_list_v2":"<a href=\"https:\/\/fundaciohospitalariesmartorell.org\/entre-tots\/category\/actualitat\/\" rel=\"category tag\">ACTUALITAT<\/a>","author_info_v2":{"name":"Alba Felip","url":"https:\/\/fundaciohospitalariesmartorell.org\/entre-tots\/author\/afelipr\/"},"comments_num_v2":"0 comments","_links":{"self":[{"href":"https:\/\/fundaciohospitalariesmartorell.org\/entre-tots\/wp-json\/wp\/v2\/posts\/10181","targetHints":{"allow":["GET"]}}],"collection":[{"href":"https:\/\/fundaciohospitalariesmartorell.org\/entre-tots\/wp-json\/wp\/v2\/posts"}],"about":[{"href":"https:\/\/fundaciohospitalariesmartorell.org\/entre-tots\/wp-json\/wp\/v2\/types\/post"}],"author":[{"embeddable":true,"href":"https:\/\/fundaciohospitalariesmartorell.org\/entre-tots\/wp-json\/wp\/v2\/users\/5"}],"replies":[{"embeddable":true,"href":"https:\/\/fundaciohospitalariesmartorell.org\/entre-tots\/wp-json\/wp\/v2\/comments?post=10181"}],"version-history":[{"count":3,"href":"https:\/\/fundaciohospitalariesmartorell.org\/entre-tots\/wp-json\/wp\/v2\/posts\/10181\/revisions"}],"predecessor-version":[{"id":10197,"href":"https:\/\/fundaciohospitalariesmartorell.org\/entre-tots\/wp-json\/wp\/v2\/posts\/10181\/revisions\/10197"}],"wp:featuredmedia":[{"embeddable":true,"href":"https:\/\/fundaciohospitalariesmartorell.org\/entre-tots\/wp-json\/wp\/v2\/media\/10182"}],"wp:attachment":[{"href":"https:\/\/fundaciohospitalariesmartorell.org\/entre-tots\/wp-json\/wp\/v2\/media?parent=10181"}],"wp:term":[{"taxonomy":"category","embeddable":true,"href":"https:\/\/fundaciohospitalariesmartorell.org\/entre-tots\/wp-json\/wp\/v2\/categories?post=10181"},{"taxonomy":"post_tag","embeddable":true,"href":"https:\/\/fundaciohospitalariesmartorell.org\/entre-tots\/wp-json\/wp\/v2\/tags?post=10181"}],"curies":[{"name":"wp","href":"https:\/\/api.w.org\/{rel}","templated":true}]}}