{"id":10190,"date":"2024-11-13T15:46:16","date_gmt":"2024-11-13T14:46:16","guid":{"rendered":"https:\/\/hospitalsagratcormartorell.org\/entre-tots\/?p=10190"},"modified":"2024-11-29T11:58:08","modified_gmt":"2024-11-29T10:58:08","slug":"campanya-dana","status":"publish","type":"post","link":"https:\/\/fundaciohospitalariesmartorell.org\/entre-tots\/2024\/11\/campanya-dana\/","title":{"rendered":"La Comissi\u00f3 de Solidaritat recull 19 caixes de material escolar per a les escoles afectades per la DANA a Val\u00e8ncia"},"content":{"rendered":"\n<figure class=\"wp-block-gallery has-nested-images columns-default is-cropped wp-block-gallery-1 is-layout-flex wp-block-gallery-is-layout-flex\">\n<figure class=\"wp-block-image size-large\"><img loading=\"lazy\" decoding=\"async\" width=\"1024\" height=\"768\" data-id=\"10229\" src=\"https:\/\/hospitalsagratcormartorell.org\/entre-tots\/wp-content\/uploads\/2024\/11\/Dana-solidaria-1024x768.jpeg\" alt=\"\" class=\"wp-image-10229\" srcset=\"https:\/\/fundaciohospitalariesmartorell.org\/entre-tots\/wp-content\/uploads\/2024\/11\/Dana-solidaria-1024x768.jpeg 1024w, https:\/\/fundaciohospitalariesmartorell.org\/entre-tots\/wp-content\/uploads\/2024\/11\/Dana-solidaria-300x225.jpeg 300w, https:\/\/fundaciohospitalariesmartorell.org\/entre-tots\/wp-content\/uploads\/2024\/11\/Dana-solidaria-768x576.jpeg 768w, https:\/\/fundaciohospitalariesmartorell.org\/entre-tots\/wp-content\/uploads\/2024\/11\/Dana-solidaria-1536x1152.jpeg 1536w, https:\/\/fundaciohospitalariesmartorell.org\/entre-tots\/wp-content\/uploads\/2024\/11\/Dana-solidaria-1320x990.jpeg 1320w, https:\/\/fundaciohospitalariesmartorell.org\/entre-tots\/wp-content\/uploads\/2024\/11\/Dana-solidaria.jpeg 2000w\" sizes=\"auto, (max-width: 1024px) 100vw, 1024px\" \/><\/figure>\n<\/figure>\n\n\n\n<p>La Comissi\u00f3 de Solidaritat de l&#8217;Hospital Sagrat Cor ha aconseguit reunir 19 caixes de material escolar per donar suport a les escoles afectades pels estralls de la DANA a Val\u00e8ncia. Aquesta campanya solid\u00e0ria, organitzada en coordinaci\u00f3 amb Protecci\u00f3 Civil de Val\u00e8ncia, ha comptat amb la col\u00b7laboraci\u00f3 de l&#8217;empresa CEVAM, que s&#8217;ha encarregat generosament de l&#8217;enviament del material.<\/p>\n\n\n\n<p>Gr\u00e0cies a la generositat de la comunitat hospital\u00e0ria, s&#8217;han recollit nombroses caixes de llibres infantils, per\u00f2 tamb\u00e9 quaderns, blocs de notes, carpetes, retoladors i llapis de colors, tisores, gomes d&#8217;esborrar, ceres i flautes, entre altres. <\/p>\n\n\n\n<figure class=\"wp-block-gallery has-nested-images columns-default is-cropped wp-block-gallery-2 is-layout-flex wp-block-gallery-is-layout-flex\">\n<figure class=\"wp-block-image size-large\"><img loading=\"lazy\" decoding=\"async\" width=\"768\" height=\"1024\" data-id=\"10230\" src=\"https:\/\/hospitalsagratcormartorell.org\/entre-tots\/wp-content\/uploads\/2024\/11\/WhatsApp-Image-2024-11-13-at-15.44.59-768x1024.jpeg\" alt=\"\" class=\"wp-image-10230\" srcset=\"https:\/\/fundaciohospitalariesmartorell.org\/entre-tots\/wp-content\/uploads\/2024\/11\/WhatsApp-Image-2024-11-13-at-15.44.59-768x1024.jpeg 768w, https:\/\/fundaciohospitalariesmartorell.org\/entre-tots\/wp-content\/uploads\/2024\/11\/WhatsApp-Image-2024-11-13-at-15.44.59-225x300.jpeg 225w, https:\/\/fundaciohospitalariesmartorell.org\/entre-tots\/wp-content\/uploads\/2024\/11\/WhatsApp-Image-2024-11-13-at-15.44.59-1152x1536.jpeg 1152w, https:\/\/fundaciohospitalariesmartorell.org\/entre-tots\/wp-content\/uploads\/2024\/11\/WhatsApp-Image-2024-11-13-at-15.44.59-1320x1760.jpeg 1320w, https:\/\/fundaciohospitalariesmartorell.org\/entre-tots\/wp-content\/uploads\/2024\/11\/WhatsApp-Image-2024-11-13-at-15.44.59.jpeg 1536w\" sizes=\"auto, (max-width: 768px) 100vw, 768px\" \/><\/figure>\n\n\n\n<figure class=\"wp-block-image size-large\"><img loading=\"lazy\" decoding=\"async\" width=\"768\" height=\"1024\" data-id=\"10231\" src=\"https:\/\/hospitalsagratcormartorell.org\/entre-tots\/wp-content\/uploads\/2024\/11\/WhatsApp-Image-2024-11-13-at-15.44.54-768x1024.jpeg\" alt=\"\" class=\"wp-image-10231\" srcset=\"https:\/\/fundaciohospitalariesmartorell.org\/entre-tots\/wp-content\/uploads\/2024\/11\/WhatsApp-Image-2024-11-13-at-15.44.54-768x1024.jpeg 768w, https:\/\/fundaciohospitalariesmartorell.org\/entre-tots\/wp-content\/uploads\/2024\/11\/WhatsApp-Image-2024-11-13-at-15.44.54-225x300.jpeg 225w, https:\/\/fundaciohospitalariesmartorell.org\/entre-tots\/wp-content\/uploads\/2024\/11\/WhatsApp-Image-2024-11-13-at-15.44.54-1152x1536.jpeg 1152w, https:\/\/fundaciohospitalariesmartorell.org\/entre-tots\/wp-content\/uploads\/2024\/11\/WhatsApp-Image-2024-11-13-at-15.44.54-1320x1760.jpeg 1320w, https:\/\/fundaciohospitalariesmartorell.org\/entre-tots\/wp-content\/uploads\/2024\/11\/WhatsApp-Image-2024-11-13-at-15.44.54.jpeg 1536w\" sizes=\"auto, (max-width: 768px) 100vw, 768px\" \/><\/figure>\n\n\n\n<figure class=\"wp-block-image size-large\"><img loading=\"lazy\" decoding=\"async\" width=\"1024\" height=\"768\" data-id=\"10232\" src=\"https:\/\/hospitalsagratcormartorell.org\/entre-tots\/wp-content\/uploads\/2024\/11\/WhatsApp-Image-2024-11-13-at-15.44.51-1024x768.jpeg\" alt=\"\" class=\"wp-image-10232\" srcset=\"https:\/\/fundaciohospitalariesmartorell.org\/entre-tots\/wp-content\/uploads\/2024\/11\/WhatsApp-Image-2024-11-13-at-15.44.51-1024x768.jpeg 1024w, https:\/\/fundaciohospitalariesmartorell.org\/entre-tots\/wp-content\/uploads\/2024\/11\/WhatsApp-Image-2024-11-13-at-15.44.51-300x225.jpeg 300w, https:\/\/fundaciohospitalariesmartorell.org\/entre-tots\/wp-content\/uploads\/2024\/11\/WhatsApp-Image-2024-11-13-at-15.44.51-768x576.jpeg 768w, https:\/\/fundaciohospitalariesmartorell.org\/entre-tots\/wp-content\/uploads\/2024\/11\/WhatsApp-Image-2024-11-13-at-15.44.51-1536x1152.jpeg 1536w, https:\/\/fundaciohospitalariesmartorell.org\/entre-tots\/wp-content\/uploads\/2024\/11\/WhatsApp-Image-2024-11-13-at-15.44.51-1320x990.jpeg 1320w, https:\/\/fundaciohospitalariesmartorell.org\/entre-tots\/wp-content\/uploads\/2024\/11\/WhatsApp-Image-2024-11-13-at-15.44.51.jpeg 2048w\" sizes=\"auto, (max-width: 1024px) 100vw, 1024px\" \/><\/figure>\n<\/figure>\n\n\n\n<p>La Comissi\u00f3 de Solidaritat agraeix sincerament cada donaci\u00f3 rebuda i recorda que segueix activa la<strong><a href=\"https:\/\/hospitalsagratcormartorell.org\/entre-tots\/2024\/11\/germanes-hospitalaries-posa-en-marxa-una-campanya-de-captacio-de-fons-per-ajudar-a-les-victimes-de-les-inundacions-a-valencia\/\" target=\"_blank\" rel=\"noreferrer noopener\">&nbsp;campanya de captaci\u00f3 de fons<\/a><\/strong><a href=\"https:\/\/hospitalsagratcormartorell.org\/entre-tots\/2024\/11\/germanes-hospitalaries-posa-en-marxa-una-campanya-de-captacio-de-fons-per-ajudar-a-les-victimes-de-les-inundacions-a-valencia\/\" target=\"_blank\" rel=\"noreferrer noopener\">&nbsp;&nbsp;<\/a>impulsada per Germanes Hospital\u00e0ries a escala estatal per donar suport a les persones afectades per les greus inundacions a Val\u00e8ncia.<\/p>\n\n\n\n<p><\/p>\n","protected":false},"excerpt":{"rendered":"<p>La Comissi\u00f3 de Solidaritat de l&#8217;Hospital Sagrat Cor ha aconseguit reunir 19 caixes de material escolar per donar suport a les escoles afectades pels estralls de la DANA a Val\u00e8ncia. Aquesta campanya solid\u00e0ria, organitzada en coordinaci\u00f3 amb Protecci\u00f3 Civil de Val\u00e8ncia, ha comptat amb la col\u00b7laboraci\u00f3 de l&#8217;empresa CEVAM, que s&#8217;ha encarregat generosament de l&#8217;enviament [&hellip;]<\/p>\n","protected":false},"author":5,"featured_media":10229,"comment_status":"closed","ping_status":"closed","sticky":false,"template":"","format":"standard","meta":{"footnotes":""},"categories":[27,61],"tags":[65],"class_list":["post-10190","post","type-post","status-publish","format-standard","has-post-thumbnail","hentry","category-actualitat","category-societat","tag-newsletter"],"blocksy_meta":[],"featured_image_urls_v2":{"full":["https:\/\/fundaciohospitalariesmartorell.org\/entre-tots\/wp-content\/uploads\/2024\/11\/Dana-solidaria.jpeg",2000,1500,false],"thumbnail":["https:\/\/fundaciohospitalariesmartorell.org\/entre-tots\/wp-content\/uploads\/2024\/11\/Dana-solidaria-150x150.jpeg",150,150,true],"medium":["https:\/\/fundaciohospitalariesmartorell.org\/entre-tots\/wp-content\/uploads\/2024\/11\/Dana-solidaria-300x225.jpeg",300,225,true],"medium_large":["https:\/\/fundaciohospitalariesmartorell.org\/entre-tots\/wp-content\/uploads\/2024\/11\/Dana-solidaria-768x576.jpeg",768,576,true],"large":["https:\/\/fundaciohospitalariesmartorell.org\/entre-tots\/wp-content\/uploads\/2024\/11\/Dana-solidaria-1024x768.jpeg",1024,768,true],"1536x1536":["https:\/\/fundaciohospitalariesmartorell.org\/entre-tots\/wp-content\/uploads\/2024\/11\/Dana-solidaria-1536x1152.jpeg",1536,1152,true],"2048x2048":["https:\/\/fundaciohospitalariesmartorell.org\/entre-tots\/wp-content\/uploads\/2024\/11\/Dana-solidaria.jpeg",2000,1500,false],"mailpoet_newsletter_max":["https:\/\/fundaciohospitalariesmartorell.org\/entre-tots\/wp-content\/uploads\/2024\/11\/Dana-solidaria-1320x990.jpeg",1320,990,true]},"post_excerpt_stackable_v2":"<p>La Comissi\u00f3 de Solidaritat de l&#8217;Hospital Sagrat Cor ha aconseguit reunir 19 caixes de material escolar per donar suport a les escoles afectades pels estralls de la DANA a Val\u00e8ncia. Aquesta campanya solid\u00e0ria, organitzada en coordinaci\u00f3 amb Protecci\u00f3 Civil de Val\u00e8ncia, ha comptat amb la col\u00b7laboraci\u00f3 de l&#8217;empresa CEVAM, que s&#8217;ha encarregat generosament de l&#8217;enviament del material. Gr\u00e0cies a la generositat de la comunitat hospital\u00e0ria, s&#8217;han recollit nombroses caixes de llibres infantils, per\u00f2 tamb\u00e9 quaderns, blocs de notes, carpetes, retoladors i llapis de colors, tisores, gomes d&#8217;esborrar, ceres i flautes, entre altres. La Comissi\u00f3 de Solidaritat agraeix sincerament cada donaci\u00f3&hellip;<\/p>\n","category_list_v2":"<a href=\"https:\/\/fundaciohospitalariesmartorell.org\/entre-tots\/category\/actualitat\/\" rel=\"category tag\">ACTUALITAT<\/a>, <a href=\"https:\/\/fundaciohospitalariesmartorell.org\/entre-tots\/category\/actualitat\/societat\/\" rel=\"category tag\">SOCIETAT<\/a>","author_info_v2":{"name":"Alba Felip","url":"https:\/\/fundaciohospitalariesmartorell.org\/entre-tots\/author\/afelipr\/"},"comments_num_v2":"0 comments","_links":{"self":[{"href":"https:\/\/fundaciohospitalariesmartorell.org\/entre-tots\/wp-json\/wp\/v2\/posts\/10190","targetHints":{"allow":["GET"]}}],"collection":[{"href":"https:\/\/fundaciohospitalariesmartorell.org\/entre-tots\/wp-json\/wp\/v2\/posts"}],"about":[{"href":"https:\/\/fundaciohospitalariesmartorell.org\/entre-tots\/wp-json\/wp\/v2\/types\/post"}],"author":[{"embeddable":true,"href":"https:\/\/fundaciohospitalariesmartorell.org\/entre-tots\/wp-json\/wp\/v2\/users\/5"}],"replies":[{"embeddable":true,"href":"https:\/\/fundaciohospitalariesmartorell.org\/entre-tots\/wp-json\/wp\/v2\/comments?post=10190"}],"version-history":[{"count":3,"href":"https:\/\/fundaciohospitalariesmartorell.org\/entre-tots\/wp-json\/wp\/v2\/posts\/10190\/revisions"}],"predecessor-version":[{"id":10236,"href":"https:\/\/fundaciohospitalariesmartorell.org\/entre-tots\/wp-json\/wp\/v2\/posts\/10190\/revisions\/10236"}],"wp:featuredmedia":[{"embeddable":true,"href":"https:\/\/fundaciohospitalariesmartorell.org\/entre-tots\/wp-json\/wp\/v2\/media\/10229"}],"wp:attachment":[{"href":"https:\/\/fundaciohospitalariesmartorell.org\/entre-tots\/wp-json\/wp\/v2\/media?parent=10190"}],"wp:term":[{"taxonomy":"category","embeddable":true,"href":"https:\/\/fundaciohospitalariesmartorell.org\/entre-tots\/wp-json\/wp\/v2\/categories?post=10190"},{"taxonomy":"post_tag","embeddable":true,"href":"https:\/\/fundaciohospitalariesmartorell.org\/entre-tots\/wp-json\/wp\/v2\/tags?post=10190"}],"curies":[{"name":"wp","href":"https:\/\/api.w.org\/{rel}","templated":true}]}}