{"id":10193,"date":"2024-11-07T14:50:40","date_gmt":"2024-11-07T13:50:40","guid":{"rendered":"https:\/\/hospitalsagratcormartorell.org\/entre-tots\/?p=10193"},"modified":"2024-11-29T11:58:08","modified_gmt":"2024-11-29T10:58:08","slug":"iii-concurs-de-receptes-saludables-de-nadal-cuines-del-mon-per-a-un-nadal-saludable","status":"publish","type":"post","link":"https:\/\/fundaciohospitalariesmartorell.org\/entre-tots\/2024\/11\/iii-concurs-de-receptes-saludables-de-nadal-cuines-del-mon-per-a-un-nadal-saludable\/","title":{"rendered":"III Concurs de receptes saludables &#8220;Cuines del m\u00f3n per un Nadal saludable&#8221;"},"content":{"rendered":"\n<figure class=\"wp-block-image size-large\"><img loading=\"lazy\" decoding=\"async\" width=\"1024\" height=\"576\" src=\"https:\/\/hospitalsagratcormartorell.org\/entre-tots\/wp-content\/uploads\/2024\/11\/Cuines-del-mon-24-1024x576.png\" alt=\"\" class=\"wp-image-10199\" srcset=\"https:\/\/fundaciohospitalariesmartorell.org\/entre-tots\/wp-content\/uploads\/2024\/11\/Cuines-del-mon-24-1024x576.png 1024w, https:\/\/fundaciohospitalariesmartorell.org\/entre-tots\/wp-content\/uploads\/2024\/11\/Cuines-del-mon-24-300x169.png 300w, https:\/\/fundaciohospitalariesmartorell.org\/entre-tots\/wp-content\/uploads\/2024\/11\/Cuines-del-mon-24-768x432.png 768w, https:\/\/fundaciohospitalariesmartorell.org\/entre-tots\/wp-content\/uploads\/2024\/11\/Cuines-del-mon-24-1536x864.png 1536w, https:\/\/fundaciohospitalariesmartorell.org\/entre-tots\/wp-content\/uploads\/2024\/11\/Cuines-del-mon-24-1320x743.png 1320w, https:\/\/fundaciohospitalariesmartorell.org\/entre-tots\/wp-content\/uploads\/2024\/11\/Cuines-del-mon-24.png 1920w\" sizes=\"auto, (max-width: 1024px) 100vw, 1024px\" \/><\/figure>\n\n\n\n<p>Del 6 de novembre a l\u20191 de desembre, estar\u00e0 obert el termini per presentar receptes al III Concurs de receptes saludables de Nadal, que enguany t\u00e9 per lema <em>Cuines del m\u00f3n per un Nadal saludable<\/em>.<\/p>\n\n\n\n<p>Impulsat per la comissi\u00f3 <strong>Cuida\u2019t per Cuidar<\/strong>, el concurs est\u00e0 obert a qualsevol persona col\u00b7laboradora de l\u2019Hospital Sagrat Cor que hi vulgui participar i celebrar la diversitat culin\u00e0ria. Les receptes es poden enviar al correu electr\u00f2nic a<a href=\"mailto:cuidatxcuidar.hsagratcor@hospitalarias.es\">cuidatxcuidar.hsagratcor@hospitalarias.es<\/a>.<\/p>\n\n\n\n<blockquote class=\"wp-block-quote is-layout-flow wp-block-quote-is-layout-flow\">\n<p>Podeu consultar <a href=\"https:\/\/hospitalsagratcormartorell.org\/entre-tots\/wp-content\/uploads\/2024\/11\/CONCURS-DE-RECEPTES-NADAL-24.pdf\">aqu\u00ed les bases del concurs.<\/a><\/p>\n<\/blockquote>\n\n\n\n<p>La comunicaci\u00f3 i el lliurament de premis es dur\u00e0 a terme el dia de la celebraci\u00f3 de Nadal a l\u2019Hospital, que aquest any ser\u00e0 el 20 de desembre.<\/p>\n\n\n\n<p>Es repartiran tres premis, un per a cada categoria del concurs \u2013entrant, plat principal i postres\u2013, i les receptes guanyadores obtindran un val de compra de 100 euros que es podr\u00e0 fer servir en qualsevol botiga de la cadena Casa Ametller.<\/p>\n\n\n\n<p>Aquesta iniciativa convida tots els participants a compartir les seves receptes m\u00e9s saludables i divertides, inspirades en la seva cultura d&#8217;origen, amb l\u2019objectiu de crear un espai d&#8217;intercanvi i aprenentatge que fomenti l&#8217;alimentaci\u00f3 saludable a trav\u00e9s de la cuina, un dels millors mitjans per connectar amb altres cultures. <\/p>\n\n\n\n<p>No us perdeu l\u2019oportunitat de participar en el concurs i celebrar un Nadal ple de sabor i salut!<\/p>\n\n\n<figure class=\"wp-block-post-featured-image\"><img loading=\"lazy\" decoding=\"async\" width=\"872\" height=\"1232\" src=\"https:\/\/fundaciohospitalariesmartorell.org\/entre-tots\/wp-content\/uploads\/2024\/11\/Captura-de-Pantalla-2024-11-07-a-las-2.49.11-p.m.png\" class=\"attachment-post-thumbnail size-post-thumbnail wp-post-image\" alt=\"\" style=\"object-fit:cover;\" srcset=\"https:\/\/fundaciohospitalariesmartorell.org\/entre-tots\/wp-content\/uploads\/2024\/11\/Captura-de-Pantalla-2024-11-07-a-las-2.49.11-p.m.png 872w, https:\/\/fundaciohospitalariesmartorell.org\/entre-tots\/wp-content\/uploads\/2024\/11\/Captura-de-Pantalla-2024-11-07-a-las-2.49.11-p.m-212x300.png 212w, https:\/\/fundaciohospitalariesmartorell.org\/entre-tots\/wp-content\/uploads\/2024\/11\/Captura-de-Pantalla-2024-11-07-a-las-2.49.11-p.m-725x1024.png 725w, https:\/\/fundaciohospitalariesmartorell.org\/entre-tots\/wp-content\/uploads\/2024\/11\/Captura-de-Pantalla-2024-11-07-a-las-2.49.11-p.m-768x1085.png 768w\" sizes=\"auto, (max-width: 872px) 100vw, 872px\" \/><\/figure>\n\n","protected":false},"excerpt":{"rendered":"<p>Del 6 de novembre a l\u20191 de desembre, estar\u00e0 obert el termini per presentar receptes al III Concurs de receptes saludables de Nadal, que enguany t\u00e9 per lema Cuines del m\u00f3n per un Nadal saludable. Impulsat per la comissi\u00f3 Cuida\u2019t per Cuidar, el concurs est\u00e0 obert a qualsevol persona col\u00b7laboradora de l\u2019Hospital Sagrat Cor que [&hellip;]<\/p>\n","protected":false},"author":5,"featured_media":10194,"comment_status":"closed","ping_status":"closed","sticky":false,"template":"","format":"standard","meta":{"footnotes":""},"categories":[27,61],"tags":[65],"class_list":["post-10193","post","type-post","status-publish","format-standard","has-post-thumbnail","hentry","category-actualitat","category-societat","tag-newsletter"],"blocksy_meta":[],"featured_image_urls_v2":{"full":["https:\/\/fundaciohospitalariesmartorell.org\/entre-tots\/wp-content\/uploads\/2024\/11\/Captura-de-Pantalla-2024-11-07-a-las-2.49.11-p.m.png",872,1232,false],"thumbnail":["https:\/\/fundaciohospitalariesmartorell.org\/entre-tots\/wp-content\/uploads\/2024\/11\/Captura-de-Pantalla-2024-11-07-a-las-2.49.11-p.m-150x150.png",150,150,true],"medium":["https:\/\/fundaciohospitalariesmartorell.org\/entre-tots\/wp-content\/uploads\/2024\/11\/Captura-de-Pantalla-2024-11-07-a-las-2.49.11-p.m-212x300.png",212,300,true],"medium_large":["https:\/\/fundaciohospitalariesmartorell.org\/entre-tots\/wp-content\/uploads\/2024\/11\/Captura-de-Pantalla-2024-11-07-a-las-2.49.11-p.m-768x1085.png",768,1085,true],"large":["https:\/\/fundaciohospitalariesmartorell.org\/entre-tots\/wp-content\/uploads\/2024\/11\/Captura-de-Pantalla-2024-11-07-a-las-2.49.11-p.m-725x1024.png",725,1024,true],"1536x1536":["https:\/\/fundaciohospitalariesmartorell.org\/entre-tots\/wp-content\/uploads\/2024\/11\/Captura-de-Pantalla-2024-11-07-a-las-2.49.11-p.m.png",872,1232,false],"2048x2048":["https:\/\/fundaciohospitalariesmartorell.org\/entre-tots\/wp-content\/uploads\/2024\/11\/Captura-de-Pantalla-2024-11-07-a-las-2.49.11-p.m.png",872,1232,false],"mailpoet_newsletter_max":["https:\/\/fundaciohospitalariesmartorell.org\/entre-tots\/wp-content\/uploads\/2024\/11\/Captura-de-Pantalla-2024-11-07-a-las-2.49.11-p.m.png",872,1232,false]},"post_excerpt_stackable_v2":"<p>Del 6 de novembre a l\u20191 de desembre, estar\u00e0 obert el termini per presentar receptes al III Concurs de receptes saludables de Nadal, que enguany t\u00e9 per lema Cuines del m\u00f3n per un Nadal saludable. Impulsat per la comissi\u00f3 Cuida\u2019t per Cuidar, el concurs est\u00e0 obert a qualsevol persona col\u00b7laboradora de l\u2019Hospital Sagrat Cor que hi vulgui participar i celebrar la diversitat culin\u00e0ria. Les receptes es poden enviar al correu electr\u00f2nic acuidatxcuidar.hsagratcor@hospitalarias.es. Podeu consultar aqu\u00ed les bases del concurs. La comunicaci\u00f3 i el lliurament de premis es dur\u00e0 a terme el dia de la celebraci\u00f3 de Nadal a l\u2019Hospital, que&hellip;<\/p>\n","category_list_v2":"<a href=\"https:\/\/fundaciohospitalariesmartorell.org\/entre-tots\/category\/actualitat\/\" rel=\"category tag\">ACTUALITAT<\/a>, <a href=\"https:\/\/fundaciohospitalariesmartorell.org\/entre-tots\/category\/actualitat\/societat\/\" rel=\"category tag\">SOCIETAT<\/a>","author_info_v2":{"name":"Alba Felip","url":"https:\/\/fundaciohospitalariesmartorell.org\/entre-tots\/author\/afelipr\/"},"comments_num_v2":"0 comments","_links":{"self":[{"href":"https:\/\/fundaciohospitalariesmartorell.org\/entre-tots\/wp-json\/wp\/v2\/posts\/10193","targetHints":{"allow":["GET"]}}],"collection":[{"href":"https:\/\/fundaciohospitalariesmartorell.org\/entre-tots\/wp-json\/wp\/v2\/posts"}],"about":[{"href":"https:\/\/fundaciohospitalariesmartorell.org\/entre-tots\/wp-json\/wp\/v2\/types\/post"}],"author":[{"embeddable":true,"href":"https:\/\/fundaciohospitalariesmartorell.org\/entre-tots\/wp-json\/wp\/v2\/users\/5"}],"replies":[{"embeddable":true,"href":"https:\/\/fundaciohospitalariesmartorell.org\/entre-tots\/wp-json\/wp\/v2\/comments?post=10193"}],"version-history":[{"count":2,"href":"https:\/\/fundaciohospitalariesmartorell.org\/entre-tots\/wp-json\/wp\/v2\/posts\/10193\/revisions"}],"predecessor-version":[{"id":10200,"href":"https:\/\/fundaciohospitalariesmartorell.org\/entre-tots\/wp-json\/wp\/v2\/posts\/10193\/revisions\/10200"}],"wp:featuredmedia":[{"embeddable":true,"href":"https:\/\/fundaciohospitalariesmartorell.org\/entre-tots\/wp-json\/wp\/v2\/media\/10194"}],"wp:attachment":[{"href":"https:\/\/fundaciohospitalariesmartorell.org\/entre-tots\/wp-json\/wp\/v2\/media?parent=10193"}],"wp:term":[{"taxonomy":"category","embeddable":true,"href":"https:\/\/fundaciohospitalariesmartorell.org\/entre-tots\/wp-json\/wp\/v2\/categories?post=10193"},{"taxonomy":"post_tag","embeddable":true,"href":"https:\/\/fundaciohospitalariesmartorell.org\/entre-tots\/wp-json\/wp\/v2\/tags?post=10193"}],"curies":[{"name":"wp","href":"https:\/\/api.w.org\/{rel}","templated":true}]}}