{"id":10202,"date":"2024-11-11T12:09:24","date_gmt":"2024-11-11T11:09:24","guid":{"rendered":"https:\/\/hospitalsagratcormartorell.org\/entre-tots\/?p=10202"},"modified":"2024-11-29T11:58:08","modified_gmt":"2024-11-29T10:58:08","slug":"una-seixantena-dassistents-comparteixen-experiencies-a-la-iii-jornada-de-residents-de-germanes-hospitalaries","status":"publish","type":"post","link":"https:\/\/fundaciohospitalariesmartorell.org\/entre-tots\/2024\/11\/una-seixantena-dassistents-comparteixen-experiencies-a-la-iii-jornada-de-residents-de-germanes-hospitalaries\/","title":{"rendered":"Una seixantena d&#8217;assistents comparteixen experi\u00e8ncies a la III Jornada de Residents de Germanes Hospital\u00e0ries"},"content":{"rendered":"\n<figure class=\"wp-block-image size-full\"><img loading=\"lazy\" decoding=\"async\" width=\"743\" height=\"432\" src=\"https:\/\/hospitalsagratcormartorell.org\/entre-tots\/wp-content\/uploads\/2024\/11\/joranda-residents-24.png\" alt=\"\" class=\"wp-image-10207\" srcset=\"https:\/\/fundaciohospitalariesmartorell.org\/entre-tots\/wp-content\/uploads\/2024\/11\/joranda-residents-24.png 743w, https:\/\/fundaciohospitalariesmartorell.org\/entre-tots\/wp-content\/uploads\/2024\/11\/joranda-residents-24-300x174.png 300w\" sizes=\"auto, (max-width: 743px) 100vw, 743px\" \/><\/figure>\n\n\n\n<p>Una seixantena de persones, entre residents, tutors\/es i col\u00b7laboradors\/es docents dels centres de Germanes Hospital\u00e0ries a Catalunya es van reunir el passat 30 d&#8217;octubre a l&#8217;Hospital Sant Rafael en la III Jornada de Residents de Germanes Hospital\u00e0ries, centrada en la formaci\u00f3 i l&#8217;intercanvi d&#8217;experi\u00e8ncies en l&#8217;\u00e0mbit de la salut mental. Aquesta jornada va ser una excel\u00b7lent oportunitat per compartir coneixements i establir sinergies entre els diferents hospitals de la Instituci\u00f3.<\/p>\n\n\n\n<p>La jornada es va inaugurar amb les intervencions de Sor Isabel Bl\u00e1zquez, superiora de l&#8217;Hospital Sagrat Cor; Amalia Guerrero, cap d&#8217;estudis de Benito Menni CASM; i Fernando Boatas, cap d&#8217;estudis del nostre centre. Durant la inauguraci\u00f3, es va posar de manifest que aquestes jornades s\u00f3n un exemple de l\u2019aposta de Germanes Hospital\u00e0ries per la formaci\u00f3 sanit\u00e0ria especialitzada i que constitueixen una oportunitat per establir vincles entre els professionals dels diferents centres, ja que tots comparteixen els valors de la Instituci\u00f3 i la seva qualitat en l\u2019atenci\u00f3. Aquesta tercera edici\u00f3 de la jornada \u00e9s la primera en la qual participen tots els hospitals de Germanes Hospital\u00e0ries a Catalunya.<\/p>\n\n\n\n<figure class=\"wp-block-image size-full\"><img loading=\"lazy\" decoding=\"async\" width=\"763\" height=\"517\" src=\"https:\/\/hospitalsagratcormartorell.org\/entre-tots\/wp-content\/uploads\/2024\/11\/Captura-de-pantalla-2024-11-11-115736.png\" alt=\"\" class=\"wp-image-10203\" srcset=\"https:\/\/fundaciohospitalariesmartorell.org\/entre-tots\/wp-content\/uploads\/2024\/11\/Captura-de-pantalla-2024-11-11-115736.png 763w, https:\/\/fundaciohospitalariesmartorell.org\/entre-tots\/wp-content\/uploads\/2024\/11\/Captura-de-pantalla-2024-11-11-115736-300x203.png 300w\" sizes=\"auto, (max-width: 763px) 100vw, 763px\" \/><\/figure>\n\n\n\n<p>La primera taula va estar dedicada a la investigaci\u00f3 en salut mental i va ser moderada per Beatriz Garc\u00eda, de FIDMAG, i Joan Soler, de Benito Menni CASM \/ FIDMAG. Jaume Clemente, resident de 3r any MIR a l&#8217;Hospital Sagrat Cor, va presentar una pon\u00e8ncia sobre els aven\u00e7os en neuroimatge en episodis psic\u00f2tics, mentre que Mercedes Mu\u00f1oz, resident de 2n any PIR de Benito Menni CASM, va exposar l&#8217;\u00fas de la intel\u00b7lig\u00e8ncia artificial en diagn\u00f2stics diferencials de trastorns com l&#8217;esquizofr\u00e8nia, bipolaritat i autisme.<\/p>\n\n\n\n<p>La segona taula, dedicada a la recuperaci\u00f3 i els drets dels pacients, va ser moderada per Laura G\u00f3mez i Ana Ventosa, tutores de Benito Menni CASM. Els ponents, Arian Uhlman i Rub\u00e9n Moreno, residents de 2n i 4t any MIR de Benito Menni, van presentar un estudi sobre l&#8217;esgotament del cuidador principal en la intervenci\u00f3 domicili\u00e0ria, mentre que Sergio Ruiz, resident de 2n any IIR, va exposar els resultats de l&#8217;estudi ADVANCE, que analitza la Planificaci\u00f3 de Decisions Anticipades en salut mental.<\/p>\n\n\n\n<figure class=\"wp-block-gallery has-nested-images columns-default is-cropped wp-block-gallery-1 is-layout-flex wp-block-gallery-is-layout-flex\">\n<figure class=\"wp-block-image size-large\"><img loading=\"lazy\" decoding=\"async\" width=\"1120\" height=\"630\" data-id=\"10205\" src=\"https:\/\/hospitalsagratcormartorell.org\/entre-tots\/wp-content\/uploads\/2024\/11\/50663_cat_ESCALA_INF_1120_840-edited.jpeg\" alt=\"\" class=\"wp-image-10205\" srcset=\"https:\/\/fundaciohospitalariesmartorell.org\/entre-tots\/wp-content\/uploads\/2024\/11\/50663_cat_ESCALA_INF_1120_840-edited.jpeg 1120w, https:\/\/fundaciohospitalariesmartorell.org\/entre-tots\/wp-content\/uploads\/2024\/11\/50663_cat_ESCALA_INF_1120_840-edited-300x169.jpeg 300w, https:\/\/fundaciohospitalariesmartorell.org\/entre-tots\/wp-content\/uploads\/2024\/11\/50663_cat_ESCALA_INF_1120_840-edited-1024x576.jpeg 1024w, https:\/\/fundaciohospitalariesmartorell.org\/entre-tots\/wp-content\/uploads\/2024\/11\/50663_cat_ESCALA_INF_1120_840-edited-768x432.jpeg 768w\" sizes=\"auto, (max-width: 1120px) 100vw, 1120px\" \/><\/figure>\n<\/figure>\n\n\n\n<p>La tercera taula, moderada per \u00c0gueda Solivellas, tutora de l&#8217;Hospital Sagrat Cor, i Natalia Fort, col\u00b7laboradora docent a l&#8217;Hospital Sant Rafael, va centrar-se en nous projectes i abordatges innovadors. V\u00edctor Barrau, del CSMIJ Sant Rafael, va parlar sobre trastorns del comportament, mentre que M\u00aa Carme Bassedas, responsable de PADES a l&#8217;Hospital Mare de D\u00e9u de la Merc\u00e8 de Barcelona, va tractar els enfocaments complexos en la intervenci\u00f3 psiqui\u00e0trica. Finalment, Ariadna Busquets, resident del Sagrat Cor, va presentar una pon\u00e8ncia sobre l&#8217;\u00fas de l&#8217;estimulaci\u00f3 transcranial per al tractament de la depressi\u00f3.<\/p>\n\n\n\n<p>A la taula de compartici\u00f3 d&#8217;experi\u00e8ncies, Irene Al\u00e9s, geriatra a Benito Menni CASM, va compartir el seu projecte de voluntariat a Col\u00f2mbia, oferint als assistents una visi\u00f3 internacional sobre la salut mental.<\/p>\n\n\n\n<p>La jornada es va cloure amb un di\u00e0leg entre residents, moderat per Fernando Boatas, cap d&#8217;estudis de l&#8217;Hospital Sagrat Cor, on van intervenir Karla Fern\u00e1ndez, Camila Vel\u00e1zquez, Lourdes Rivera, Rub\u00e9n Moreno i Teresa Marrero, tots ells residents de l&#8217;Hospital Sagrat Cor i Benito Menni CASM. Aquest espai va permetre als residents reflexionar sobre la seva formaci\u00f3 i experi\u00e8ncies en el cam\u00ed cap a la seva especialitzaci\u00f3.<\/p>\n\n\n\n<p>La clausura va ser a c\u00e0rrec de&nbsp;Manuel S\u00e1nchez, director de l&#8217;\u00e0rea de gesti\u00f3 del coneixement i coordinador de la Unitat de Psiquiatria Geri\u00e0trica de l&#8217;Hospital Sagrat Cor. Aquest esdeveniment va reafirmar el comprom\u00eds de Germanes Hospital\u00e0ries amb la formaci\u00f3 especialitzada de qualitat i el desenvolupament dels futurs professionals en salut mental.<\/p>\n","protected":false},"excerpt":{"rendered":"<p>Una seixantena de persones, entre residents, tutors\/es i col\u00b7laboradors\/es docents dels centres de Germanes Hospital\u00e0ries a Catalunya es van reunir el passat 30 d&#8217;octubre a l&#8217;Hospital Sant Rafael en la III Jornada de Residents de Germanes Hospital\u00e0ries, centrada en la formaci\u00f3 i l&#8217;intercanvi d&#8217;experi\u00e8ncies en l&#8217;\u00e0mbit de la salut mental. Aquesta jornada va ser una [&hellip;]<\/p>\n","protected":false},"author":5,"featured_media":10204,"comment_status":"closed","ping_status":"closed","sticky":false,"template":"","format":"standard","meta":{"footnotes":""},"categories":[27,58],"tags":[65],"class_list":["post-10202","post","type-post","status-publish","format-standard","has-post-thumbnail","hentry","category-actualitat","category-collaboradors-es","tag-newsletter"],"blocksy_meta":[],"featured_image_urls_v2":{"full":["https:\/\/fundaciohospitalariesmartorell.org\/entre-tots\/wp-content\/uploads\/2024\/11\/50663_cat_ESCALA_INF_1120_840.jpeg",1120,840,false],"thumbnail":["https:\/\/fundaciohospitalariesmartorell.org\/entre-tots\/wp-content\/uploads\/2024\/11\/50663_cat_ESCALA_INF_1120_840-150x150.jpeg",150,150,true],"medium":["https:\/\/fundaciohospitalariesmartorell.org\/entre-tots\/wp-content\/uploads\/2024\/11\/50663_cat_ESCALA_INF_1120_840-300x225.jpeg",300,225,true],"medium_large":["https:\/\/fundaciohospitalariesmartorell.org\/entre-tots\/wp-content\/uploads\/2024\/11\/50663_cat_ESCALA_INF_1120_840-768x576.jpeg",768,576,true],"large":["https:\/\/fundaciohospitalariesmartorell.org\/entre-tots\/wp-content\/uploads\/2024\/11\/50663_cat_ESCALA_INF_1120_840-1024x768.jpeg",1024,768,true],"1536x1536":["https:\/\/fundaciohospitalariesmartorell.org\/entre-tots\/wp-content\/uploads\/2024\/11\/50663_cat_ESCALA_INF_1120_840.jpeg",1120,840,false],"2048x2048":["https:\/\/fundaciohospitalariesmartorell.org\/entre-tots\/wp-content\/uploads\/2024\/11\/50663_cat_ESCALA_INF_1120_840.jpeg",1120,840,false],"mailpoet_newsletter_max":["https:\/\/fundaciohospitalariesmartorell.org\/entre-tots\/wp-content\/uploads\/2024\/11\/50663_cat_ESCALA_INF_1120_840.jpeg",1120,840,false]},"post_excerpt_stackable_v2":"<p>Una seixantena de persones, entre residents, tutors\/es i col\u00b7laboradors\/es docents dels centres de Germanes Hospital\u00e0ries a Catalunya es van reunir el passat 30 d&#8217;octubre a l&#8217;Hospital Sant Rafael en la III Jornada de Residents de Germanes Hospital\u00e0ries, centrada en la formaci\u00f3 i l&#8217;intercanvi d&#8217;experi\u00e8ncies en l&#8217;\u00e0mbit de la salut mental. Aquesta jornada va ser una excel\u00b7lent oportunitat per compartir coneixements i establir sinergies entre els diferents hospitals de la Instituci\u00f3. La jornada es va inaugurar amb les intervencions de Sor Isabel Bl\u00e1zquez, superiora de l&#8217;Hospital Sagrat Cor; Amalia Guerrero, cap d&#8217;estudis de Benito Menni CASM; i Fernando Boatas, cap d&#8217;estudis&hellip;<\/p>\n","category_list_v2":"<a href=\"https:\/\/fundaciohospitalariesmartorell.org\/entre-tots\/category\/actualitat\/\" rel=\"category tag\">ACTUALITAT<\/a>, <a href=\"https:\/\/fundaciohospitalariesmartorell.org\/entre-tots\/category\/actualitat\/col%c2%b7laboradors-es\/\" rel=\"category tag\">COL\u00b7LABORADORS\/ES<\/a>","author_info_v2":{"name":"Alba Felip","url":"https:\/\/fundaciohospitalariesmartorell.org\/entre-tots\/author\/afelipr\/"},"comments_num_v2":"0 comments","_links":{"self":[{"href":"https:\/\/fundaciohospitalariesmartorell.org\/entre-tots\/wp-json\/wp\/v2\/posts\/10202","targetHints":{"allow":["GET"]}}],"collection":[{"href":"https:\/\/fundaciohospitalariesmartorell.org\/entre-tots\/wp-json\/wp\/v2\/posts"}],"about":[{"href":"https:\/\/fundaciohospitalariesmartorell.org\/entre-tots\/wp-json\/wp\/v2\/types\/post"}],"author":[{"embeddable":true,"href":"https:\/\/fundaciohospitalariesmartorell.org\/entre-tots\/wp-json\/wp\/v2\/users\/5"}],"replies":[{"embeddable":true,"href":"https:\/\/fundaciohospitalariesmartorell.org\/entre-tots\/wp-json\/wp\/v2\/comments?post=10202"}],"version-history":[{"count":10,"href":"https:\/\/fundaciohospitalariesmartorell.org\/entre-tots\/wp-json\/wp\/v2\/posts\/10202\/revisions"}],"predecessor-version":[{"id":10254,"href":"https:\/\/fundaciohospitalariesmartorell.org\/entre-tots\/wp-json\/wp\/v2\/posts\/10202\/revisions\/10254"}],"wp:featuredmedia":[{"embeddable":true,"href":"https:\/\/fundaciohospitalariesmartorell.org\/entre-tots\/wp-json\/wp\/v2\/media\/10204"}],"wp:attachment":[{"href":"https:\/\/fundaciohospitalariesmartorell.org\/entre-tots\/wp-json\/wp\/v2\/media?parent=10202"}],"wp:term":[{"taxonomy":"category","embeddable":true,"href":"https:\/\/fundaciohospitalariesmartorell.org\/entre-tots\/wp-json\/wp\/v2\/categories?post=10202"},{"taxonomy":"post_tag","embeddable":true,"href":"https:\/\/fundaciohospitalariesmartorell.org\/entre-tots\/wp-json\/wp\/v2\/tags?post=10202"}],"curies":[{"name":"wp","href":"https:\/\/api.w.org\/{rel}","templated":true}]}}