{"id":10209,"date":"2024-11-11T23:31:36","date_gmt":"2024-11-11T22:31:36","guid":{"rendered":"https:\/\/hospitalsagratcormartorell.org\/entre-tots\/?p=10209"},"modified":"2024-11-29T11:58:08","modified_gmt":"2024-11-29T10:58:08","slug":"excursio-terapeutica-al-parc-natural-de-la-garrotxa-per-a-persones-ateses-de-larea-de-rehabilitacio","status":"publish","type":"post","link":"https:\/\/fundaciohospitalariesmartorell.org\/entre-tots\/2024\/11\/excursio-terapeutica-al-parc-natural-de-la-garrotxa-per-a-persones-ateses-de-larea-de-rehabilitacio\/","title":{"rendered":"Excursi\u00f3 d&#8217;oci saludable al Parc Natural de la Garrotxa per a persones ateses a l\u2019\u00c0rea de Rehabilitaci\u00f3"},"content":{"rendered":"\n<figure class=\"wp-block-image size-large\"><img loading=\"lazy\" decoding=\"async\" width=\"1600\" height=\"900\" src=\"https:\/\/hospitalsagratcormartorell.org\/entre-tots\/wp-content\/uploads\/2024\/11\/WhatsApp-Image-2024-11-06-at-18.17.27-1-edited.jpeg\" alt=\"\" class=\"wp-image-10225\" srcset=\"https:\/\/fundaciohospitalariesmartorell.org\/entre-tots\/wp-content\/uploads\/2024\/11\/WhatsApp-Image-2024-11-06-at-18.17.27-1-edited.jpeg 1600w, https:\/\/fundaciohospitalariesmartorell.org\/entre-tots\/wp-content\/uploads\/2024\/11\/WhatsApp-Image-2024-11-06-at-18.17.27-1-edited-300x169.jpeg 300w, https:\/\/fundaciohospitalariesmartorell.org\/entre-tots\/wp-content\/uploads\/2024\/11\/WhatsApp-Image-2024-11-06-at-18.17.27-1-edited-1024x576.jpeg 1024w, https:\/\/fundaciohospitalariesmartorell.org\/entre-tots\/wp-content\/uploads\/2024\/11\/WhatsApp-Image-2024-11-06-at-18.17.27-1-edited-768x432.jpeg 768w, https:\/\/fundaciohospitalariesmartorell.org\/entre-tots\/wp-content\/uploads\/2024\/11\/WhatsApp-Image-2024-11-06-at-18.17.27-1-edited-1536x864.jpeg 1536w, https:\/\/fundaciohospitalariesmartorell.org\/entre-tots\/wp-content\/uploads\/2024\/11\/WhatsApp-Image-2024-11-06-at-18.17.27-1-edited-1320x743.jpeg 1320w\" sizes=\"auto, (max-width: 1600px) 100vw, 1600px\" \/><\/figure>\n\n\n\n<p>Un grup de 30 persones, format per persones usu\u00e0ries de les diferents unitats de rehabilitaci\u00f3 i personal col\u00b7laborador del centre, va participar el passat 6 de novembre en una jornada d&#8217;oci saludable al Parc Natural de la Garrotxa i a la Fundaci\u00f3 La Fageda. Aquesta activitat, organitzada per l\u2019\u00c0rea de Rehabilitaci\u00f3, va tenir com a objectiu oferir una experi\u00e8ncia significativa i terap\u00e8utica que foment\u00e9s la inclusi\u00f3 social a trav\u00e9s del contacte amb la natura i con\u00e8ixer de prop la producci\u00f3 de iogurts.<\/p>\n\n\n\n<p>El grup va sortir al mat\u00ed en direcci\u00f3 a la Fageda d&#8217;en Jord\u00e0 i durant el trajecte en autocar, el personal col\u00b7laborador del centre \u2014format per TCAEs, terapeuta ocupacional, monitora ocupacional, personal d&#8217;infermeria, treballadora social i una germana del centre\u2014 va introduir el grup a la Fundaci\u00f3 La Fageda i la seva hist\u00f2ria. Un cop arribats, una guia de la fundaci\u00f3 va rebre els i les participants i els va explicar el funcionament d\u2019aquesta entitat, que ha transformat moltes vides des de la seva creaci\u00f3. La guia va compartir detalls sobre els or\u00edgens de La Fageda i la seva evoluci\u00f3, des dels inicis com a servei de jardineria fins a convertir-se en una f\u00e0brica reconeguda pels seus iogurts, gelats i melmelades, aix\u00ed com pels seus projectes d&#8217;inclusi\u00f3 social. Crist\u00f3bal Col\u00f3n, el fundador i antic psic\u00f2leg de l&#8217;Hospital Sagrat Cor, va fundar l&#8217;entitat amb la missi\u00f3 que les persones ateses se sentissin realitzades mitjan\u00e7ant feines significatives.<\/p>\n\n\n\n<div class=\"wp-block-getwid-images-slider has-arrows-inside has-dots-inside has-images-center has-cropped-images\"><div class=\"wp-block-getwid-images-slider__wrapper\" data-effect=\"slide\" data-slides-show=\"1\" data-slides-show-laptop=\"1\" data-slides-show-tablet=\"1\" data-slides-show-mobile=\"1\" data-slides-scroll=\"1\" data-autoplay=\"false\" data-pause-hover=\"false\" data-autoplay-speed=\"6000\" data-infinite=\"true\" data-animation-speed=\"800\" data-center-mode=\"false\" data-variable-width=\"false\" data-arrows=\"inside\" data-dots=\"inside\" data-spacing=\"none\"><div class=\"wp-block-getwid-images-slider__item\"><figure><img loading=\"lazy\" decoding=\"async\" width=\"1024\" height=\"768\" src=\"https:\/\/hospitalsagratcormartorell.org\/entre-tots\/wp-content\/uploads\/2024\/11\/WhatsApp-Image-2024-11-06-at-18.17.27-4-1024x768.jpeg\" alt=\"\" data-id=\"10217\" class=\"wp-block-getwid-images-slider__image wp-image-10217\" srcset=\"https:\/\/fundaciohospitalariesmartorell.org\/entre-tots\/wp-content\/uploads\/2024\/11\/WhatsApp-Image-2024-11-06-at-18.17.27-4-1024x768.jpeg 1024w, https:\/\/fundaciohospitalariesmartorell.org\/entre-tots\/wp-content\/uploads\/2024\/11\/WhatsApp-Image-2024-11-06-at-18.17.27-4-300x225.jpeg 300w, https:\/\/fundaciohospitalariesmartorell.org\/entre-tots\/wp-content\/uploads\/2024\/11\/WhatsApp-Image-2024-11-06-at-18.17.27-4-768x576.jpeg 768w, https:\/\/fundaciohospitalariesmartorell.org\/entre-tots\/wp-content\/uploads\/2024\/11\/WhatsApp-Image-2024-11-06-at-18.17.27-4-1536x1152.jpeg 1536w, https:\/\/fundaciohospitalariesmartorell.org\/entre-tots\/wp-content\/uploads\/2024\/11\/WhatsApp-Image-2024-11-06-at-18.17.27-4-1320x990.jpeg 1320w, https:\/\/fundaciohospitalariesmartorell.org\/entre-tots\/wp-content\/uploads\/2024\/11\/WhatsApp-Image-2024-11-06-at-18.17.27-4.jpeg 1600w\" sizes=\"auto, (max-width: 1024px) 100vw, 1024px\" \/><\/figure><\/div><div class=\"wp-block-getwid-images-slider__item\"><figure><img loading=\"lazy\" decoding=\"async\" width=\"1024\" height=\"768\" src=\"https:\/\/hospitalsagratcormartorell.org\/entre-tots\/wp-content\/uploads\/2024\/11\/WhatsApp-Image-2024-11-06-at-18.17.27-5-1024x768.jpeg\" alt=\"\" data-id=\"10216\" class=\"wp-block-getwid-images-slider__image wp-image-10216\" srcset=\"https:\/\/fundaciohospitalariesmartorell.org\/entre-tots\/wp-content\/uploads\/2024\/11\/WhatsApp-Image-2024-11-06-at-18.17.27-5-1024x768.jpeg 1024w, https:\/\/fundaciohospitalariesmartorell.org\/entre-tots\/wp-content\/uploads\/2024\/11\/WhatsApp-Image-2024-11-06-at-18.17.27-5-300x225.jpeg 300w, https:\/\/fundaciohospitalariesmartorell.org\/entre-tots\/wp-content\/uploads\/2024\/11\/WhatsApp-Image-2024-11-06-at-18.17.27-5-768x576.jpeg 768w, https:\/\/fundaciohospitalariesmartorell.org\/entre-tots\/wp-content\/uploads\/2024\/11\/WhatsApp-Image-2024-11-06-at-18.17.27-5-1536x1152.jpeg 1536w, https:\/\/fundaciohospitalariesmartorell.org\/entre-tots\/wp-content\/uploads\/2024\/11\/WhatsApp-Image-2024-11-06-at-18.17.27-5-1320x990.jpeg 1320w, https:\/\/fundaciohospitalariesmartorell.org\/entre-tots\/wp-content\/uploads\/2024\/11\/WhatsApp-Image-2024-11-06-at-18.17.27-5.jpeg 1600w\" sizes=\"auto, (max-width: 1024px) 100vw, 1024px\" \/><\/figure><\/div><div class=\"wp-block-getwid-images-slider__item\"><figure><img loading=\"lazy\" decoding=\"async\" width=\"1024\" height=\"768\" src=\"https:\/\/hospitalsagratcormartorell.org\/entre-tots\/wp-content\/uploads\/2024\/11\/WhatsApp-Image-2024-11-06-at-18.17.28-1-1024x768.jpeg\" alt=\"\" data-id=\"10213\" class=\"wp-block-getwid-images-slider__image wp-image-10213\" srcset=\"https:\/\/fundaciohospitalariesmartorell.org\/entre-tots\/wp-content\/uploads\/2024\/11\/WhatsApp-Image-2024-11-06-at-18.17.28-1-1024x768.jpeg 1024w, https:\/\/fundaciohospitalariesmartorell.org\/entre-tots\/wp-content\/uploads\/2024\/11\/WhatsApp-Image-2024-11-06-at-18.17.28-1-300x225.jpeg 300w, https:\/\/fundaciohospitalariesmartorell.org\/entre-tots\/wp-content\/uploads\/2024\/11\/WhatsApp-Image-2024-11-06-at-18.17.28-1-768x576.jpeg 768w, https:\/\/fundaciohospitalariesmartorell.org\/entre-tots\/wp-content\/uploads\/2024\/11\/WhatsApp-Image-2024-11-06-at-18.17.28-1-1536x1152.jpeg 1536w, https:\/\/fundaciohospitalariesmartorell.org\/entre-tots\/wp-content\/uploads\/2024\/11\/WhatsApp-Image-2024-11-06-at-18.17.28-1-1320x990.jpeg 1320w, https:\/\/fundaciohospitalariesmartorell.org\/entre-tots\/wp-content\/uploads\/2024\/11\/WhatsApp-Image-2024-11-06-at-18.17.28-1.jpeg 1600w\" sizes=\"auto, (max-width: 1024px) 100vw, 1024px\" \/><\/figure><\/div><\/div><\/div>\n\n\n\n<p>Les persones participants van tenir l\u2019oportunitat de con\u00e8ixer instal\u00b7lacions com els estables, on es cuiden les vaques en condicions \u00f2ptimes, i d\u2019observar el proc\u00e9s innovador de munyida automatitzada. Tamb\u00e9 van aprendre com s\u2019elabora el iogurt i l\u2019evoluci\u00f3 de La Fageda al llarg dels anys. Al final de la visita, les assistents van gaudir d\u2019una degustaci\u00f3 de productes.<\/p>\n\n\n\n<p>Moltes de les persones usu\u00e0ries van comentar com \u00e9s d\u2019interessant con\u00e8ixer projectes que busquen millorar les condicions de vida de col\u00b7lectius vulnerables. \u201cSe\u2019ls notava l\u2019inter\u00e8s; no paraven de fer preguntes\u201d, va comentar Mercedes P\u00e9rez, treballadora social de la Unitat de Rehabilitaci\u00f3 i coordinadora de voluntariat.<\/p>\n\n\n\n<div class=\"wp-block-getwid-images-slider has-arrows-inside has-dots-inside has-images-center has-cropped-images\"><div class=\"wp-block-getwid-images-slider__wrapper\" data-effect=\"slide\" data-slides-show=\"1\" data-slides-show-laptop=\"1\" data-slides-show-tablet=\"1\" data-slides-show-mobile=\"1\" data-slides-scroll=\"1\" data-autoplay=\"false\" data-pause-hover=\"false\" data-autoplay-speed=\"6000\" data-infinite=\"true\" data-animation-speed=\"800\" data-center-mode=\"false\" data-variable-width=\"false\" data-arrows=\"inside\" data-dots=\"inside\" data-spacing=\"none\"><div class=\"wp-block-getwid-images-slider__item\"><figure><img loading=\"lazy\" decoding=\"async\" width=\"1600\" height=\"1200\" src=\"https:\/\/hospitalsagratcormartorell.org\/entre-tots\/wp-content\/uploads\/2024\/11\/WhatsApp-Image-2024-11-06-at-18.17.28-3.jpeg\" data-id=\"10211\" data-link=\"https:\/\/hospitalsagratcormartorell.org\/entre-tots\/2024\/11\/excursio-terapeutica-al-parc-natural-de-la-garrotxa-per-a-persones-ateses-de-larea-de-rehabilitacio\/whatsapp-image-2024-11-06-at-18-17-28-3\/\" data-original-link=\"https:\/\/hospitalsagratcormartorell.org\/entre-tots\/wp-content\/uploads\/2024\/11\/WhatsApp-Image-2024-11-06-at-18.17.28-3.jpeg\" class=\"wp-block-getwid-images-slider__image wp-image-10211\" srcset=\"https:\/\/fundaciohospitalariesmartorell.org\/entre-tots\/wp-content\/uploads\/2024\/11\/WhatsApp-Image-2024-11-06-at-18.17.28-3.jpeg 1600w, https:\/\/fundaciohospitalariesmartorell.org\/entre-tots\/wp-content\/uploads\/2024\/11\/WhatsApp-Image-2024-11-06-at-18.17.28-3-300x225.jpeg 300w, https:\/\/fundaciohospitalariesmartorell.org\/entre-tots\/wp-content\/uploads\/2024\/11\/WhatsApp-Image-2024-11-06-at-18.17.28-3-1024x768.jpeg 1024w, https:\/\/fundaciohospitalariesmartorell.org\/entre-tots\/wp-content\/uploads\/2024\/11\/WhatsApp-Image-2024-11-06-at-18.17.28-3-768x576.jpeg 768w, https:\/\/fundaciohospitalariesmartorell.org\/entre-tots\/wp-content\/uploads\/2024\/11\/WhatsApp-Image-2024-11-06-at-18.17.28-3-1536x1152.jpeg 1536w, https:\/\/fundaciohospitalariesmartorell.org\/entre-tots\/wp-content\/uploads\/2024\/11\/WhatsApp-Image-2024-11-06-at-18.17.28-3-1320x990.jpeg 1320w\" sizes=\"auto, (max-width: 1600px) 100vw, 1600px\" \/><\/figure><\/div><div class=\"wp-block-getwid-images-slider__item\"><figure><img loading=\"lazy\" decoding=\"async\" width=\"1600\" height=\"1200\" src=\"https:\/\/hospitalsagratcormartorell.org\/entre-tots\/wp-content\/uploads\/2024\/11\/WhatsApp-Image-2024-11-06-at-18.17.27.jpeg\" data-id=\"10214\" data-link=\"https:\/\/hospitalsagratcormartorell.org\/entre-tots\/2024\/11\/excursio-terapeutica-al-parc-natural-de-la-garrotxa-per-a-persones-ateses-de-larea-de-rehabilitacio\/whatsapp-image-2024-11-06-at-18-17-27\/\" data-original-link=\"https:\/\/hospitalsagratcormartorell.org\/entre-tots\/wp-content\/uploads\/2024\/11\/WhatsApp-Image-2024-11-06-at-18.17.27.jpeg\" class=\"wp-block-getwid-images-slider__image wp-image-10214\" srcset=\"https:\/\/fundaciohospitalariesmartorell.org\/entre-tots\/wp-content\/uploads\/2024\/11\/WhatsApp-Image-2024-11-06-at-18.17.27.jpeg 1600w, https:\/\/fundaciohospitalariesmartorell.org\/entre-tots\/wp-content\/uploads\/2024\/11\/WhatsApp-Image-2024-11-06-at-18.17.27-300x225.jpeg 300w, https:\/\/fundaciohospitalariesmartorell.org\/entre-tots\/wp-content\/uploads\/2024\/11\/WhatsApp-Image-2024-11-06-at-18.17.27-1024x768.jpeg 1024w, https:\/\/fundaciohospitalariesmartorell.org\/entre-tots\/wp-content\/uploads\/2024\/11\/WhatsApp-Image-2024-11-06-at-18.17.27-768x576.jpeg 768w, https:\/\/fundaciohospitalariesmartorell.org\/entre-tots\/wp-content\/uploads\/2024\/11\/WhatsApp-Image-2024-11-06-at-18.17.27-1536x1152.jpeg 1536w, https:\/\/fundaciohospitalariesmartorell.org\/entre-tots\/wp-content\/uploads\/2024\/11\/WhatsApp-Image-2024-11-06-at-18.17.27-1320x990.jpeg 1320w\" sizes=\"auto, (max-width: 1600px) 100vw, 1600px\" \/><\/figure><\/div><div class=\"wp-block-getwid-images-slider__item\"><figure><img loading=\"lazy\" decoding=\"async\" width=\"1600\" height=\"1200\" src=\"https:\/\/hospitalsagratcormartorell.org\/entre-tots\/wp-content\/uploads\/2024\/11\/WhatsApp-Image-2024-11-06-at-18.17.28-2.jpeg\" data-id=\"10212\" data-link=\"https:\/\/hospitalsagratcormartorell.org\/entre-tots\/2024\/11\/excursio-terapeutica-al-parc-natural-de-la-garrotxa-per-a-persones-ateses-de-larea-de-rehabilitacio\/whatsapp-image-2024-11-06-at-18-17-28-2\/\" data-original-link=\"https:\/\/hospitalsagratcormartorell.org\/entre-tots\/wp-content\/uploads\/2024\/11\/WhatsApp-Image-2024-11-06-at-18.17.28-2.jpeg\" class=\"wp-block-getwid-images-slider__image wp-image-10212\" srcset=\"https:\/\/fundaciohospitalariesmartorell.org\/entre-tots\/wp-content\/uploads\/2024\/11\/WhatsApp-Image-2024-11-06-at-18.17.28-2.jpeg 1600w, https:\/\/fundaciohospitalariesmartorell.org\/entre-tots\/wp-content\/uploads\/2024\/11\/WhatsApp-Image-2024-11-06-at-18.17.28-2-300x225.jpeg 300w, https:\/\/fundaciohospitalariesmartorell.org\/entre-tots\/wp-content\/uploads\/2024\/11\/WhatsApp-Image-2024-11-06-at-18.17.28-2-1024x768.jpeg 1024w, https:\/\/fundaciohospitalariesmartorell.org\/entre-tots\/wp-content\/uploads\/2024\/11\/WhatsApp-Image-2024-11-06-at-18.17.28-2-768x576.jpeg 768w, https:\/\/fundaciohospitalariesmartorell.org\/entre-tots\/wp-content\/uploads\/2024\/11\/WhatsApp-Image-2024-11-06-at-18.17.28-2-1536x1152.jpeg 1536w, https:\/\/fundaciohospitalariesmartorell.org\/entre-tots\/wp-content\/uploads\/2024\/11\/WhatsApp-Image-2024-11-06-at-18.17.28-2-1320x990.jpeg 1320w\" sizes=\"auto, (max-width: 1600px) 100vw, 1600px\" \/><\/figure><\/div><\/div><\/div>\n\n\n\n<p>Aquesta excursi\u00f3 no nom\u00e9s va oferir una pausa en la rutina di\u00e0ria a les persones participants, sin\u00f3 que tamb\u00e9 va refor\u00e7ar el sentit de comunitat entre elles, gr\u00e0cies a una iniciativa que promou la cohesi\u00f3 de grup en un entorn de gran significaci\u00f3. Amb activitats com aquesta, l\u2019\u00c0rea de Rehabilitaci\u00f3 continua treballant per oferir experi\u00e8ncies enriquidores que fomentin el benestar emocional i social de les persones usu\u00e0ries.<\/p>\n\n\n\n<p><\/p>\n","protected":false},"excerpt":{"rendered":"<p>Un grup de 30 persones, format per persones usu\u00e0ries de les diferents unitats de rehabilitaci\u00f3 i personal col\u00b7laborador del centre, va participar el passat 6 de novembre en una jornada d&#8217;oci saludable al Parc Natural de la Garrotxa i a la Fundaci\u00f3 La Fageda. Aquesta activitat, organitzada per l\u2019\u00c0rea de Rehabilitaci\u00f3, va tenir com a [&hellip;]<\/p>\n","protected":false},"author":5,"featured_media":10214,"comment_status":"closed","ping_status":"closed","sticky":false,"template":"","format":"standard","meta":{"footnotes":""},"categories":[27],"tags":[65],"class_list":["post-10209","post","type-post","status-publish","format-standard","has-post-thumbnail","hentry","category-actualitat","tag-newsletter"],"blocksy_meta":[],"featured_image_urls_v2":{"full":["https:\/\/fundaciohospitalariesmartorell.org\/entre-tots\/wp-content\/uploads\/2024\/11\/WhatsApp-Image-2024-11-06-at-18.17.27.jpeg",1600,1200,false],"thumbnail":["https:\/\/fundaciohospitalariesmartorell.org\/entre-tots\/wp-content\/uploads\/2024\/11\/WhatsApp-Image-2024-11-06-at-18.17.27-150x150.jpeg",150,150,true],"medium":["https:\/\/fundaciohospitalariesmartorell.org\/entre-tots\/wp-content\/uploads\/2024\/11\/WhatsApp-Image-2024-11-06-at-18.17.27-300x225.jpeg",300,225,true],"medium_large":["https:\/\/fundaciohospitalariesmartorell.org\/entre-tots\/wp-content\/uploads\/2024\/11\/WhatsApp-Image-2024-11-06-at-18.17.27-768x576.jpeg",768,576,true],"large":["https:\/\/fundaciohospitalariesmartorell.org\/entre-tots\/wp-content\/uploads\/2024\/11\/WhatsApp-Image-2024-11-06-at-18.17.27-1024x768.jpeg",1024,768,true],"1536x1536":["https:\/\/fundaciohospitalariesmartorell.org\/entre-tots\/wp-content\/uploads\/2024\/11\/WhatsApp-Image-2024-11-06-at-18.17.27-1536x1152.jpeg",1536,1152,true],"2048x2048":["https:\/\/fundaciohospitalariesmartorell.org\/entre-tots\/wp-content\/uploads\/2024\/11\/WhatsApp-Image-2024-11-06-at-18.17.27.jpeg",1600,1200,false],"mailpoet_newsletter_max":["https:\/\/fundaciohospitalariesmartorell.org\/entre-tots\/wp-content\/uploads\/2024\/11\/WhatsApp-Image-2024-11-06-at-18.17.27-1320x990.jpeg",1320,990,true]},"post_excerpt_stackable_v2":"<p>Un grup de 30 persones, format per persones usu\u00e0ries de les diferents unitats de rehabilitaci\u00f3 i personal col\u00b7laborador del centre, va participar el passat 6 de novembre en una jornada d&#8217;oci saludable al Parc Natural de la Garrotxa i a la Fundaci\u00f3 La Fageda. Aquesta activitat, organitzada per l\u2019\u00c0rea de Rehabilitaci\u00f3, va tenir com a objectiu oferir una experi\u00e8ncia significativa i terap\u00e8utica que foment\u00e9s la inclusi\u00f3 social a trav\u00e9s del contacte amb la natura i con\u00e8ixer de prop la producci\u00f3 de iogurts. El grup va sortir al mat\u00ed en direcci\u00f3 a la Fageda d&#8217;en Jord\u00e0 i durant el trajecte en&hellip;<\/p>\n","category_list_v2":"<a href=\"https:\/\/fundaciohospitalariesmartorell.org\/entre-tots\/category\/actualitat\/\" rel=\"category tag\">ACTUALITAT<\/a>","author_info_v2":{"name":"Alba Felip","url":"https:\/\/fundaciohospitalariesmartorell.org\/entre-tots\/author\/afelipr\/"},"comments_num_v2":"0 comments","_links":{"self":[{"href":"https:\/\/fundaciohospitalariesmartorell.org\/entre-tots\/wp-json\/wp\/v2\/posts\/10209","targetHints":{"allow":["GET"]}}],"collection":[{"href":"https:\/\/fundaciohospitalariesmartorell.org\/entre-tots\/wp-json\/wp\/v2\/posts"}],"about":[{"href":"https:\/\/fundaciohospitalariesmartorell.org\/entre-tots\/wp-json\/wp\/v2\/types\/post"}],"author":[{"embeddable":true,"href":"https:\/\/fundaciohospitalariesmartorell.org\/entre-tots\/wp-json\/wp\/v2\/users\/5"}],"replies":[{"embeddable":true,"href":"https:\/\/fundaciohospitalariesmartorell.org\/entre-tots\/wp-json\/wp\/v2\/comments?post=10209"}],"version-history":[{"count":5,"href":"https:\/\/fundaciohospitalariesmartorell.org\/entre-tots\/wp-json\/wp\/v2\/posts\/10209\/revisions"}],"predecessor-version":[{"id":10238,"href":"https:\/\/fundaciohospitalariesmartorell.org\/entre-tots\/wp-json\/wp\/v2\/posts\/10209\/revisions\/10238"}],"wp:featuredmedia":[{"embeddable":true,"href":"https:\/\/fundaciohospitalariesmartorell.org\/entre-tots\/wp-json\/wp\/v2\/media\/10214"}],"wp:attachment":[{"href":"https:\/\/fundaciohospitalariesmartorell.org\/entre-tots\/wp-json\/wp\/v2\/media?parent=10209"}],"wp:term":[{"taxonomy":"category","embeddable":true,"href":"https:\/\/fundaciohospitalariesmartorell.org\/entre-tots\/wp-json\/wp\/v2\/categories?post=10209"},{"taxonomy":"post_tag","embeddable":true,"href":"https:\/\/fundaciohospitalariesmartorell.org\/entre-tots\/wp-json\/wp\/v2\/tags?post=10209"}],"curies":[{"name":"wp","href":"https:\/\/api.w.org\/{rel}","templated":true}]}}