{"id":10265,"date":"2024-11-20T10:41:52","date_gmt":"2024-11-20T09:41:52","guid":{"rendered":"https:\/\/hospitalsagratcormartorell.org\/entre-tots\/?p=10265"},"modified":"2024-11-29T11:58:08","modified_gmt":"2024-11-29T10:58:08","slug":"campanya-formativa-de-la-comissio-sense-fum-per-prevenir-el-consum-de-tabac","status":"publish","type":"post","link":"https:\/\/fundaciohospitalariesmartorell.org\/entre-tots\/2024\/11\/campanya-formativa-de-la-comissio-sense-fum-per-prevenir-el-consum-de-tabac\/","title":{"rendered":"Campanya formativa de la Comissi\u00f3 Sense Fum per prevenir el consum de tabac durant l&#8217;hospitalitzaci\u00f3"},"content":{"rendered":"\n<figure class=\"wp-block-image size-large\"><img loading=\"lazy\" decoding=\"async\" width=\"1600\" height=\"900\" src=\"https:\/\/hospitalsagratcormartorell.org\/entre-tots\/wp-content\/uploads\/2024\/11\/image-edited.png\" alt=\"\" class=\"wp-image-10267\" srcset=\"https:\/\/fundaciohospitalariesmartorell.org\/entre-tots\/wp-content\/uploads\/2024\/11\/image-edited.png 1600w, https:\/\/fundaciohospitalariesmartorell.org\/entre-tots\/wp-content\/uploads\/2024\/11\/image-edited-300x169.png 300w, https:\/\/fundaciohospitalariesmartorell.org\/entre-tots\/wp-content\/uploads\/2024\/11\/image-edited-1024x576.png 1024w, https:\/\/fundaciohospitalariesmartorell.org\/entre-tots\/wp-content\/uploads\/2024\/11\/image-edited-768x432.png 768w, https:\/\/fundaciohospitalariesmartorell.org\/entre-tots\/wp-content\/uploads\/2024\/11\/image-edited-1536x864.png 1536w, https:\/\/fundaciohospitalariesmartorell.org\/entre-tots\/wp-content\/uploads\/2024\/11\/image-edited-1320x743.png 1320w\" sizes=\"auto, (max-width: 1600px) 100vw, 1600px\" \/><\/figure>\n\n\n\n<p>La Comissi\u00f3 Sense Fum de l\u2019Hospital Sagrat Cor, adscrita a la Xarxa Catalana d&#8217;Hospitals sense Fum, ha posat en marxa, per primera vegada, una campanya de formaci\u00f3 adre\u00e7ada al personal col\u00b7laborador de l\u2019\u00c0rea d\u2019Aguts. L\u2019objectiu \u00e9s garantir que les persones usu\u00e0ries hospitalitzades no consumeixin tabac durant el seu ingr\u00e9s, d\u2019acord amb la normativa vigent. Aquesta iniciativa busca que tot el personal implicat parli el mateix llenguatge i segueixi les mateixes pautes d\u2019actuaci\u00f3.<\/p>\n\n\n\n<p>La formaci\u00f3, titulada <strong>&#8220;Intervenci\u00f3 breu en tabaquisme&#8221;<\/strong>, consta de dues hores de contingut te\u00f2ric i pr\u00e0ctic, i preveu repetir-se en quatre sessions m\u00e9s al llarg del per\u00edode 2024-2025. Durant el curs, s\u2019ensenyen estrat\u00e8gies per identificar el nivell de depend\u00e8ncia dels i les pacients, aix\u00ed com l&#8217;administraci\u00f3 de tractaments personalitzats, com ara pegats de nicotina, que ajuden a mitigar els s\u00edmptomes de la s\u00edndrome d\u2019abstin\u00e8ncia durant l\u2019ingr\u00e9s.<\/p>\n\n\n\n<p>La iniciativa ja ha format una vintena de professionals, que treballaran per assegurar un entorn lliure de fum dins l\u2019hospital i ajudar els pacients a gestionar el seu consum de tabac de manera m\u00e9s segura i controlada.<\/p>\n\n\n\n<figure class=\"wp-block-image size-full\"><img loading=\"lazy\" decoding=\"async\" width=\"1005\" height=\"521\" src=\"https:\/\/hospitalsagratcormartorell.org\/entre-tots\/wp-content\/uploads\/2024\/11\/image-4.png\" alt=\"\" class=\"wp-image-10329\" srcset=\"https:\/\/fundaciohospitalariesmartorell.org\/entre-tots\/wp-content\/uploads\/2024\/11\/image-4.png 1005w, https:\/\/fundaciohospitalariesmartorell.org\/entre-tots\/wp-content\/uploads\/2024\/11\/image-4-300x156.png 300w, https:\/\/fundaciohospitalariesmartorell.org\/entre-tots\/wp-content\/uploads\/2024\/11\/image-4-768x398.png 768w\" sizes=\"auto, (max-width: 1005px) 100vw, 1005px\" \/><\/figure>\n","protected":false},"excerpt":{"rendered":"<p>La Comissi\u00f3 Sense Fum de l\u2019Hospital Sagrat Cor, adscrita a la Xarxa Catalana d&#8217;Hospitals sense Fum, ha posat en marxa, per primera vegada, una campanya de formaci\u00f3 adre\u00e7ada al personal col\u00b7laborador de l\u2019\u00c0rea d\u2019Aguts. L\u2019objectiu \u00e9s garantir que les persones usu\u00e0ries hospitalitzades no consumeixin tabac durant el seu ingr\u00e9s, d\u2019acord amb la normativa vigent. Aquesta [&hellip;]<\/p>\n","protected":false},"author":5,"featured_media":10266,"comment_status":"closed","ping_status":"closed","sticky":false,"template":"","format":"standard","meta":{"footnotes":""},"categories":[27,60,61],"tags":[65],"class_list":["post-10265","post","type-post","status-publish","format-standard","has-post-thumbnail","hentry","category-actualitat","category-medi-ambient","category-societat","tag-newsletter"],"blocksy_meta":[],"featured_image_urls_v2":{"full":["https:\/\/fundaciohospitalariesmartorell.org\/entre-tots\/wp-content\/uploads\/2024\/11\/image.png",1600,1200,false],"thumbnail":["https:\/\/fundaciohospitalariesmartorell.org\/entre-tots\/wp-content\/uploads\/2024\/11\/image-150x150.png",150,150,true],"medium":["https:\/\/fundaciohospitalariesmartorell.org\/entre-tots\/wp-content\/uploads\/2024\/11\/image-300x225.png",300,225,true],"medium_large":["https:\/\/fundaciohospitalariesmartorell.org\/entre-tots\/wp-content\/uploads\/2024\/11\/image-768x576.png",768,576,true],"large":["https:\/\/fundaciohospitalariesmartorell.org\/entre-tots\/wp-content\/uploads\/2024\/11\/image-1024x768.png",1024,768,true],"1536x1536":["https:\/\/fundaciohospitalariesmartorell.org\/entre-tots\/wp-content\/uploads\/2024\/11\/image-1536x1152.png",1536,1152,true],"2048x2048":["https:\/\/fundaciohospitalariesmartorell.org\/entre-tots\/wp-content\/uploads\/2024\/11\/image.png",1600,1200,false],"mailpoet_newsletter_max":["https:\/\/fundaciohospitalariesmartorell.org\/entre-tots\/wp-content\/uploads\/2024\/11\/image-1320x990.png",1320,990,true]},"post_excerpt_stackable_v2":"<p>La Comissi\u00f3 Sense Fum de l\u2019Hospital Sagrat Cor, adscrita a la Xarxa Catalana d&#8217;Hospitals sense Fum, ha posat en marxa, per primera vegada, una campanya de formaci\u00f3 adre\u00e7ada al personal col\u00b7laborador de l\u2019\u00c0rea d\u2019Aguts. L\u2019objectiu \u00e9s garantir que les persones usu\u00e0ries hospitalitzades no consumeixin tabac durant el seu ingr\u00e9s, d\u2019acord amb la normativa vigent. Aquesta iniciativa busca que tot el personal implicat parli el mateix llenguatge i segueixi les mateixes pautes d\u2019actuaci\u00f3. La formaci\u00f3, titulada &#8220;Intervenci\u00f3 breu en tabaquisme&#8221;, consta de dues hores de contingut te\u00f2ric i pr\u00e0ctic, i preveu repetir-se en quatre sessions m\u00e9s al llarg del per\u00edode 2024-2025.&hellip;<\/p>\n","category_list_v2":"<a href=\"https:\/\/fundaciohospitalariesmartorell.org\/entre-tots\/category\/actualitat\/\" rel=\"category tag\">ACTUALITAT<\/a>, <a href=\"https:\/\/fundaciohospitalariesmartorell.org\/entre-tots\/category\/actualitat\/medi-ambient\/\" rel=\"category tag\">MEDI AMBIENT<\/a>, <a href=\"https:\/\/fundaciohospitalariesmartorell.org\/entre-tots\/category\/actualitat\/societat\/\" rel=\"category tag\">SOCIETAT<\/a>","author_info_v2":{"name":"Alba Felip","url":"https:\/\/fundaciohospitalariesmartorell.org\/entre-tots\/author\/afelipr\/"},"comments_num_v2":"0 comments","_links":{"self":[{"href":"https:\/\/fundaciohospitalariesmartorell.org\/entre-tots\/wp-json\/wp\/v2\/posts\/10265","targetHints":{"allow":["GET"]}}],"collection":[{"href":"https:\/\/fundaciohospitalariesmartorell.org\/entre-tots\/wp-json\/wp\/v2\/posts"}],"about":[{"href":"https:\/\/fundaciohospitalariesmartorell.org\/entre-tots\/wp-json\/wp\/v2\/types\/post"}],"author":[{"embeddable":true,"href":"https:\/\/fundaciohospitalariesmartorell.org\/entre-tots\/wp-json\/wp\/v2\/users\/5"}],"replies":[{"embeddable":true,"href":"https:\/\/fundaciohospitalariesmartorell.org\/entre-tots\/wp-json\/wp\/v2\/comments?post=10265"}],"version-history":[{"count":3,"href":"https:\/\/fundaciohospitalariesmartorell.org\/entre-tots\/wp-json\/wp\/v2\/posts\/10265\/revisions"}],"predecessor-version":[{"id":10330,"href":"https:\/\/fundaciohospitalariesmartorell.org\/entre-tots\/wp-json\/wp\/v2\/posts\/10265\/revisions\/10330"}],"wp:featuredmedia":[{"embeddable":true,"href":"https:\/\/fundaciohospitalariesmartorell.org\/entre-tots\/wp-json\/wp\/v2\/media\/10266"}],"wp:attachment":[{"href":"https:\/\/fundaciohospitalariesmartorell.org\/entre-tots\/wp-json\/wp\/v2\/media?parent=10265"}],"wp:term":[{"taxonomy":"category","embeddable":true,"href":"https:\/\/fundaciohospitalariesmartorell.org\/entre-tots\/wp-json\/wp\/v2\/categories?post=10265"},{"taxonomy":"post_tag","embeddable":true,"href":"https:\/\/fundaciohospitalariesmartorell.org\/entre-tots\/wp-json\/wp\/v2\/tags?post=10265"}],"curies":[{"name":"wp","href":"https:\/\/api.w.org\/{rel}","templated":true}]}}