{"id":10269,"date":"2024-11-20T10:49:58","date_gmt":"2024-11-20T09:49:58","guid":{"rendered":"https:\/\/hospitalsagratcormartorell.org\/entre-tots\/?p=10269"},"modified":"2024-11-29T11:58:07","modified_gmt":"2024-11-29T10:58:07","slug":"palencia-acull-el-ii-capitol-de-la-provincia-despanya-de-les-germanes-hospitalaries","status":"publish","type":"post","link":"https:\/\/fundaciohospitalariesmartorell.org\/entre-tots\/2024\/11\/palencia-acull-el-ii-capitol-de-la-provincia-despanya-de-les-germanes-hospitalaries\/","title":{"rendered":"Pal\u00e8ncia acull el II Cap\u00edtol de la Prov\u00edncia d&#8217;Espanya de les Germanes Hospital\u00e0ries"},"content":{"rendered":"\n<figure class=\"wp-block-image size-large\"><img loading=\"lazy\" decoding=\"async\" width=\"1024\" height=\"576\" src=\"https:\/\/hospitalsagratcormartorell.org\/entre-tots\/wp-content\/uploads\/2024\/11\/CAPITULO-PROVINCIAL-IMG-20241113-WA0002-1024x576.jpg\" alt=\"\" class=\"wp-image-10270\" srcset=\"https:\/\/fundaciohospitalariesmartorell.org\/entre-tots\/wp-content\/uploads\/2024\/11\/CAPITULO-PROVINCIAL-IMG-20241113-WA0002-1024x576.jpg 1024w, https:\/\/fundaciohospitalariesmartorell.org\/entre-tots\/wp-content\/uploads\/2024\/11\/CAPITULO-PROVINCIAL-IMG-20241113-WA0002-300x169.jpg 300w, https:\/\/fundaciohospitalariesmartorell.org\/entre-tots\/wp-content\/uploads\/2024\/11\/CAPITULO-PROVINCIAL-IMG-20241113-WA0002-768x432.jpg 768w, https:\/\/fundaciohospitalariesmartorell.org\/entre-tots\/wp-content\/uploads\/2024\/11\/CAPITULO-PROVINCIAL-IMG-20241113-WA0002-1536x864.jpg 1536w, https:\/\/fundaciohospitalariesmartorell.org\/entre-tots\/wp-content\/uploads\/2024\/11\/CAPITULO-PROVINCIAL-IMG-20241113-WA0002-1320x743.jpg 1320w, https:\/\/fundaciohospitalariesmartorell.org\/entre-tots\/wp-content\/uploads\/2024\/11\/CAPITULO-PROVINCIAL-IMG-20241113-WA0002.jpg 1600w\" sizes=\"auto, (max-width: 1024px) 100vw, 1024px\" \/><\/figure>\n\n\n\n<p>Del 26 de novembre al 4 de desembre,\u00a0se\u00a0celebra a Pal\u00e8ncia el II Cap\u00edtol de la Prov\u00edncia d&#8217;Espanya de les Germanes Hospital\u00e0ries, un esdeveniment clau per al futur de la congregaci\u00f3. Un dels objectius principals d&#8217;aquest cap\u00edtol \u00e9s adaptar les decisions i orientacions del <a href=\"https:\/\/www.capitulogeneralhospitalarias.org\/\">XXII Cap\u00edtol General,<\/a> celebrat a Roma, a la realitat de la prov\u00edncia. A m\u00e9s, s&#8217;hi procedir\u00e0 a l&#8217;elecci\u00f3 de la Superiora i les\u00a0Conselleres Provincials, decisions que afecten no nom\u00e9s la vida religiosa de les germanes, sin\u00f3 tamb\u00e9 a tots aquells que formem part de la comunitat hospital\u00e0ria.<\/p>\n\n\n\n<p>El tema del Cap\u00edtol, que tamb\u00e9 va ser el lema del XXII Cap\u00edtol General, \u00e9s &#8220;Revest\u00edos\u00a0de\u00a0entra\u00f1as\u00a0de\u00a0misericordia&#8221;. Durant aquests dies, 32 germanes hospital\u00e0ries i 34 col\u00b7laboradors treballaran plegats per reflexionar sobre el cam\u00ed recorregut per la Prov\u00edncia d&#8217;Espanya en els \u00faltims anys i per dissenyar les l\u00ednies de treball a seguir en els\u00a0pr\u00f2xims anys, seguint les orientacions del Cap\u00edtol General.<\/p>\n\n\n\n<p>Un dels moments m\u00e9s destacats ser\u00e0 l&#8217;elecci\u00f3 de la nova Superiora i les&nbsp;Conselleres Provincials, que guiaran la prov\u00edncia durant els pr\u00f2xims&nbsp;6&nbsp;anys. El resultat d&#8217;aquest Cap\u00edtol ser\u00e0 un document capitular que marcar\u00e0 les noves l\u00ednies de treball per a la Congregaci\u00f3 a Espanya.<\/p>\n\n\n\n<p>A m\u00e9s, s&#8217;ha creat un canal de WhatsApp on es compartir\u00e0 tota la informaci\u00f3 actualitzada sobre aquest II Cap\u00edtol Provincial. Tothom que ho desitgi pot unir-s&#8217;hi a trav\u00e9s del seg\u00fcent enlla\u00e7: <a href=\"https:\/\/whatsapp.com\/channel\/0029VarWPdA4dTnFgoV2Xi37\">https:\/\/whatsapp.com\/channel\/0029VarWPdA4dTnFgoV2Xi37<\/a>. <\/p>\n\n\n\n<p>Tamb\u00e9 s&#8217;anima a la comunitat a enviar els seus missatges i a unir-se a la preg\u00e0ria perqu\u00e8 els fundadors acompanyin i il\u00b7luminin els responsables que hauran de discernir el futur de\u00a0l&#8217;hospitalitat\u00a0i garantir que continu\u00ef brillant al servei de les persones m\u00e9s necessitades. Es pot escriure a <strong><a href=\"mailto:capitulo@hospitalarias.es\">comunicacion@hospitalarias.es<\/a><\/strong>. <\/p>\n","protected":false},"excerpt":{"rendered":"<p>Del 26 de novembre al 4 de desembre,\u00a0se\u00a0celebra a Pal\u00e8ncia el II Cap\u00edtol de la Prov\u00edncia d&#8217;Espanya de les Germanes Hospital\u00e0ries, un esdeveniment clau per al futur de la congregaci\u00f3. Un dels objectius principals d&#8217;aquest cap\u00edtol \u00e9s adaptar les decisions i orientacions del XXII Cap\u00edtol General, celebrat a Roma, a la realitat de la prov\u00edncia. [&hellip;]<\/p>\n","protected":false},"author":5,"featured_media":10270,"comment_status":"closed","ping_status":"closed","sticky":false,"template":"","format":"standard","meta":{"footnotes":""},"categories":[27],"tags":[65],"class_list":["post-10269","post","type-post","status-publish","format-standard","has-post-thumbnail","hentry","category-actualitat","tag-newsletter"],"blocksy_meta":[],"featured_image_urls_v2":{"full":["https:\/\/fundaciohospitalariesmartorell.org\/entre-tots\/wp-content\/uploads\/2024\/11\/CAPITULO-PROVINCIAL-IMG-20241113-WA0002.jpg",1600,900,false],"thumbnail":["https:\/\/fundaciohospitalariesmartorell.org\/entre-tots\/wp-content\/uploads\/2024\/11\/CAPITULO-PROVINCIAL-IMG-20241113-WA0002-150x150.jpg",150,150,true],"medium":["https:\/\/fundaciohospitalariesmartorell.org\/entre-tots\/wp-content\/uploads\/2024\/11\/CAPITULO-PROVINCIAL-IMG-20241113-WA0002-300x169.jpg",300,169,true],"medium_large":["https:\/\/fundaciohospitalariesmartorell.org\/entre-tots\/wp-content\/uploads\/2024\/11\/CAPITULO-PROVINCIAL-IMG-20241113-WA0002-768x432.jpg",768,432,true],"large":["https:\/\/fundaciohospitalariesmartorell.org\/entre-tots\/wp-content\/uploads\/2024\/11\/CAPITULO-PROVINCIAL-IMG-20241113-WA0002-1024x576.jpg",1024,576,true],"1536x1536":["https:\/\/fundaciohospitalariesmartorell.org\/entre-tots\/wp-content\/uploads\/2024\/11\/CAPITULO-PROVINCIAL-IMG-20241113-WA0002-1536x864.jpg",1536,864,true],"2048x2048":["https:\/\/fundaciohospitalariesmartorell.org\/entre-tots\/wp-content\/uploads\/2024\/11\/CAPITULO-PROVINCIAL-IMG-20241113-WA0002.jpg",1600,900,false],"mailpoet_newsletter_max":["https:\/\/fundaciohospitalariesmartorell.org\/entre-tots\/wp-content\/uploads\/2024\/11\/CAPITULO-PROVINCIAL-IMG-20241113-WA0002-1320x743.jpg",1320,743,true]},"post_excerpt_stackable_v2":"<p>Del 26 de novembre al 4 de desembre,\u00a0se\u00a0celebra a Pal\u00e8ncia el II Cap\u00edtol de la Prov\u00edncia d&#8217;Espanya de les Germanes Hospital\u00e0ries, un esdeveniment clau per al futur de la congregaci\u00f3. Un dels objectius principals d&#8217;aquest cap\u00edtol \u00e9s adaptar les decisions i orientacions del XXII Cap\u00edtol General, celebrat a Roma, a la realitat de la prov\u00edncia. A m\u00e9s, s&#8217;hi procedir\u00e0 a l&#8217;elecci\u00f3 de la Superiora i les\u00a0Conselleres Provincials, decisions que afecten no nom\u00e9s la vida religiosa de les germanes, sin\u00f3 tamb\u00e9 a tots aquells que formem part de la comunitat hospital\u00e0ria. El tema del Cap\u00edtol, que tamb\u00e9 va ser el lema&hellip;<\/p>\n","category_list_v2":"<a href=\"https:\/\/fundaciohospitalariesmartorell.org\/entre-tots\/category\/actualitat\/\" rel=\"category tag\">ACTUALITAT<\/a>","author_info_v2":{"name":"Alba Felip","url":"https:\/\/fundaciohospitalariesmartorell.org\/entre-tots\/author\/afelipr\/"},"comments_num_v2":"0 comments","_links":{"self":[{"href":"https:\/\/fundaciohospitalariesmartorell.org\/entre-tots\/wp-json\/wp\/v2\/posts\/10269","targetHints":{"allow":["GET"]}}],"collection":[{"href":"https:\/\/fundaciohospitalariesmartorell.org\/entre-tots\/wp-json\/wp\/v2\/posts"}],"about":[{"href":"https:\/\/fundaciohospitalariesmartorell.org\/entre-tots\/wp-json\/wp\/v2\/types\/post"}],"author":[{"embeddable":true,"href":"https:\/\/fundaciohospitalariesmartorell.org\/entre-tots\/wp-json\/wp\/v2\/users\/5"}],"replies":[{"embeddable":true,"href":"https:\/\/fundaciohospitalariesmartorell.org\/entre-tots\/wp-json\/wp\/v2\/comments?post=10269"}],"version-history":[{"count":3,"href":"https:\/\/fundaciohospitalariesmartorell.org\/entre-tots\/wp-json\/wp\/v2\/posts\/10269\/revisions"}],"predecessor-version":[{"id":10274,"href":"https:\/\/fundaciohospitalariesmartorell.org\/entre-tots\/wp-json\/wp\/v2\/posts\/10269\/revisions\/10274"}],"wp:featuredmedia":[{"embeddable":true,"href":"https:\/\/fundaciohospitalariesmartorell.org\/entre-tots\/wp-json\/wp\/v2\/media\/10270"}],"wp:attachment":[{"href":"https:\/\/fundaciohospitalariesmartorell.org\/entre-tots\/wp-json\/wp\/v2\/media?parent=10269"}],"wp:term":[{"taxonomy":"category","embeddable":true,"href":"https:\/\/fundaciohospitalariesmartorell.org\/entre-tots\/wp-json\/wp\/v2\/categories?post=10269"},{"taxonomy":"post_tag","embeddable":true,"href":"https:\/\/fundaciohospitalariesmartorell.org\/entre-tots\/wp-json\/wp\/v2\/tags?post=10269"}],"curies":[{"name":"wp","href":"https:\/\/api.w.org\/{rel}","templated":true}]}}