{"id":10275,"date":"2024-11-20T11:50:26","date_gmt":"2024-11-20T10:50:26","guid":{"rendered":"https:\/\/hospitalsagratcormartorell.org\/entre-tots\/?p=10275"},"modified":"2024-11-29T11:58:07","modified_gmt":"2024-11-29T10:58:07","slug":"entre-el-13-i-el-18-de-les-persones-diagnosticades-amb-toc-tambe-presenten-un-tca-al-llarg-de-la-seva-vida","status":"publish","type":"post","link":"https:\/\/fundaciohospitalariesmartorell.org\/entre-tots\/2024\/11\/entre-el-13-i-el-18-de-les-persones-diagnosticades-amb-toc-tambe-presenten-un-tca-al-llarg-de-la-seva-vida\/","title":{"rendered":"Entre el 13% i el 18% de les persones diagnosticades amb TOC tamb\u00e9 presenten un TCA al llarg de la seva vida"},"content":{"rendered":"\n<p>La <a href=\"https:\/\/www.salutmental.org\/wp-content\/uploads\/2024\/10\/2024-II-TOC-Triptic-CAT.pdf\">II Jornada de Trastorn Obsessiu-Compulsiu (TOC)<\/a>, celebrada el 15 de novembre a l&#8217;Hospital de la Santa Creu i Sant Pau, ha posat en relleu dades significatives sobre la comorbiditat entre el TOC i els trastorns de la conducta aliment\u00e0ria (TCA). La Dra. N\u00faria\u00a0Jaurrieta\u00a0Guarner, Coordinadora de la Unitat Integral de Recuperaci\u00f3 dels TCA complexes i de llarga durada de l&#8217;Hospital Sagrat Cor Martorell i Hospital Universitari de Bellvitge, va destacar que &#8220;actualment entre el 13% i el 18% de les persones amb TOC tamb\u00e9 pateixen un TCA al llarg de la seva vida. L&#8217;anor\u00e8xia\u00a0purgativa \u00e9s la que presenta m\u00e9s comorbiditat i el trastorn per afartament menys&#8221;. Aquesta xifra \u00e9s molt not\u00f2ria, ja que l&#8217;Organitzaci\u00f3 Mundial de la Salut (OMS) considera el TOC una de les deu patologies m\u00e9s incapacitants.<\/p>\n\n\n\n<div class=\"wp-block-columns is-layout-flex wp-container-core-columns-is-layout-28f84493 wp-block-columns-is-layout-flex\">\n<div class=\"wp-block-column is-layout-flow wp-block-column-is-layout-flow\">\n<figure class=\"wp-block-image size-large\"><img loading=\"lazy\" decoding=\"async\" width=\"768\" height=\"1024\" src=\"https:\/\/hospitalsagratcormartorell.org\/entre-tots\/wp-content\/uploads\/2024\/11\/WhatsApp-Image-2024-11-15-at-14.49.12-768x1024.jpeg\" alt=\"\" class=\"wp-image-10276\" srcset=\"https:\/\/fundaciohospitalariesmartorell.org\/entre-tots\/wp-content\/uploads\/2024\/11\/WhatsApp-Image-2024-11-15-at-14.49.12-768x1024.jpeg 768w, https:\/\/fundaciohospitalariesmartorell.org\/entre-tots\/wp-content\/uploads\/2024\/11\/WhatsApp-Image-2024-11-15-at-14.49.12-225x300.jpeg 225w, https:\/\/fundaciohospitalariesmartorell.org\/entre-tots\/wp-content\/uploads\/2024\/11\/WhatsApp-Image-2024-11-15-at-14.49.12-1152x1536.jpeg 1152w, https:\/\/fundaciohospitalariesmartorell.org\/entre-tots\/wp-content\/uploads\/2024\/11\/WhatsApp-Image-2024-11-15-at-14.49.12.jpeg 1200w\" sizes=\"auto, (max-width: 768px) 100vw, 768px\" \/><\/figure>\n<\/div>\n\n\n\n<div class=\"wp-block-column is-layout-flow wp-block-column-is-layout-flow\">\n<p>Durant la seva intervenci\u00f3, la Dra.&nbsp;Jaurrieta&nbsp;va assenyalar que &#8220;la coexist\u00e8ncia del TOC i el TCA comporta un pron\u00f2stic m\u00e9s desfavorable per a les persones afectades&#8221;, complicant aix\u00ed el seu proc\u00e9s de recuperaci\u00f3. A m\u00e9s, va exposar els trets comuns d&#8217;ambd\u00f3s trastorns i els reptes que aix\u00f2 implica en el tractament psicol\u00f2gic &#8220;Com m\u00e9s aviat la persona&nbsp;s&#8217;inici\u00ef&nbsp;en el TCA, major \u00e9s el risc a tenir un TOC&#8221;.<\/p>\n<\/div>\n<\/div>\n\n\n\n<p>L&#8217;esdeveniment, organitzat per l&#8217;Associaci\u00f3 TOC Catalunya, va reunir m\u00e9s de 500 participants,&nbsp;tan&nbsp;presencials com en streaming, sota el lema &#8220;El TOC no s\u00f3n manies: \u00c9s un trastorn de salut mental que impedeix dur una vida plena&#8221;. Josep Tristany,&nbsp;Director&nbsp;del Pla Director de Salut Mental i Addiccions del Departament de Salut de la Generalitat de Catalunya, va inaugurar la jornada subratllant &#8220;la import\u00e0ncia d&#8217;augmentar els recursos disponibles per a les persones afectades pel TOC&#8221;. Aix\u00ed mateix, va&nbsp;assegurar&nbsp;que cal promoure la formaci\u00f3, la recerca i&nbsp;la innovaci\u00f3&nbsp;en l&#8217;\u00e0mbit del TOC per millorar el coneixement que es disposa de la malaltia i &#8220;desenvolupar noves eines que garanteixin l&#8217;accessibilitat a un correcte diagn\u00f2stic i tractament&#8221;. Nom\u00e9s d&#8217;aquesta manera podem &#8220;garantir l&#8217;acc\u00e9s a tractaments basats en l&#8217;evid\u00e8ncia cient\u00edfica, adaptats al nivell de gravetat cl\u00ednica i psicosocial, d&#8217;acc\u00e9s equitatiu en tot el territori, a trav\u00e9s d&#8217;un model d&#8217;atenci\u00f3 esglaonada&#8221;.<\/p>\n\n\n\n<p>A m\u00e9s, es van presentar estudis recents que han identificat \u00e0rees cerebrals implicades en una resposta menys efectiva al tractament psicol\u00f2gic en persones amb TOC. Aquestes troballes han generat un gran inter\u00e8s medi\u00e0tic i han destacat la necessitat d&#8217;un enfocament integrat en el tractament d&#8217;aquells que cohabiten amb aquests dos trastorns.<\/p>\n\n\n\n<p>Amb prop d&#8217;un mili\u00f3 de persones diagnosticades amb TOC a Espanya, aquesta trobada d&#8217;experts ha posat en evid\u00e8ncia la urg\u00e8ncia d&#8217;atendre aquestes patologies des d&#8217;una perspectiva multidisciplin\u00e0ria, involucrant professionals de la salut, familiars i afectats.<\/p>\n\n\n\n<figure class=\"wp-block-image size-full\"><img loading=\"lazy\" decoding=\"async\" width=\"861\" height=\"542\" src=\"https:\/\/hospitalsagratcormartorell.org\/entre-tots\/wp-content\/uploads\/2024\/11\/image-1.png\" alt=\"\" class=\"wp-image-10280\" srcset=\"https:\/\/fundaciohospitalariesmartorell.org\/entre-tots\/wp-content\/uploads\/2024\/11\/image-1.png 861w, https:\/\/fundaciohospitalariesmartorell.org\/entre-tots\/wp-content\/uploads\/2024\/11\/image-1-300x189.png 300w, https:\/\/fundaciohospitalariesmartorell.org\/entre-tots\/wp-content\/uploads\/2024\/11\/image-1-768x483.png 768w\" sizes=\"auto, (max-width: 861px) 100vw, 861px\" \/><\/figure>\n","protected":false},"excerpt":{"rendered":"<p>La II Jornada de Trastorn Obsessiu-Compulsiu (TOC), celebrada el 15 de novembre a l&#8217;Hospital de la Santa Creu i Sant Pau, ha posat en relleu dades significatives sobre la comorbiditat entre el TOC i els trastorns de la conducta aliment\u00e0ria (TCA). La Dra. N\u00faria\u00a0Jaurrieta\u00a0Guarner, Coordinadora de la Unitat Integral de Recuperaci\u00f3 dels TCA complexes i [&hellip;]<\/p>\n","protected":false},"author":5,"featured_media":10280,"comment_status":"closed","ping_status":"closed","sticky":false,"template":"","format":"standard","meta":{"footnotes":""},"categories":[27,61],"tags":[65],"class_list":["post-10275","post","type-post","status-publish","format-standard","has-post-thumbnail","hentry","category-actualitat","category-societat","tag-newsletter"],"blocksy_meta":[],"featured_image_urls_v2":{"full":["https:\/\/fundaciohospitalariesmartorell.org\/entre-tots\/wp-content\/uploads\/2024\/11\/image-1.png",861,542,false],"thumbnail":["https:\/\/fundaciohospitalariesmartorell.org\/entre-tots\/wp-content\/uploads\/2024\/11\/image-1-150x150.png",150,150,true],"medium":["https:\/\/fundaciohospitalariesmartorell.org\/entre-tots\/wp-content\/uploads\/2024\/11\/image-1-300x189.png",300,189,true],"medium_large":["https:\/\/fundaciohospitalariesmartorell.org\/entre-tots\/wp-content\/uploads\/2024\/11\/image-1-768x483.png",768,483,true],"large":["https:\/\/fundaciohospitalariesmartorell.org\/entre-tots\/wp-content\/uploads\/2024\/11\/image-1.png",861,542,false],"1536x1536":["https:\/\/fundaciohospitalariesmartorell.org\/entre-tots\/wp-content\/uploads\/2024\/11\/image-1.png",861,542,false],"2048x2048":["https:\/\/fundaciohospitalariesmartorell.org\/entre-tots\/wp-content\/uploads\/2024\/11\/image-1.png",861,542,false],"mailpoet_newsletter_max":["https:\/\/fundaciohospitalariesmartorell.org\/entre-tots\/wp-content\/uploads\/2024\/11\/image-1.png",861,542,false]},"post_excerpt_stackable_v2":"<p>La II Jornada de Trastorn Obsessiu-Compulsiu (TOC), celebrada el 15 de novembre a l&#8217;Hospital de la Santa Creu i Sant Pau, ha posat en relleu dades significatives sobre la comorbiditat entre el TOC i els trastorns de la conducta aliment\u00e0ria (TCA). La Dra. N\u00faria\u00a0Jaurrieta\u00a0Guarner, Coordinadora de la Unitat Integral de Recuperaci\u00f3 dels TCA complexes i de llarga durada de l&#8217;Hospital Sagrat Cor Martorell i Hospital Universitari de Bellvitge, va destacar que &#8220;actualment entre el 13% i el 18% de les persones amb TOC tamb\u00e9 pateixen un TCA al llarg de la seva vida. L&#8217;anor\u00e8xia\u00a0purgativa \u00e9s la que presenta m\u00e9s comorbiditat&hellip;<\/p>\n","category_list_v2":"<a href=\"https:\/\/fundaciohospitalariesmartorell.org\/entre-tots\/category\/actualitat\/\" rel=\"category tag\">ACTUALITAT<\/a>, <a href=\"https:\/\/fundaciohospitalariesmartorell.org\/entre-tots\/category\/actualitat\/societat\/\" rel=\"category tag\">SOCIETAT<\/a>","author_info_v2":{"name":"Alba Felip","url":"https:\/\/fundaciohospitalariesmartorell.org\/entre-tots\/author\/afelipr\/"},"comments_num_v2":"0 comments","_links":{"self":[{"href":"https:\/\/fundaciohospitalariesmartorell.org\/entre-tots\/wp-json\/wp\/v2\/posts\/10275","targetHints":{"allow":["GET"]}}],"collection":[{"href":"https:\/\/fundaciohospitalariesmartorell.org\/entre-tots\/wp-json\/wp\/v2\/posts"}],"about":[{"href":"https:\/\/fundaciohospitalariesmartorell.org\/entre-tots\/wp-json\/wp\/v2\/types\/post"}],"author":[{"embeddable":true,"href":"https:\/\/fundaciohospitalariesmartorell.org\/entre-tots\/wp-json\/wp\/v2\/users\/5"}],"replies":[{"embeddable":true,"href":"https:\/\/fundaciohospitalariesmartorell.org\/entre-tots\/wp-json\/wp\/v2\/comments?post=10275"}],"version-history":[{"count":5,"href":"https:\/\/fundaciohospitalariesmartorell.org\/entre-tots\/wp-json\/wp\/v2\/posts\/10275\/revisions"}],"predecessor-version":[{"id":10285,"href":"https:\/\/fundaciohospitalariesmartorell.org\/entre-tots\/wp-json\/wp\/v2\/posts\/10275\/revisions\/10285"}],"wp:featuredmedia":[{"embeddable":true,"href":"https:\/\/fundaciohospitalariesmartorell.org\/entre-tots\/wp-json\/wp\/v2\/media\/10280"}],"wp:attachment":[{"href":"https:\/\/fundaciohospitalariesmartorell.org\/entre-tots\/wp-json\/wp\/v2\/media?parent=10275"}],"wp:term":[{"taxonomy":"category","embeddable":true,"href":"https:\/\/fundaciohospitalariesmartorell.org\/entre-tots\/wp-json\/wp\/v2\/categories?post=10275"},{"taxonomy":"post_tag","embeddable":true,"href":"https:\/\/fundaciohospitalariesmartorell.org\/entre-tots\/wp-json\/wp\/v2\/tags?post=10275"}],"curies":[{"name":"wp","href":"https:\/\/api.w.org\/{rel}","templated":true}]}}