{"id":10287,"date":"2024-11-21T13:50:02","date_gmt":"2024-11-21T12:50:02","guid":{"rendered":"https:\/\/hospitalsagratcormartorell.org\/entre-tots\/?p=10287"},"modified":"2024-11-29T11:58:07","modified_gmt":"2024-11-29T10:58:07","slug":"lhospital-sagrat-cor-celebra-el-25e-aniversari-de-la-canonitzacio-de-sant-benito-menni","status":"publish","type":"post","link":"https:\/\/fundaciohospitalariesmartorell.org\/entre-tots\/2024\/11\/lhospital-sagrat-cor-celebra-el-25e-aniversari-de-la-canonitzacio-de-sant-benito-menni\/","title":{"rendered":"L&#8217;Hospital Sagrat Cor celebra el 25\u00e8 aniversari de la canonitzaci\u00f3 de Sant Benito Menni"},"content":{"rendered":"\n<figure class=\"wp-block-image size-full\"><img loading=\"lazy\" decoding=\"async\" width=\"1017\" height=\"543\" src=\"https:\/\/hospitalsagratcormartorell.org\/entre-tots\/wp-content\/uploads\/2024\/11\/image-2.png\" alt=\"\" class=\"wp-image-10288\" srcset=\"https:\/\/fundaciohospitalariesmartorell.org\/entre-tots\/wp-content\/uploads\/2024\/11\/image-2.png 1017w, https:\/\/fundaciohospitalariesmartorell.org\/entre-tots\/wp-content\/uploads\/2024\/11\/image-2-300x160.png 300w, https:\/\/fundaciohospitalariesmartorell.org\/entre-tots\/wp-content\/uploads\/2024\/11\/image-2-768x410.png 768w\" sizes=\"auto, (max-width: 1017px) 100vw, 1017px\" \/><\/figure>\n\n\n\n<p>Dijous, 21 de novembre, s&#8217;ha celebrat l&#8217;eucaristia en honor al 25\u00e8 aniversari de la canonitzaci\u00f3 de Sant Benito Menni, un esdeveniment que ha convidat a tots els presents a l&#8217;agra\u00efment i a la reflexi\u00f3 sobre el significat de la seva vida i obra.<\/p>\n\n\n\n<p>Durant la seva intervenci\u00f3, la superiora de l&#8217;Hospital Sagrat Cor, Sor Isabel Bl\u00e1zquez, ha donat la benvinguda a tots els assistents i ha destacat la import\u00e0ncia de recordar dates especials que deixen una empremta en la nostra vida, especialment quan estan relacionades amb persones o esdeveniments que s\u00f3n un &#8220;tresor per al nostre cor&#8221;. Ha remarcat que aquest aniversari \u00e9s un motiu de joia, ja que celebra la santedat de Sant Benito Menni, reconeguda per la seva fe compromesa, el seu amor a D\u00e9u i al pro\u00efsme, i la seva solidaritat amb les necessitats del seu temps.<\/p>\n\n\n\n<p>La superiora tamb\u00e9 ha recordat el proc\u00e9s de canonitzaci\u00f3, que es va basar en un miracle reconegut oficialment: la curaci\u00f3 inexplicable d\u2019una germana hospital\u00e0ria, sor Nicolasa, gr\u00e0cies a la intercessi\u00f3 de Sant Benito Menni. Aquesta sanaci\u00f3 va ser comprovada cient\u00edficament i documentada a Roma, confirmant la seva naturalesa miraculosa.<\/p>\n\n\n\n<figure class=\"wp-block-image size-large\"><img loading=\"lazy\" decoding=\"async\" width=\"1024\" height=\"768\" src=\"https:\/\/hospitalsagratcormartorell.org\/entre-tots\/wp-content\/uploads\/2024\/11\/image-3-1024x768.png\" alt=\"\" class=\"wp-image-10289\" srcset=\"https:\/\/fundaciohospitalariesmartorell.org\/entre-tots\/wp-content\/uploads\/2024\/11\/image-3-1024x768.png 1024w, https:\/\/fundaciohospitalariesmartorell.org\/entre-tots\/wp-content\/uploads\/2024\/11\/image-3-300x225.png 300w, https:\/\/fundaciohospitalariesmartorell.org\/entre-tots\/wp-content\/uploads\/2024\/11\/image-3-768x576.png 768w, https:\/\/fundaciohospitalariesmartorell.org\/entre-tots\/wp-content\/uploads\/2024\/11\/image-3-1536x1152.png 1536w, https:\/\/fundaciohospitalariesmartorell.org\/entre-tots\/wp-content\/uploads\/2024\/11\/image-3-1320x990.png 1320w, https:\/\/fundaciohospitalariesmartorell.org\/entre-tots\/wp-content\/uploads\/2024\/11\/image-3.png 2000w\" sizes=\"auto, (max-width: 1024px) 100vw, 1024px\" \/><\/figure>\n\n\n\n<p>Finalment, va fer una crida a mantenir viu el llegat del sant, comprom\u00e8s amb les persones que pateixen, i a continuar construint un m\u00f3n m\u00e9s solidari.<\/p>\n\n\n\n<p>Per la seva banda, moss\u00e8n Esteve va recordar les paraules de <strong>Sant Joan Pau II<\/strong> durant la celebraci\u00f3, ara fa 25 anys, de la canonitzaci\u00f3 de Menni: <em>&#8220;Aquesta proclamaci\u00f3 de santedat \u00e9s un far etern per a la fam\u00edlia Hospital\u00e0ria&#8221;<\/em>. Moss\u00e8n Esteve tamb\u00e9 va recordar que el <strong>Papa Francesc<\/strong>, defineix la santedat com un cam\u00ed basat en quatre pilars essencials: <em>&#8220;el coratge, l&#8217;esperan\u00e7a, la gr\u00e0cia i la compassi\u00f3&#8221;<\/em>. Finalment, va destacar el testimoni de diverses germanes durant la celebraci\u00f3, a Roma, de l&#8217;acte de canonitzaci\u00f3.<\/p>\n\n\n\n<p>Aquesta commemoraci\u00f3 no nom\u00e9s celebra el passat, sin\u00f3 que inspira a viure la santedat en el present, amb els valors que defineixen l&#8217;her\u00e8ncia de Sant Benito Menni.<\/p>\n","protected":false},"excerpt":{"rendered":"<p>Dijous, 21 de novembre, s&#8217;ha celebrat l&#8217;eucaristia en honor al 25\u00e8 aniversari de la canonitzaci\u00f3 de Sant Benito Menni, un esdeveniment que ha convidat a tots els presents a l&#8217;agra\u00efment i a la reflexi\u00f3 sobre el significat de la seva vida i obra. Durant la seva intervenci\u00f3, la superiora de l&#8217;Hospital Sagrat Cor, Sor Isabel [&hellip;]<\/p>\n","protected":false},"author":5,"featured_media":10289,"comment_status":"closed","ping_status":"","sticky":false,"template":"","format":"standard","meta":{"footnotes":""},"categories":[27],"tags":[65],"class_list":["post-10287","post","type-post","status-publish","format-standard","has-post-thumbnail","hentry","category-actualitat","tag-newsletter"],"blocksy_meta":[],"featured_image_urls_v2":{"full":["https:\/\/fundaciohospitalariesmartorell.org\/entre-tots\/wp-content\/uploads\/2024\/11\/image-3.png",2000,1500,false],"thumbnail":["https:\/\/fundaciohospitalariesmartorell.org\/entre-tots\/wp-content\/uploads\/2024\/11\/image-3-150x150.png",150,150,true],"medium":["https:\/\/fundaciohospitalariesmartorell.org\/entre-tots\/wp-content\/uploads\/2024\/11\/image-3-300x225.png",300,225,true],"medium_large":["https:\/\/fundaciohospitalariesmartorell.org\/entre-tots\/wp-content\/uploads\/2024\/11\/image-3-768x576.png",768,576,true],"large":["https:\/\/fundaciohospitalariesmartorell.org\/entre-tots\/wp-content\/uploads\/2024\/11\/image-3-1024x768.png",1024,768,true],"1536x1536":["https:\/\/fundaciohospitalariesmartorell.org\/entre-tots\/wp-content\/uploads\/2024\/11\/image-3-1536x1152.png",1536,1152,true],"2048x2048":["https:\/\/fundaciohospitalariesmartorell.org\/entre-tots\/wp-content\/uploads\/2024\/11\/image-3.png",2000,1500,false],"mailpoet_newsletter_max":["https:\/\/fundaciohospitalariesmartorell.org\/entre-tots\/wp-content\/uploads\/2024\/11\/image-3-1320x990.png",1320,990,true]},"post_excerpt_stackable_v2":"<p>Dijous, 21 de novembre, s&#8217;ha celebrat l&#8217;eucaristia en honor al 25\u00e8 aniversari de la canonitzaci\u00f3 de Sant Benito Menni, un esdeveniment que ha convidat a tots els presents a l&#8217;agra\u00efment i a la reflexi\u00f3 sobre el significat de la seva vida i obra. Durant la seva intervenci\u00f3, la superiora de l&#8217;Hospital Sagrat Cor, Sor Isabel Bl\u00e1zquez, ha donat la benvinguda a tots els assistents i ha destacat la import\u00e0ncia de recordar dates especials que deixen una empremta en la nostra vida, especialment quan estan relacionades amb persones o esdeveniments que s\u00f3n un &#8220;tresor per al nostre cor&#8221;. Ha remarcat que&hellip;<\/p>\n","category_list_v2":"<a href=\"https:\/\/fundaciohospitalariesmartorell.org\/entre-tots\/category\/actualitat\/\" rel=\"category tag\">ACTUALITAT<\/a>","author_info_v2":{"name":"Alba Felip","url":"https:\/\/fundaciohospitalariesmartorell.org\/entre-tots\/author\/afelipr\/"},"comments_num_v2":"0 comments","_links":{"self":[{"href":"https:\/\/fundaciohospitalariesmartorell.org\/entre-tots\/wp-json\/wp\/v2\/posts\/10287","targetHints":{"allow":["GET"]}}],"collection":[{"href":"https:\/\/fundaciohospitalariesmartorell.org\/entre-tots\/wp-json\/wp\/v2\/posts"}],"about":[{"href":"https:\/\/fundaciohospitalariesmartorell.org\/entre-tots\/wp-json\/wp\/v2\/types\/post"}],"author":[{"embeddable":true,"href":"https:\/\/fundaciohospitalariesmartorell.org\/entre-tots\/wp-json\/wp\/v2\/users\/5"}],"replies":[{"embeddable":true,"href":"https:\/\/fundaciohospitalariesmartorell.org\/entre-tots\/wp-json\/wp\/v2\/comments?post=10287"}],"version-history":[{"count":1,"href":"https:\/\/fundaciohospitalariesmartorell.org\/entre-tots\/wp-json\/wp\/v2\/posts\/10287\/revisions"}],"predecessor-version":[{"id":10290,"href":"https:\/\/fundaciohospitalariesmartorell.org\/entre-tots\/wp-json\/wp\/v2\/posts\/10287\/revisions\/10290"}],"wp:featuredmedia":[{"embeddable":true,"href":"https:\/\/fundaciohospitalariesmartorell.org\/entre-tots\/wp-json\/wp\/v2\/media\/10289"}],"wp:attachment":[{"href":"https:\/\/fundaciohospitalariesmartorell.org\/entre-tots\/wp-json\/wp\/v2\/media?parent=10287"}],"wp:term":[{"taxonomy":"category","embeddable":true,"href":"https:\/\/fundaciohospitalariesmartorell.org\/entre-tots\/wp-json\/wp\/v2\/categories?post=10287"},{"taxonomy":"post_tag","embeddable":true,"href":"https:\/\/fundaciohospitalariesmartorell.org\/entre-tots\/wp-json\/wp\/v2\/tags?post=10287"}],"curies":[{"name":"wp","href":"https:\/\/api.w.org\/{rel}","templated":true}]}}