{"id":10291,"date":"2024-11-25T12:25:26","date_gmt":"2024-11-25T11:25:26","guid":{"rendered":"https:\/\/hospitalsagratcormartorell.org\/entre-tots\/?p=10291"},"modified":"2024-11-29T11:58:07","modified_gmt":"2024-11-29T10:58:07","slug":"reconeguts-14-serveis-de-salut-mental-comunitaris-de-lhospital-sagrat-cor-amb-el-segell-antiestigma-dobertament","status":"publish","type":"post","link":"https:\/\/fundaciohospitalariesmartorell.org\/entre-tots\/2024\/11\/reconeguts-14-serveis-de-salut-mental-comunitaris-de-lhospital-sagrat-cor-amb-el-segell-antiestigma-dobertament\/","title":{"rendered":"Reconeguts 14 serveis de salut mental comunitaris de l\u2019Hospital Sagrat Cor amb el segell Antiestigma d\u2019Obertament"},"content":{"rendered":"\n<p>El divendres 22 de novembre es va celebrar la II Gala Comprom\u00eds Antiestigma d&#8217;Obertament, un esdeveniment on es van presentar un recull de bones pr\u00e0ctiques en salut mental i es va oficialitzar l&#8217;adhesi\u00f3 de nous serveis sanitaris al Comprom\u00eds Antiestigma. Amb aquestes noves incorporacions, el comprom\u00eds ja agrupa 68 serveis de 19 entitats prove\u00efdores i compta amb la implicaci\u00f3 de 870 professionals de la salut mental de Catalunya reconeguts per la seva tasca en la lluita contra l&#8217;estigma. Durant la gala, es van lliurar plaques provisionals i definitives a tots els serveis adherits al distintiu.<\/p>\n\n\n\n<figure class=\"wp-block-image size-large\"><img loading=\"lazy\" decoding=\"async\" width=\"768\" height=\"1024\" src=\"https:\/\/hospitalsagratcormartorell.org\/entre-tots\/wp-content\/uploads\/2024\/11\/WhatsApp-Image-2024-11-22-at-11.47.40-768x1024.jpeg\" alt=\"\" class=\"wp-image-10295\" srcset=\"https:\/\/fundaciohospitalariesmartorell.org\/entre-tots\/wp-content\/uploads\/2024\/11\/WhatsApp-Image-2024-11-22-at-11.47.40-768x1024.jpeg 768w, https:\/\/fundaciohospitalariesmartorell.org\/entre-tots\/wp-content\/uploads\/2024\/11\/WhatsApp-Image-2024-11-22-at-11.47.40-225x300.jpeg 225w, https:\/\/fundaciohospitalariesmartorell.org\/entre-tots\/wp-content\/uploads\/2024\/11\/WhatsApp-Image-2024-11-22-at-11.47.40-1152x1536.jpeg 1152w, https:\/\/fundaciohospitalariesmartorell.org\/entre-tots\/wp-content\/uploads\/2024\/11\/WhatsApp-Image-2024-11-22-at-11.47.40.jpeg 1200w\" sizes=\"auto, (max-width: 768px) 100vw, 768px\" \/><\/figure>\n\n\n\n<p>L&#8217;Hospital Sagrat Cor de Martorell va ser reconegut amb el segell que consolida la distinci\u00f3 per a 14 dispositius comunitaris enfocats a la salut mental i la lluita contra l&#8217;estigma, dels 68 serveis reconeguts per Obertament. Aquest assoliment \u00e9s fruit de l&#8217;esfor\u00e7 i la dedicaci\u00f3 de m\u00e9s d&#8217;un centenar de professionals, que representen un percentatge destacat dins del conjunt de serveis adherits al Comprom\u00eds&nbsp;Antiestigma.<\/p>\n\n\n\n<p>Aix\u00ed, el&nbsp;CSMA&nbsp;de Martorell, l&#8217;HD Adults de Martorell, el&nbsp;SRC&nbsp;de Martorell, el CSMIJ de Martorell, l&#8217;Hospital de Dia d&#8217;Adolescents de Martorell, el CSMIJ de Molins de Rei, el&nbsp;CSMA&nbsp;de Sant Feliu de Llobregat, el&nbsp;SRC&nbsp;de Sant Feliu de Llobregat, el&nbsp;CSMA&nbsp;del Bergued\u00e0, l&#8217;HD del Bergued\u00e0, el&nbsp;SRC&nbsp;del Bergued\u00e0, el&nbsp;CSMA&nbsp;de l&#8217;Alt Pened\u00e8s, l&#8217;HD de l&#8217;Alt Pened\u00e8s i el&nbsp;SRC&nbsp;de l&#8217;Alt Pened\u00e8s van ser els serveis reconeguts amb l&#8217;adhesi\u00f3 al distintiu. Es tracta del primer segell de l&#8217;Estat espanyol que destaca i visibilitza el comprom\u00eds d&#8217;entitats, serveis i professionals en la lluita contra l&#8217;estigma en salut mental.<\/p>\n\n\n\n<p>La Dra. Montse&nbsp;Guitart, coordinadora d&#8217;Atenci\u00f3 Comunit\u00e0ria de l&#8217;Hospital Sagrat Cor, la Dra. Pilar&nbsp;Muley, coordinadora d&#8217;Atenci\u00f3 Comunit\u00e0ria en Salut Mental d&#8217;Adults de l&#8217;Alt Pened\u00e8s, i el Dr.&nbsp;David Juanes, coordinador de l&#8217;\u00c0rea de Rehabilitaci\u00f3 en Salut Mental, van ser els professionals encarregats de rebre aquest reconeixement en nom dels serveis adherits.<\/p>\n\n\n\n<figure class=\"wp-block-image size-large\"><img loading=\"lazy\" decoding=\"async\" width=\"1024\" height=\"768\" src=\"https:\/\/hospitalsagratcormartorell.org\/entre-tots\/wp-content\/uploads\/2024\/11\/WhatsApp-Image-2024-11-22-at-11.58.24-1024x768.jpeg\" alt=\"\" class=\"wp-image-10302\" srcset=\"https:\/\/fundaciohospitalariesmartorell.org\/entre-tots\/wp-content\/uploads\/2024\/11\/WhatsApp-Image-2024-11-22-at-11.58.24-1024x768.jpeg 1024w, https:\/\/fundaciohospitalariesmartorell.org\/entre-tots\/wp-content\/uploads\/2024\/11\/WhatsApp-Image-2024-11-22-at-11.58.24-300x225.jpeg 300w, https:\/\/fundaciohospitalariesmartorell.org\/entre-tots\/wp-content\/uploads\/2024\/11\/WhatsApp-Image-2024-11-22-at-11.58.24-768x576.jpeg 768w, https:\/\/fundaciohospitalariesmartorell.org\/entre-tots\/wp-content\/uploads\/2024\/11\/WhatsApp-Image-2024-11-22-at-11.58.24-1536x1152.jpeg 1536w, https:\/\/fundaciohospitalariesmartorell.org\/entre-tots\/wp-content\/uploads\/2024\/11\/WhatsApp-Image-2024-11-22-at-11.58.24-1320x990.jpeg 1320w, https:\/\/fundaciohospitalariesmartorell.org\/entre-tots\/wp-content\/uploads\/2024\/11\/WhatsApp-Image-2024-11-22-at-11.58.24.jpeg 2048w\" sizes=\"auto, (max-width: 1024px) 100vw, 1024px\" \/><\/figure>\n\n\n\n<p>El&nbsp;CaixaF\u00f2rum&nbsp;Macaya&nbsp;de Barcelona va acollir l&#8217;acte, que tenia com a objectiu recon\u00e8ixer p\u00fablicament l&#8217;esfor\u00e7 d&#8217;aquests serveis pioners en la millora de la cultura interna en el tracte als usuaris de salut mental. Actualment, aquests serveis representen ja el 25% dels serveis comunitaris de salut mental a Catalunya.<\/p>\n\n\n\n<p>Durant la cerim\u00f2nia, es van exposar els resultats de la feina&nbsp;feta&nbsp;fins ara, amb un recull de bones pr\u00e0ctiques implementades pels dispositius reconeguts. Aquesta presentaci\u00f3 va anar a c\u00e0rrec de Maria&nbsp;Lomascolo&nbsp;i Mariona&nbsp;Bast\u00e9, responsables del projecte&nbsp;d&#8217;Obertament, que van subratllar la necessitat de &#8220;<strong>posar un punt i a part en un model paternalista, recon\u00e8ixer conductes discriminat\u00f2ries o que vulnerin drets humans i transformar-les<\/strong>&#8220;.<\/p>\n\n\n\n<p>Durant l\u2019acte es van presentar els resultats de la feina feta, amb un recull de bones praxis en salut mental de tots aquests dispositius reconeguts i implicats, per part de les responsables del projecte d\u2019Obertament Maria Lomascolo i Mariona Bast\u00e9, que &#8220;<strong>vol posar un punt i a part en un model paternalista, recon\u00e8ixer conductes discriminat\u00f2ries o que vulnerin drets humans i transformar-les<\/strong>\u201d. L\u2019actriu i activista d\u2019aquesta entitat Marta Margarit va oferir el seu testimoni en primera persona. Margarit va reivindicar la voluntat que el diagn\u00f2stic psiqui\u00e0tric no sigui definitori de la identitat o un manual d\u2019instruccions sobre com tractar les persones afectades per un trastorn de salut mental, i va expressar p\u00fablicament l\u2019agra\u00efment als professionals que l\u2019han acompanyada. Tampoc no va voler deixar passar l\u2019ocasi\u00f3 per denunciar l\u2019efecte perjudicial que tenen els tractes paternalistes o les veritats absolutes que fan servir alguns professionals, i va recordar que la consulta de psiquiatria \u201c<strong>ha de ser un entorn segur on mai se senti por i on els usuaris no se sentin jutjats<\/strong>\u201d.<\/p>\n\n\n\n<p>Podeu llegir la nota de premsa completa d\u2019Obertament <a href=\"https:\/\/www.obertament.org\/premsa\/obertament-celebra-ladhesio-de-nous-serveis-sanitaris-al-compromis-antiestigma-tot-presentant-un-recull-de-bones-praxis-en-salut-mental\">aqu\u00ed<\/a>.<\/p>\n","protected":false},"excerpt":{"rendered":"<p>El divendres 22 de novembre es va celebrar la II Gala Comprom\u00eds Antiestigma d&#8217;Obertament, un esdeveniment on es van presentar un recull de bones pr\u00e0ctiques en salut mental i es va oficialitzar l&#8217;adhesi\u00f3 de nous serveis sanitaris al Comprom\u00eds Antiestigma. Amb aquestes noves incorporacions, el comprom\u00eds ja agrupa 68 serveis de 19 entitats prove\u00efdores i [&hellip;]<\/p>\n","protected":false},"author":5,"featured_media":10293,"comment_status":"closed","ping_status":"closed","sticky":false,"template":"","format":"standard","meta":{"footnotes":""},"categories":[27],"tags":[65],"class_list":["post-10291","post","type-post","status-publish","format-standard","has-post-thumbnail","hentry","category-actualitat","tag-newsletter"],"blocksy_meta":[],"featured_image_urls_v2":{"full":["https:\/\/fundaciohospitalariesmartorell.org\/entre-tots\/wp-content\/uploads\/2024\/11\/Foto-de-Familia-premiats-CAPCALERA.jpg",1489,995,false],"thumbnail":["https:\/\/fundaciohospitalariesmartorell.org\/entre-tots\/wp-content\/uploads\/2024\/11\/Foto-de-Familia-premiats-CAPCALERA-150x150.jpg",150,150,true],"medium":["https:\/\/fundaciohospitalariesmartorell.org\/entre-tots\/wp-content\/uploads\/2024\/11\/Foto-de-Familia-premiats-CAPCALERA-300x200.jpg",300,200,true],"medium_large":["https:\/\/fundaciohospitalariesmartorell.org\/entre-tots\/wp-content\/uploads\/2024\/11\/Foto-de-Familia-premiats-CAPCALERA-768x513.jpg",768,513,true],"large":["https:\/\/fundaciohospitalariesmartorell.org\/entre-tots\/wp-content\/uploads\/2024\/11\/Foto-de-Familia-premiats-CAPCALERA-1024x684.jpg",1024,684,true],"1536x1536":["https:\/\/fundaciohospitalariesmartorell.org\/entre-tots\/wp-content\/uploads\/2024\/11\/Foto-de-Familia-premiats-CAPCALERA.jpg",1489,995,false],"2048x2048":["https:\/\/fundaciohospitalariesmartorell.org\/entre-tots\/wp-content\/uploads\/2024\/11\/Foto-de-Familia-premiats-CAPCALERA.jpg",1489,995,false],"mailpoet_newsletter_max":["https:\/\/fundaciohospitalariesmartorell.org\/entre-tots\/wp-content\/uploads\/2024\/11\/Foto-de-Familia-premiats-CAPCALERA-1320x882.jpg",1320,882,true]},"post_excerpt_stackable_v2":"<p>El divendres 22 de novembre es va celebrar la II Gala Comprom\u00eds Antiestigma d&#8217;Obertament, un esdeveniment on es van presentar un recull de bones pr\u00e0ctiques en salut mental i es va oficialitzar l&#8217;adhesi\u00f3 de nous serveis sanitaris al Comprom\u00eds Antiestigma. Amb aquestes noves incorporacions, el comprom\u00eds ja agrupa 68 serveis de 19 entitats prove\u00efdores i compta amb la implicaci\u00f3 de 870 professionals de la salut mental de Catalunya reconeguts per la seva tasca en la lluita contra l&#8217;estigma. Durant la gala, es van lliurar plaques provisionals i definitives a tots els serveis adherits al distintiu. L&#8217;Hospital Sagrat Cor de Martorell&hellip;<\/p>\n","category_list_v2":"<a href=\"https:\/\/fundaciohospitalariesmartorell.org\/entre-tots\/category\/actualitat\/\" rel=\"category tag\">ACTUALITAT<\/a>","author_info_v2":{"name":"Alba Felip","url":"https:\/\/fundaciohospitalariesmartorell.org\/entre-tots\/author\/afelipr\/"},"comments_num_v2":"0 comments","_links":{"self":[{"href":"https:\/\/fundaciohospitalariesmartorell.org\/entre-tots\/wp-json\/wp\/v2\/posts\/10291","targetHints":{"allow":["GET"]}}],"collection":[{"href":"https:\/\/fundaciohospitalariesmartorell.org\/entre-tots\/wp-json\/wp\/v2\/posts"}],"about":[{"href":"https:\/\/fundaciohospitalariesmartorell.org\/entre-tots\/wp-json\/wp\/v2\/types\/post"}],"author":[{"embeddable":true,"href":"https:\/\/fundaciohospitalariesmartorell.org\/entre-tots\/wp-json\/wp\/v2\/users\/5"}],"replies":[{"embeddable":true,"href":"https:\/\/fundaciohospitalariesmartorell.org\/entre-tots\/wp-json\/wp\/v2\/comments?post=10291"}],"version-history":[{"count":6,"href":"https:\/\/fundaciohospitalariesmartorell.org\/entre-tots\/wp-json\/wp\/v2\/posts\/10291\/revisions"}],"predecessor-version":[{"id":10342,"href":"https:\/\/fundaciohospitalariesmartorell.org\/entre-tots\/wp-json\/wp\/v2\/posts\/10291\/revisions\/10342"}],"wp:featuredmedia":[{"embeddable":true,"href":"https:\/\/fundaciohospitalariesmartorell.org\/entre-tots\/wp-json\/wp\/v2\/media\/10293"}],"wp:attachment":[{"href":"https:\/\/fundaciohospitalariesmartorell.org\/entre-tots\/wp-json\/wp\/v2\/media?parent=10291"}],"wp:term":[{"taxonomy":"category","embeddable":true,"href":"https:\/\/fundaciohospitalariesmartorell.org\/entre-tots\/wp-json\/wp\/v2\/categories?post=10291"},{"taxonomy":"post_tag","embeddable":true,"href":"https:\/\/fundaciohospitalariesmartorell.org\/entre-tots\/wp-json\/wp\/v2\/tags?post=10291"}],"curies":[{"name":"wp","href":"https:\/\/api.w.org\/{rel}","templated":true}]}}