{"id":10319,"date":"2024-11-26T12:48:08","date_gmt":"2024-11-26T11:48:08","guid":{"rendered":"https:\/\/hospitalsagratcormartorell.org\/entre-tots\/?p=10319"},"modified":"2025-11-24T13:04:23","modified_gmt":"2025-11-24T12:04:23","slug":"celebrem-el-25n-rebentant-el-silenci-contra-les-violencies-masclistes","status":"publish","type":"post","link":"https:\/\/fundaciohospitalariesmartorell.org\/entre-tots\/2024\/11\/celebrem-el-25n-rebentant-el-silenci-contra-les-violencies-masclistes\/","title":{"rendered":"Celebrem el 25N rebentant el silenci contra les viol\u00e8ncies masclistes"},"content":{"rendered":"\n<p>Amb motiu del Dia Internacional de l\u2019Eliminaci\u00f3 de la Viol\u00e8ncia contra la Dona, l\u2019Hospital Sagrat Cor, a trav\u00e9s de la seva Comissi\u00f3 d\u2019Igualtat, va organitzar una acci\u00f3 visual i simb\u00f2lica per sensibilitzar la comunitat sobre la import\u00e0ncia de combatre les viol\u00e8ncies masclistes. <\/p>\n\n\n\n<p>Tant el personal col\u00b7laborador com les usu\u00e0ries i usuaris van poder expressar el seu rebuig a qualsevol forma de viol\u00e8ncia masclista (f\u00edsica, psicol\u00f2gica, sexual, econ\u00f2mica, etc.), compartint experi\u00e8ncies personals o reflexions sobre aquesta problem\u00e0tica que van escriure en un globus de paper, que havien elaborat altres persones hospitalitzades. <\/p>\n\n\n\n<p>Finalment, es va fer un minut de silenci i, en alguns serveis, es van esquin\u00e7ar els globus per simbolitzar el trencament del silenci.<\/p>\n\n\n\n<p>A l&#8217;Hospital, a Martorell, unes 90 persones es van reunir al voltant de l&#8217;olivera, i es van llegir aleat\u00f2riament els missatges que les persones usu\u00e0ries i el personal col\u00b7laborador havia dipositat en una caixa de manera an\u00f2nima.<\/p>\n\n\n\n<p>A Berga, van treballar amb els missatges contra les viol\u00e8ncies masclistes i van fer una esquin\u00e7ada un\u00e0nime de globus davant del centre de dia. Va ser una acci\u00f3 molt participada.<\/p>\n\n\n\n<figure class=\"wp-block-embed is-type-video is-provider-youtube wp-block-embed-youtube wp-embed-aspect-16-9 wp-has-aspect-ratio\"><div class=\"wp-block-embed__wrapper\">\n<iframe loading=\"lazy\" title=\"25N Rebentem el silenci, acabem ambles viol\u00e8ncies masclistes (SRC i HD Vilafranca)\" width=\"1290\" height=\"726\" src=\"https:\/\/www.youtube.com\/embed\/csCUv6NosMs?feature=oembed\" frameborder=\"0\" allow=\"accelerometer; autoplay; clipboard-write; encrypted-media; gyroscope; picture-in-picture; web-share\" referrerpolicy=\"strict-origin-when-cross-origin\" allowfullscreen><\/iframe>\n<\/div><\/figure>\n\n\n\n<p>I a l&#8217;HD i SRC de Vilafranca del Pened\u00e8s, van elaborar missatges de den\u00fancia, els van llegir i els van gravar en aquest v\u00eddeo que compartim amb tots vosaltres.<\/p>\n\n\n\n<p>I a l&#8217;SRC de Sant Feliu tamb\u00e9 es van sumar a la iniciativa, reflexionant entorn a les agressions que pateixen les dones i omplint els globus de missatges encoratjadors. <\/p>\n\n\n\n<p><\/p>\n","protected":false},"excerpt":{"rendered":"<p>Amb motiu del Dia Internacional de l\u2019Eliminaci\u00f3 de la Viol\u00e8ncia contra la Dona, l\u2019Hospital Sagrat Cor, a trav\u00e9s de la seva Comissi\u00f3 d\u2019Igualtat, va organitzar una acci\u00f3 visual i simb\u00f2lica per sensibilitzar la comunitat sobre la import\u00e0ncia de combatre les viol\u00e8ncies masclistes. Tant el personal col\u00b7laborador com les usu\u00e0ries i usuaris van poder expressar el [&hellip;]<\/p>\n","protected":false},"author":5,"featured_media":10320,"comment_status":"closed","ping_status":"closed","sticky":false,"template":"","format":"standard","meta":{"footnotes":""},"categories":[27,57],"tags":[65],"class_list":["post-10319","post","type-post","status-publish","format-standard","has-post-thumbnail","hentry","category-actualitat","category-usuaris-es","tag-newsletter"],"blocksy_meta":[],"featured_image_urls_v2":{"full":["https:\/\/fundaciohospitalariesmartorell.org\/entre-tots\/wp-content\/uploads\/2024\/11\/15.png",1920,1280,false],"thumbnail":["https:\/\/fundaciohospitalariesmartorell.org\/entre-tots\/wp-content\/uploads\/2024\/11\/15-150x150.png",150,150,true],"medium":["https:\/\/fundaciohospitalariesmartorell.org\/entre-tots\/wp-content\/uploads\/2024\/11\/15-300x200.png",300,200,true],"medium_large":["https:\/\/fundaciohospitalariesmartorell.org\/entre-tots\/wp-content\/uploads\/2024\/11\/15-768x512.png",768,512,true],"large":["https:\/\/fundaciohospitalariesmartorell.org\/entre-tots\/wp-content\/uploads\/2024\/11\/15-1024x683.png",1024,683,true],"1536x1536":["https:\/\/fundaciohospitalariesmartorell.org\/entre-tots\/wp-content\/uploads\/2024\/11\/15-1536x1024.png",1536,1024,true],"2048x2048":["https:\/\/fundaciohospitalariesmartorell.org\/entre-tots\/wp-content\/uploads\/2024\/11\/15.png",1920,1280,false],"mailpoet_newsletter_max":["https:\/\/fundaciohospitalariesmartorell.org\/entre-tots\/wp-content\/uploads\/2024\/11\/15-1320x880.png",1320,880,true]},"post_excerpt_stackable_v2":"<p>Amb motiu del Dia Internacional de l\u2019Eliminaci\u00f3 de la Viol\u00e8ncia contra la Dona, l\u2019Hospital Sagrat Cor, a trav\u00e9s de la seva Comissi\u00f3 d\u2019Igualtat, va organitzar una acci\u00f3 visual i simb\u00f2lica per sensibilitzar la comunitat sobre la import\u00e0ncia de combatre les viol\u00e8ncies masclistes. Tant el personal col\u00b7laborador com les usu\u00e0ries i usuaris van poder expressar el seu rebuig a qualsevol forma de viol\u00e8ncia masclista (f\u00edsica, psicol\u00f2gica, sexual, econ\u00f2mica, etc.), compartint experi\u00e8ncies personals o reflexions sobre aquesta problem\u00e0tica que van escriure en un globus de paper, que havien elaborat altres persones hospitalitzades. Finalment, es va fer un minut de silenci i, en&hellip;<\/p>\n","category_list_v2":"<a href=\"https:\/\/fundaciohospitalariesmartorell.org\/entre-tots\/category\/actualitat\/\" rel=\"category tag\">ACTUALITAT<\/a>, <a href=\"https:\/\/fundaciohospitalariesmartorell.org\/entre-tots\/category\/actualitat\/usuaris-es\/\" rel=\"category tag\">USUARIS\/ES<\/a>","author_info_v2":{"name":"Alba Felip","url":"https:\/\/fundaciohospitalariesmartorell.org\/entre-tots\/author\/afelipr\/"},"comments_num_v2":"0 comments","_links":{"self":[{"href":"https:\/\/fundaciohospitalariesmartorell.org\/entre-tots\/wp-json\/wp\/v2\/posts\/10319","targetHints":{"allow":["GET"]}}],"collection":[{"href":"https:\/\/fundaciohospitalariesmartorell.org\/entre-tots\/wp-json\/wp\/v2\/posts"}],"about":[{"href":"https:\/\/fundaciohospitalariesmartorell.org\/entre-tots\/wp-json\/wp\/v2\/types\/post"}],"author":[{"embeddable":true,"href":"https:\/\/fundaciohospitalariesmartorell.org\/entre-tots\/wp-json\/wp\/v2\/users\/5"}],"replies":[{"embeddable":true,"href":"https:\/\/fundaciohospitalariesmartorell.org\/entre-tots\/wp-json\/wp\/v2\/comments?post=10319"}],"version-history":[{"count":3,"href":"https:\/\/fundaciohospitalariesmartorell.org\/entre-tots\/wp-json\/wp\/v2\/posts\/10319\/revisions"}],"predecessor-version":[{"id":12298,"href":"https:\/\/fundaciohospitalariesmartorell.org\/entre-tots\/wp-json\/wp\/v2\/posts\/10319\/revisions\/12298"}],"wp:featuredmedia":[{"embeddable":true,"href":"https:\/\/fundaciohospitalariesmartorell.org\/entre-tots\/wp-json\/wp\/v2\/media\/10320"}],"wp:attachment":[{"href":"https:\/\/fundaciohospitalariesmartorell.org\/entre-tots\/wp-json\/wp\/v2\/media?parent=10319"}],"wp:term":[{"taxonomy":"category","embeddable":true,"href":"https:\/\/fundaciohospitalariesmartorell.org\/entre-tots\/wp-json\/wp\/v2\/categories?post=10319"},{"taxonomy":"post_tag","embeddable":true,"href":"https:\/\/fundaciohospitalariesmartorell.org\/entre-tots\/wp-json\/wp\/v2\/tags?post=10319"}],"curies":[{"name":"wp","href":"https:\/\/api.w.org\/{rel}","templated":true}]}}