{"id":10367,"date":"2024-11-27T14:40:40","date_gmt":"2024-11-27T13:40:40","guid":{"rendered":"https:\/\/hospitalsagratcormartorell.org\/entre-tots\/?p=10367"},"modified":"2024-11-27T20:24:49","modified_gmt":"2024-11-27T19:24:49","slug":"el-galaxy-martorell-debuta-a-la-lliga-de-futbol-de-salut-mental-esport-i-inclusio-comunitaria","status":"publish","type":"post","link":"https:\/\/fundaciohospitalariesmartorell.org\/entre-tots\/2024\/11\/el-galaxy-martorell-debuta-a-la-lliga-de-futbol-de-salut-mental-esport-i-inclusio-comunitaria\/","title":{"rendered":"El\u00a0Galaxy\u00a0Martorell debuta a la Lliga de Futbol de Salut Mental: esport i inclusi\u00f3 comunit\u00e0ria"},"content":{"rendered":"\n<figure class=\"wp-block-image size-large\"><img loading=\"lazy\" decoding=\"async\" width=\"1024\" height=\"768\" src=\"https:\/\/hospitalsagratcormartorell.org\/entre-tots\/wp-content\/uploads\/2024\/11\/IMG_2870-1024x768.jpg\" alt=\"\" class=\"wp-image-10384\" srcset=\"https:\/\/fundaciohospitalariesmartorell.org\/entre-tots\/wp-content\/uploads\/2024\/11\/IMG_2870-1024x768.jpg 1024w, https:\/\/fundaciohospitalariesmartorell.org\/entre-tots\/wp-content\/uploads\/2024\/11\/IMG_2870-300x225.jpg 300w, https:\/\/fundaciohospitalariesmartorell.org\/entre-tots\/wp-content\/uploads\/2024\/11\/IMG_2870-768x576.jpg 768w, https:\/\/fundaciohospitalariesmartorell.org\/entre-tots\/wp-content\/uploads\/2024\/11\/IMG_2870-1536x1152.jpg 1536w, https:\/\/fundaciohospitalariesmartorell.org\/entre-tots\/wp-content\/uploads\/2024\/11\/IMG_2870-2048x1536.jpg 2048w, https:\/\/fundaciohospitalariesmartorell.org\/entre-tots\/wp-content\/uploads\/2024\/11\/IMG_2870-1320x990.jpg 1320w\" sizes=\"auto, (max-width: 1024px) 100vw, 1024px\" \/><\/figure>\n\n\n\n<p>A l&#8217;Hospital Sagrat Cor ja tenim el nostre propi equip de futbol: el\u00a0Galaxy\u00a0Martorell. Aquest equip\u00a0est\u00e0\u00a0format per\u00a0persones usu\u00e0ries\u00a0dels diversos serveis de rehabilitaci\u00f3 de l&#8217;hospital -alguns els quals ja han estat donats d&#8217;alta- i cada cap de setmana participen en la Lliga de Futbol de Salut Mental, una competici\u00f3 on jugadors\u00a0amb i sense\u00a0diagn\u00f2stics de problemes de salut mental comparteixen l&#8217;esperit esportiu.<br><br>La creaci\u00f3 d&#8217;un equip federat \u00e9s el resultat d&#8217;un projecte que va comen\u00e7ar a gestar-se\u00a0a mitjan 2023. Concretament, l&#8217;octubre d&#8217;aquell any, el\u00a0Galaxy\u00a0Martorell va debutar en una jornada esportiva organitzada per l&#8217;Hospital Sagrat Cor, en col\u00b7laboraci\u00f3 amb\u00a0Sport2live. Aquest esdeveniment va posar de manifest l&#8217;inter\u00e8s creixent dels participants per competir en un entorn m\u00e9s formal i estructurat.<br><br>Amb la participaci\u00f3 en aquesta lliga, l&#8217;objectiu s&#8217;ha ampliat: el\u00a0Galaxy\u00a0Martorell s&#8217;ha convertit en un recurs obert a la comunitat, amb places per a persones que no estiguin vinculades directament a l&#8217;hospital, per\u00f2\u00a0que comparteixin l&#8217;entusiasme pel futbol i la voluntat de comprom\u00eds amb l&#8217;equip. El projecte t\u00e9 una triple finalitat: fomentar l&#8217;activitat f\u00edsica, millorar les habilitats socials dels participants i promoure la seva integraci\u00f3 a la comunitat. Entre els beneficis detectats hi ha una major toler\u00e0ncia a la frustraci\u00f3, el desenvolupament de valors com el respecte i la cooperaci\u00f3. &#8220;\u00c9s un recurs terap\u00e8utic que transcendeix l&#8217;esport. Ajuda els jugadors a connectar amb la comunitat i treballar aspectes essencials per a la seva recuperaci\u00f3 i autonomia&#8221;, afirma Jes\u00fas Lago, entrenador de l&#8217;equip i membre de Sport2live.<\/p>\n\n\n\n<figure class=\"wp-block-gallery has-nested-images columns-default is-cropped wp-block-gallery-1 is-layout-flex wp-block-gallery-is-layout-flex\">\n<figure class=\"wp-block-image size-large\"><img loading=\"lazy\" decoding=\"async\" width=\"1024\" height=\"768\" data-id=\"10371\" src=\"https:\/\/hospitalsagratcormartorell.org\/entre-tots\/wp-content\/uploads\/2024\/11\/IMG_5834-1024x768.jpeg\" alt=\"\" class=\"wp-image-10371\" srcset=\"https:\/\/fundaciohospitalariesmartorell.org\/entre-tots\/wp-content\/uploads\/2024\/11\/IMG_5834-1024x768.jpeg 1024w, https:\/\/fundaciohospitalariesmartorell.org\/entre-tots\/wp-content\/uploads\/2024\/11\/IMG_5834-300x225.jpeg 300w, https:\/\/fundaciohospitalariesmartorell.org\/entre-tots\/wp-content\/uploads\/2024\/11\/IMG_5834-768x576.jpeg 768w, https:\/\/fundaciohospitalariesmartorell.org\/entre-tots\/wp-content\/uploads\/2024\/11\/IMG_5834-1536x1152.jpeg 1536w, https:\/\/fundaciohospitalariesmartorell.org\/entre-tots\/wp-content\/uploads\/2024\/11\/IMG_5834-2048x1536.jpeg 2048w, https:\/\/fundaciohospitalariesmartorell.org\/entre-tots\/wp-content\/uploads\/2024\/11\/IMG_5834-1320x990.jpeg 1320w\" sizes=\"auto, (max-width: 1024px) 100vw, 1024px\" \/><\/figure>\n\n\n\n<figure class=\"wp-block-image size-large\"><img loading=\"lazy\" decoding=\"async\" width=\"1024\" height=\"768\" data-id=\"10369\" src=\"https:\/\/hospitalsagratcormartorell.org\/entre-tots\/wp-content\/uploads\/2024\/11\/IMG_5829-1024x768.jpeg\" alt=\"\" class=\"wp-image-10369\" srcset=\"https:\/\/fundaciohospitalariesmartorell.org\/entre-tots\/wp-content\/uploads\/2024\/11\/IMG_5829-1024x768.jpeg 1024w, https:\/\/fundaciohospitalariesmartorell.org\/entre-tots\/wp-content\/uploads\/2024\/11\/IMG_5829-300x225.jpeg 300w, https:\/\/fundaciohospitalariesmartorell.org\/entre-tots\/wp-content\/uploads\/2024\/11\/IMG_5829-768x576.jpeg 768w, https:\/\/fundaciohospitalariesmartorell.org\/entre-tots\/wp-content\/uploads\/2024\/11\/IMG_5829-1536x1152.jpeg 1536w, https:\/\/fundaciohospitalariesmartorell.org\/entre-tots\/wp-content\/uploads\/2024\/11\/IMG_5829-2048x1536.jpeg 2048w, https:\/\/fundaciohospitalariesmartorell.org\/entre-tots\/wp-content\/uploads\/2024\/11\/IMG_5829-1320x990.jpeg 1320w\" sizes=\"auto, (max-width: 1024px) 100vw, 1024px\" \/><\/figure>\n\n\n\n<figure class=\"wp-block-image size-large\"><img loading=\"lazy\" decoding=\"async\" width=\"1024\" height=\"768\" data-id=\"10372\" src=\"https:\/\/hospitalsagratcormartorell.org\/entre-tots\/wp-content\/uploads\/2024\/11\/IMG_5837-1024x768.jpeg\" alt=\"\" class=\"wp-image-10372\" srcset=\"https:\/\/fundaciohospitalariesmartorell.org\/entre-tots\/wp-content\/uploads\/2024\/11\/IMG_5837-1024x768.jpeg 1024w, https:\/\/fundaciohospitalariesmartorell.org\/entre-tots\/wp-content\/uploads\/2024\/11\/IMG_5837-300x225.jpeg 300w, https:\/\/fundaciohospitalariesmartorell.org\/entre-tots\/wp-content\/uploads\/2024\/11\/IMG_5837-768x576.jpeg 768w, https:\/\/fundaciohospitalariesmartorell.org\/entre-tots\/wp-content\/uploads\/2024\/11\/IMG_5837-1536x1152.jpeg 1536w, https:\/\/fundaciohospitalariesmartorell.org\/entre-tots\/wp-content\/uploads\/2024\/11\/IMG_5837-2048x1536.jpeg 2048w, https:\/\/fundaciohospitalariesmartorell.org\/entre-tots\/wp-content\/uploads\/2024\/11\/IMG_5837-1320x990.jpeg 1320w\" sizes=\"auto, (max-width: 1024px) 100vw, 1024px\" \/><\/figure>\n<\/figure>\n\n\n\n<p><br>Des del primer dia, el&nbsp;Galaxy&nbsp;Martorell ha apostat per donar veu als jugadors en el disseny del projecte. L&#8217;escut tamb\u00e9 reflecteix aquesta implicaci\u00f3 col\u00b7lectiva, on es combinen una estrella (per simbolitzar el &#8220;galaxy&#8221;), un tigre (la for\u00e7a de l&#8217;equip) i una pilota de futbol (el motor del projecte).<br><br>La lliga, per la seva banda, ofereix un entorn inclusiu on el marcador no \u00e9s l&#8217;\u00fanic objectiu. Tot i aix\u00f2, el&nbsp;Galaxy&nbsp;Martorell mant\u00e9 un esperit competitiu. &#8220;Cada partit \u00e9s una oportunitat per gaudir, per\u00f2 tamb\u00e9 per donar el millor de nosaltres&#8221;, assenyalen els responsables.<br><br>El suport de les institucions locals ha estat clau per a l&#8217;\u00e8xit del projecte. L&#8217;Ajuntament de Martorell cedeix un pavell\u00f3 per als partits a casa, mentre que l&#8217;empresa&nbsp;Ecohome&nbsp;360 patrocina les equipacions. Els entrenaments tenen lloc tres cops per setmana, amb un ritme que combina treball f\u00edsic i t\u00e0ctic. Alguns jugadors, a m\u00e9s, reforcen la preparaci\u00f3 al gimn\u00e0s.<br><br>El calendari de la Lliga de Salut Mental inclou partits cada dues o tres setmanes, amb esdeveniments especials previstos per a 2025, com un amist\u00f3s contra l&#8217;equip del&nbsp;Benito&nbsp;Menni&nbsp;de Sant Boi i un enfrontament amb professionals de l&#8217;hospital.<\/p>\n\n\n\n<figure class=\"wp-block-image size-large\"><img loading=\"lazy\" decoding=\"async\" width=\"724\" height=\"1024\" src=\"https:\/\/hospitalsagratcormartorell.org\/entre-tots\/wp-content\/uploads\/2024\/11\/24_11_SAGRAT-COR_-FUTBOL-ANIMS2-724x1024.jpg\" alt=\"\" class=\"wp-image-10368\" srcset=\"https:\/\/fundaciohospitalariesmartorell.org\/entre-tots\/wp-content\/uploads\/2024\/11\/24_11_SAGRAT-COR_-FUTBOL-ANIMS2-724x1024.jpg 724w, https:\/\/fundaciohospitalariesmartorell.org\/entre-tots\/wp-content\/uploads\/2024\/11\/24_11_SAGRAT-COR_-FUTBOL-ANIMS2-212x300.jpg 212w, https:\/\/fundaciohospitalariesmartorell.org\/entre-tots\/wp-content\/uploads\/2024\/11\/24_11_SAGRAT-COR_-FUTBOL-ANIMS2-768x1086.jpg 768w, https:\/\/fundaciohospitalariesmartorell.org\/entre-tots\/wp-content\/uploads\/2024\/11\/24_11_SAGRAT-COR_-FUTBOL-ANIMS2-1086x1536.jpg 1086w, https:\/\/fundaciohospitalariesmartorell.org\/entre-tots\/wp-content\/uploads\/2024\/11\/24_11_SAGRAT-COR_-FUTBOL-ANIMS2-1320x1867.jpg 1320w, https:\/\/fundaciohospitalariesmartorell.org\/entre-tots\/wp-content\/uploads\/2024\/11\/24_11_SAGRAT-COR_-FUTBOL-ANIMS2.jpg 1414w\" sizes=\"auto, (max-width: 724px) 100vw, 724px\" \/><\/figure>\n\n\n\n<p>L&#8217;equip tamb\u00e9 acumula an\u00e8cdotes que il\u00b7lustren la seva traject\u00f2ria. En un partit disputat a Olesa, l&#8217;arribada en un autocar gran va provocar comentaris divertits, comparant-los amb el FC Barcelona. Per\u00f2 m\u00e9s enll\u00e0 de les rialles, els jugadors han demostrat un esperit indomable, remuntant resultats adversos i deixant clar que l&#8217;esfor\u00e7 col\u00b7lectiu \u00e9s el seu motor principal.<br><br>El&nbsp;Galaxy&nbsp;Martorell no nom\u00e9s busca cr\u00e9ixer com a equip, sin\u00f3 tamb\u00e9 generar un impacte positiu en&nbsp;el seu&nbsp;entorn. Els responsables fan una crida a la comunitat per donar suport al projecte, ja sigui amb la cessi\u00f3 d&#8217;instal\u00b7lacions, la difusi\u00f3 del campionat o l&#8217;aportaci\u00f3 de material esportiu.<\/p>\n","protected":false},"excerpt":{"rendered":"<p>A l&#8217;Hospital Sagrat Cor ja tenim el nostre propi equip de futbol: el\u00a0Galaxy\u00a0Martorell. Aquest equip\u00a0est\u00e0\u00a0format per\u00a0persones usu\u00e0ries\u00a0dels diversos serveis de rehabilitaci\u00f3 de l&#8217;hospital -alguns els quals ja han estat donats d&#8217;alta- i cada cap de setmana participen en la Lliga de Futbol de Salut Mental, una competici\u00f3 on jugadors\u00a0amb i sense\u00a0diagn\u00f2stics de problemes de salut [&hellip;]<\/p>\n","protected":false},"author":5,"featured_media":10370,"comment_status":"closed","ping_status":"closed","sticky":false,"template":"","format":"standard","meta":{"footnotes":""},"categories":[27,57],"tags":[],"class_list":["post-10367","post","type-post","status-publish","format-standard","has-post-thumbnail","hentry","category-actualitat","category-usuaris-es"],"blocksy_meta":[],"featured_image_urls_v2":{"full":["https:\/\/fundaciohospitalariesmartorell.org\/entre-tots\/wp-content\/uploads\/2024\/11\/IMG_5833-scaled.jpeg",2560,1920,false],"thumbnail":["https:\/\/fundaciohospitalariesmartorell.org\/entre-tots\/wp-content\/uploads\/2024\/11\/IMG_5833-150x150.jpeg",150,150,true],"medium":["https:\/\/fundaciohospitalariesmartorell.org\/entre-tots\/wp-content\/uploads\/2024\/11\/IMG_5833-300x225.jpeg",300,225,true],"medium_large":["https:\/\/fundaciohospitalariesmartorell.org\/entre-tots\/wp-content\/uploads\/2024\/11\/IMG_5833-768x576.jpeg",768,576,true],"large":["https:\/\/fundaciohospitalariesmartorell.org\/entre-tots\/wp-content\/uploads\/2024\/11\/IMG_5833-1024x768.jpeg",1024,768,true],"1536x1536":["https:\/\/fundaciohospitalariesmartorell.org\/entre-tots\/wp-content\/uploads\/2024\/11\/IMG_5833-1536x1152.jpeg",1536,1152,true],"2048x2048":["https:\/\/fundaciohospitalariesmartorell.org\/entre-tots\/wp-content\/uploads\/2024\/11\/IMG_5833-2048x1536.jpeg",2048,1536,true],"mailpoet_newsletter_max":["https:\/\/fundaciohospitalariesmartorell.org\/entre-tots\/wp-content\/uploads\/2024\/11\/IMG_5833-1320x990.jpeg",1320,990,true]},"post_excerpt_stackable_v2":"<p>A l&#8217;Hospital Sagrat Cor ja tenim el nostre propi equip de futbol: el\u00a0Galaxy\u00a0Martorell. Aquest equip\u00a0est\u00e0\u00a0format per\u00a0persones usu\u00e0ries\u00a0dels diversos serveis de rehabilitaci\u00f3 de l&#8217;hospital -alguns els quals ja han estat donats d&#8217;alta- i cada cap de setmana participen en la Lliga de Futbol de Salut Mental, una competici\u00f3 on jugadors\u00a0amb i sense\u00a0diagn\u00f2stics de problemes de salut mental comparteixen l&#8217;esperit esportiu.La creaci\u00f3 d&#8217;un equip federat \u00e9s el resultat d&#8217;un projecte que va comen\u00e7ar a gestar-se\u00a0a mitjan 2023. Concretament, l&#8217;octubre d&#8217;aquell any, el\u00a0Galaxy\u00a0Martorell va debutar en una jornada esportiva organitzada per l&#8217;Hospital Sagrat Cor, en col\u00b7laboraci\u00f3 amb\u00a0Sport2live. Aquest esdeveniment va posar de manifest&hellip;<\/p>\n","category_list_v2":"<a href=\"https:\/\/fundaciohospitalariesmartorell.org\/entre-tots\/category\/actualitat\/\" rel=\"category tag\">ACTUALITAT<\/a>, <a href=\"https:\/\/fundaciohospitalariesmartorell.org\/entre-tots\/category\/actualitat\/usuaris-es\/\" rel=\"category tag\">USUARIS\/ES<\/a>","author_info_v2":{"name":"Alba Felip","url":"https:\/\/fundaciohospitalariesmartorell.org\/entre-tots\/author\/afelipr\/"},"comments_num_v2":"0 comments","_links":{"self":[{"href":"https:\/\/fundaciohospitalariesmartorell.org\/entre-tots\/wp-json\/wp\/v2\/posts\/10367","targetHints":{"allow":["GET"]}}],"collection":[{"href":"https:\/\/fundaciohospitalariesmartorell.org\/entre-tots\/wp-json\/wp\/v2\/posts"}],"about":[{"href":"https:\/\/fundaciohospitalariesmartorell.org\/entre-tots\/wp-json\/wp\/v2\/types\/post"}],"author":[{"embeddable":true,"href":"https:\/\/fundaciohospitalariesmartorell.org\/entre-tots\/wp-json\/wp\/v2\/users\/5"}],"replies":[{"embeddable":true,"href":"https:\/\/fundaciohospitalariesmartorell.org\/entre-tots\/wp-json\/wp\/v2\/comments?post=10367"}],"version-history":[{"count":3,"href":"https:\/\/fundaciohospitalariesmartorell.org\/entre-tots\/wp-json\/wp\/v2\/posts\/10367\/revisions"}],"predecessor-version":[{"id":10398,"href":"https:\/\/fundaciohospitalariesmartorell.org\/entre-tots\/wp-json\/wp\/v2\/posts\/10367\/revisions\/10398"}],"wp:featuredmedia":[{"embeddable":true,"href":"https:\/\/fundaciohospitalariesmartorell.org\/entre-tots\/wp-json\/wp\/v2\/media\/10370"}],"wp:attachment":[{"href":"https:\/\/fundaciohospitalariesmartorell.org\/entre-tots\/wp-json\/wp\/v2\/media?parent=10367"}],"wp:term":[{"taxonomy":"category","embeddable":true,"href":"https:\/\/fundaciohospitalariesmartorell.org\/entre-tots\/wp-json\/wp\/v2\/categories?post=10367"},{"taxonomy":"post_tag","embeddable":true,"href":"https:\/\/fundaciohospitalariesmartorell.org\/entre-tots\/wp-json\/wp\/v2\/tags?post=10367"}],"curies":[{"name":"wp","href":"https:\/\/api.w.org\/{rel}","templated":true}]}}