{"id":10377,"date":"2024-11-27T15:18:20","date_gmt":"2024-11-27T14:18:20","guid":{"rendered":"https:\/\/hospitalsagratcormartorell.org\/entre-tots\/?p=10377"},"modified":"2024-11-27T20:38:21","modified_gmt":"2024-11-27T19:38:21","slug":"primera-jornada-dels-equips-de-suport-hospitalaris-de-geriatria-i-cures-palliatives","status":"publish","type":"post","link":"https:\/\/fundaciohospitalariesmartorell.org\/entre-tots\/2024\/11\/primera-jornada-dels-equips-de-suport-hospitalaris-de-geriatria-i-cures-palliatives\/","title":{"rendered":"Primera Jornada dels equips de suport hospitalaris de geriatria i cures pal.liatives"},"content":{"rendered":"\n<figure class=\"wp-block-image size-large\"><img loading=\"lazy\" decoding=\"async\" width=\"1024\" height=\"577\" src=\"https:\/\/hospitalsagratcormartorell.org\/entre-tots\/wp-content\/uploads\/2024\/11\/WhatsApp-Image-2024-11-27-at-14.01.06-1024x577.jpeg\" alt=\"\" class=\"wp-image-10378\" srcset=\"https:\/\/fundaciohospitalariesmartorell.org\/entre-tots\/wp-content\/uploads\/2024\/11\/WhatsApp-Image-2024-11-27-at-14.01.06-1024x577.jpeg 1024w, https:\/\/fundaciohospitalariesmartorell.org\/entre-tots\/wp-content\/uploads\/2024\/11\/WhatsApp-Image-2024-11-27-at-14.01.06-300x169.jpeg 300w, https:\/\/fundaciohospitalariesmartorell.org\/entre-tots\/wp-content\/uploads\/2024\/11\/WhatsApp-Image-2024-11-27-at-14.01.06-768x432.jpeg 768w, https:\/\/fundaciohospitalariesmartorell.org\/entre-tots\/wp-content\/uploads\/2024\/11\/WhatsApp-Image-2024-11-27-at-14.01.06-1536x865.jpeg 1536w, https:\/\/fundaciohospitalariesmartorell.org\/entre-tots\/wp-content\/uploads\/2024\/11\/WhatsApp-Image-2024-11-27-at-14.01.06-1320x743.jpeg 1320w, https:\/\/fundaciohospitalariesmartorell.org\/entre-tots\/wp-content\/uploads\/2024\/11\/WhatsApp-Image-2024-11-27-at-14.01.06.jpeg 2000w\" sizes=\"auto, (max-width: 1024px) 100vw, 1024px\" \/><\/figure>\n\n\n\n<p>La Fundaci\u00f3 Althaia de Manresa va acollir el passat dimarts 26 de novembre la primera Jornada dels Equips de Suport Hospitalaris de Geriatria i Cures Pal\u00b7liatives (ESH), una trobada promoguda per l\u2019equip Transformador de l\u2019Atenci\u00f3 Interm\u00e8dia del Departament de Salut que marca el canvi de denominaci\u00f3 de les antigues UFISS (Unitat Funcional Interdisciplin\u00e0ria Sociosanit\u00e0ria). Aquesta jornada va reunir professionals de l&#8217;\u00e0mbit sanitari per debatre sobre l&#8217;evoluci\u00f3 i el futur d&#8217;aquests equips multidisciplinaris que integren metges\/es, infermers\/es i treballadors\/es socials.<\/p>\n\n\n\n<p>Els ESH, ubicats a hospitals d&#8217;aguts, tenen com a principal funci\u00f3 l\u2019avaluaci\u00f3 i suport a les unitats d&#8217;hospitalitzaci\u00f3 i els serveis d&#8217;urg\u00e8ncies, amb l&#8217;objectiu d\u2019atendre pacients geri\u00e0trics fr\u00e0gils i complexos. En aquest sentit, durant la jornada es van presentar diverses experi\u00e8ncies i bones pr\u00e0ctiques aplicades a serveis d&#8217;urg\u00e8ncies, unitats de cures pal\u00b7liatives i unitats de psicogeriatria, destacant la seva import\u00e0ncia en la millora de l&#8217;atenci\u00f3 als pacients m\u00e9s vulnerables.<\/p>\n\n\n\n<p>La proposta de l\u2019Equip Transformador de l\u2019Atenci\u00f3 Interm\u00e8dia \u00e9s potenciar el rol dels ESH com a agents de canvi en l&#8217;atenci\u00f3 geri\u00e0trica i pal\u00b7liativa dins dels hospitals d&#8217;aguts, incloent-hi la capacitat per a la formaci\u00f3 docent, tant formal com informal, aix\u00ed com la recerca en aquests \u00e0mbits.<\/p>\n\n\n\n<p>En representaci\u00f3 de l\u2019Hospital, van assistir a la jornada el subdirector m\u00e8dic, Dr. Santi Bernades, i la Dra. M\u00f2nica Valverde, adjunta de la Unitat de Subaguts i Cures Pal\u00b7liatives, qui van destacar la import\u00e0ncia d\u2019aquest tipus d\u2019iniciatives per millorar l\u2019atenci\u00f3 a la poblaci\u00f3 geri\u00e0trica.<\/p>\n\n\n\n<p>La jornada va concloure amb la convicci\u00f3 de la necessitat de continuar avan\u00e7ant en la formaci\u00f3 i la recerca per a l&#8217;optimitzaci\u00f3 d&#8217;aquests equips, amb l&#8217;objectiu de garantir una millor atenci\u00f3 a les persones en situaci\u00f3 de fragilitat.<\/p>\n","protected":false},"excerpt":{"rendered":"<p>La Fundaci\u00f3 Althaia de Manresa va acollir el passat dimarts 26 de novembre la primera Jornada dels Equips de Suport Hospitalaris de Geriatria i Cures Pal\u00b7liatives (ESH), una trobada promoguda per l\u2019equip Transformador de l\u2019Atenci\u00f3 Interm\u00e8dia del Departament de Salut que marca el canvi de denominaci\u00f3 de les antigues UFISS (Unitat Funcional Interdisciplin\u00e0ria Sociosanit\u00e0ria). Aquesta [&hellip;]<\/p>\n","protected":false},"author":5,"featured_media":10378,"comment_status":"closed","ping_status":"closed","sticky":false,"template":"","format":"standard","meta":{"footnotes":""},"categories":[27,58,61],"tags":[],"class_list":["post-10377","post","type-post","status-publish","format-standard","has-post-thumbnail","hentry","category-actualitat","category-collaboradors-es","category-societat"],"blocksy_meta":[],"featured_image_urls_v2":{"full":["https:\/\/fundaciohospitalariesmartorell.org\/entre-tots\/wp-content\/uploads\/2024\/11\/WhatsApp-Image-2024-11-27-at-14.01.06.jpeg",2000,1126,false],"thumbnail":["https:\/\/fundaciohospitalariesmartorell.org\/entre-tots\/wp-content\/uploads\/2024\/11\/WhatsApp-Image-2024-11-27-at-14.01.06-150x150.jpeg",150,150,true],"medium":["https:\/\/fundaciohospitalariesmartorell.org\/entre-tots\/wp-content\/uploads\/2024\/11\/WhatsApp-Image-2024-11-27-at-14.01.06-300x169.jpeg",300,169,true],"medium_large":["https:\/\/fundaciohospitalariesmartorell.org\/entre-tots\/wp-content\/uploads\/2024\/11\/WhatsApp-Image-2024-11-27-at-14.01.06-768x432.jpeg",768,432,true],"large":["https:\/\/fundaciohospitalariesmartorell.org\/entre-tots\/wp-content\/uploads\/2024\/11\/WhatsApp-Image-2024-11-27-at-14.01.06-1024x577.jpeg",1024,577,true],"1536x1536":["https:\/\/fundaciohospitalariesmartorell.org\/entre-tots\/wp-content\/uploads\/2024\/11\/WhatsApp-Image-2024-11-27-at-14.01.06-1536x865.jpeg",1536,865,true],"2048x2048":["https:\/\/fundaciohospitalariesmartorell.org\/entre-tots\/wp-content\/uploads\/2024\/11\/WhatsApp-Image-2024-11-27-at-14.01.06.jpeg",2000,1126,false],"mailpoet_newsletter_max":["https:\/\/fundaciohospitalariesmartorell.org\/entre-tots\/wp-content\/uploads\/2024\/11\/WhatsApp-Image-2024-11-27-at-14.01.06-1320x743.jpeg",1320,743,true]},"post_excerpt_stackable_v2":"<p>La Fundaci\u00f3 Althaia de Manresa va acollir el passat dimarts 26 de novembre la primera Jornada dels Equips de Suport Hospitalaris de Geriatria i Cures Pal\u00b7liatives (ESH), una trobada promoguda per l\u2019equip Transformador de l\u2019Atenci\u00f3 Interm\u00e8dia del Departament de Salut que marca el canvi de denominaci\u00f3 de les antigues UFISS (Unitat Funcional Interdisciplin\u00e0ria Sociosanit\u00e0ria). Aquesta jornada va reunir professionals de l&#8217;\u00e0mbit sanitari per debatre sobre l&#8217;evoluci\u00f3 i el futur d&#8217;aquests equips multidisciplinaris que integren metges\/es, infermers\/es i treballadors\/es socials. Els ESH, ubicats a hospitals d&#8217;aguts, tenen com a principal funci\u00f3 l\u2019avaluaci\u00f3 i suport a les unitats d&#8217;hospitalitzaci\u00f3 i els serveis&hellip;<\/p>\n","category_list_v2":"<a href=\"https:\/\/fundaciohospitalariesmartorell.org\/entre-tots\/category\/actualitat\/\" rel=\"category tag\">ACTUALITAT<\/a>, <a href=\"https:\/\/fundaciohospitalariesmartorell.org\/entre-tots\/category\/actualitat\/col%c2%b7laboradors-es\/\" rel=\"category tag\">COL\u00b7LABORADORS\/ES<\/a>, <a href=\"https:\/\/fundaciohospitalariesmartorell.org\/entre-tots\/category\/actualitat\/societat\/\" rel=\"category tag\">SOCIETAT<\/a>","author_info_v2":{"name":"Alba Felip","url":"https:\/\/fundaciohospitalariesmartorell.org\/entre-tots\/author\/afelipr\/"},"comments_num_v2":"0 comments","_links":{"self":[{"href":"https:\/\/fundaciohospitalariesmartorell.org\/entre-tots\/wp-json\/wp\/v2\/posts\/10377","targetHints":{"allow":["GET"]}}],"collection":[{"href":"https:\/\/fundaciohospitalariesmartorell.org\/entre-tots\/wp-json\/wp\/v2\/posts"}],"about":[{"href":"https:\/\/fundaciohospitalariesmartorell.org\/entre-tots\/wp-json\/wp\/v2\/types\/post"}],"author":[{"embeddable":true,"href":"https:\/\/fundaciohospitalariesmartorell.org\/entre-tots\/wp-json\/wp\/v2\/users\/5"}],"replies":[{"embeddable":true,"href":"https:\/\/fundaciohospitalariesmartorell.org\/entre-tots\/wp-json\/wp\/v2\/comments?post=10377"}],"version-history":[{"count":4,"href":"https:\/\/fundaciohospitalariesmartorell.org\/entre-tots\/wp-json\/wp\/v2\/posts\/10377\/revisions"}],"predecessor-version":[{"id":10400,"href":"https:\/\/fundaciohospitalariesmartorell.org\/entre-tots\/wp-json\/wp\/v2\/posts\/10377\/revisions\/10400"}],"wp:featuredmedia":[{"embeddable":true,"href":"https:\/\/fundaciohospitalariesmartorell.org\/entre-tots\/wp-json\/wp\/v2\/media\/10378"}],"wp:attachment":[{"href":"https:\/\/fundaciohospitalariesmartorell.org\/entre-tots\/wp-json\/wp\/v2\/media?parent=10377"}],"wp:term":[{"taxonomy":"category","embeddable":true,"href":"https:\/\/fundaciohospitalariesmartorell.org\/entre-tots\/wp-json\/wp\/v2\/categories?post=10377"},{"taxonomy":"post_tag","embeddable":true,"href":"https:\/\/fundaciohospitalariesmartorell.org\/entre-tots\/wp-json\/wp\/v2\/tags?post=10377"}],"curies":[{"name":"wp","href":"https:\/\/api.w.org\/{rel}","templated":true}]}}