{"id":10401,"date":"2024-11-28T00:20:34","date_gmt":"2024-11-27T23:20:34","guid":{"rendered":"https:\/\/hospitalsagratcormartorell.org\/entre-tots\/?p=10401"},"modified":"2024-11-28T00:26:03","modified_gmt":"2024-11-27T23:26:03","slug":"professionals-de-lhospital-sagrat-cor-participen-en-la-lxxvi-reunio-anual-de-la-societat-espanyola-de-neurologia","status":"publish","type":"post","link":"https:\/\/fundaciohospitalariesmartorell.org\/entre-tots\/2024\/11\/professionals-de-lhospital-sagrat-cor-participen-en-la-lxxvi-reunio-anual-de-la-societat-espanyola-de-neurologia\/","title":{"rendered":"Professionals de l&#8217;Hospital Sagrat Cor participen en la LXXVI Reuni\u00f3 Anual de la Societat Espanyola de Neurologia"},"content":{"rendered":"\n<p>Del 19 al 23 de novembre, l\u2019Equip d&#8217;Avaluaci\u00f3 Integral Ambulat\u00f2ria (EAIA) de Trastorns Cognitius de l\u2019Hospital Sagrat Cor va ser present en la LXXVI Reuni\u00f3 Anual de la Societat Espanyola de Neurologia (SEN), a Val\u00e8ncia, una de les trobades m\u00e9s importants per a la comunitat neurocient\u00edfica. Com sempre, l\u2019equip de l&#8217;EAIA TC mant\u00e9 un comprom\u00eds ferm amb la formaci\u00f3 cont\u00ednua i l&#8217;actualitzaci\u00f3 constant, aprofitant aquesta trobada per aprofundir en els \u00faltims aven\u00e7os de la neurologia, amb un \u00e8mfasi especial en el camp de les dem\u00e8ncies.<\/p>\n\n\n\n<figure class=\"wp-block-image size-full\"><img loading=\"lazy\" decoding=\"async\" width=\"742\" height=\"844\" src=\"https:\/\/hospitalsagratcormartorell.org\/entre-tots\/wp-content\/uploads\/2024\/11\/Captura-de-Pantalla-2024-11-28-a-las-12.18.45-a.m.png\" alt=\"\" class=\"wp-image-10402\" srcset=\"https:\/\/fundaciohospitalariesmartorell.org\/entre-tots\/wp-content\/uploads\/2024\/11\/Captura-de-Pantalla-2024-11-28-a-las-12.18.45-a.m.png 742w, https:\/\/fundaciohospitalariesmartorell.org\/entre-tots\/wp-content\/uploads\/2024\/11\/Captura-de-Pantalla-2024-11-28-a-las-12.18.45-a.m-264x300.png 264w\" sizes=\"auto, (max-width: 742px) 100vw, 742px\" \/><\/figure>\n\n\n\n<p>El centre ha reafirmat la seva excel\u00b7l\u00e8ncia en el diagn\u00f2stic preco\u00e7 de l&#8217;Alzheimer gr\u00e0cies a l\u2019\u00fas de biomarcadors, una l\u00ednia de treball que confirma el seu lideratge en aquesta \u00e0rea. A m\u00e9s, l\u2019equip ha assistit a sessions pioneres que marquen l\u2019inici de la implementaci\u00f3 a Espanya dels nous tractaments modificadors de la malaltia d\u2019Alzheimer, que l\u2019Ag\u00e8ncia Europea de Medicaments (EMA) ha aprovat recentment.<\/p>\n\n\n\n<p>El congr\u00e9s ha suposat una oportunitat \u00fanica per actualitzar-se sobre els \u00faltims aven\u00e7os cient\u00edfics i refor\u00e7ar la pres\u00e8ncia del grup en seccions clau de la SEN, com ara neurologia de la conducta i neurogeriatria, consolidant la seva posici\u00f3 com a referent en el camp de la neurologia.<\/p>\n","protected":false},"excerpt":{"rendered":"<p>Del 19 al 23 de novembre, l\u2019Equip d&#8217;Avaluaci\u00f3 Integral Ambulat\u00f2ria (EAIA) de Trastorns Cognitius de l\u2019Hospital Sagrat Cor va ser present en la LXXVI Reuni\u00f3 Anual de la Societat Espanyola de Neurologia (SEN), a Val\u00e8ncia, una de les trobades m\u00e9s importants per a la comunitat neurocient\u00edfica. Com sempre, l\u2019equip de l&#8217;EAIA TC mant\u00e9 un comprom\u00eds [&hellip;]<\/p>\n","protected":false},"author":5,"featured_media":10406,"comment_status":"closed","ping_status":"closed","sticky":false,"template":"","format":"standard","meta":{"footnotes":""},"categories":[27],"tags":[],"class_list":["post-10401","post","type-post","status-publish","format-standard","has-post-thumbnail","hentry","category-actualitat"],"blocksy_meta":[],"featured_image_urls_v2":{"full":["https:\/\/fundaciohospitalariesmartorell.org\/entre-tots\/wp-content\/uploads\/2024\/11\/Captura-de-Pantalla-2024-11-28-a-las-12.22.23-a.m-e1732749956718.png",498,534,false],"thumbnail":["https:\/\/fundaciohospitalariesmartorell.org\/entre-tots\/wp-content\/uploads\/2024\/11\/Captura-de-Pantalla-2024-11-28-a-las-12.22.23-a.m-e1732749956718-150x150.png",150,150,true],"medium":["https:\/\/fundaciohospitalariesmartorell.org\/entre-tots\/wp-content\/uploads\/2024\/11\/Captura-de-Pantalla-2024-11-28-a-las-12.22.23-a.m-e1732749956718-280x300.png",280,300,true],"medium_large":["https:\/\/fundaciohospitalariesmartorell.org\/entre-tots\/wp-content\/uploads\/2024\/11\/Captura-de-Pantalla-2024-11-28-a-las-12.22.23-a.m-e1732749956718.png",498,534,false],"large":["https:\/\/fundaciohospitalariesmartorell.org\/entre-tots\/wp-content\/uploads\/2024\/11\/Captura-de-Pantalla-2024-11-28-a-las-12.22.23-a.m-e1732749956718.png",498,534,false],"1536x1536":["https:\/\/fundaciohospitalariesmartorell.org\/entre-tots\/wp-content\/uploads\/2024\/11\/Captura-de-Pantalla-2024-11-28-a-las-12.22.23-a.m-e1732749956718.png",498,534,false],"2048x2048":["https:\/\/fundaciohospitalariesmartorell.org\/entre-tots\/wp-content\/uploads\/2024\/11\/Captura-de-Pantalla-2024-11-28-a-las-12.22.23-a.m-e1732749956718.png",498,534,false],"mailpoet_newsletter_max":["https:\/\/fundaciohospitalariesmartorell.org\/entre-tots\/wp-content\/uploads\/2024\/11\/Captura-de-Pantalla-2024-11-28-a-las-12.22.23-a.m-e1732749956718.png",498,534,false]},"post_excerpt_stackable_v2":"<p>Del 19 al 23 de novembre, l\u2019Equip d&#8217;Avaluaci\u00f3 Integral Ambulat\u00f2ria (EAIA) de Trastorns Cognitius de l\u2019Hospital Sagrat Cor va ser present en la LXXVI Reuni\u00f3 Anual de la Societat Espanyola de Neurologia (SEN), a Val\u00e8ncia, una de les trobades m\u00e9s importants per a la comunitat neurocient\u00edfica. Com sempre, l\u2019equip de l&#8217;EAIA TC mant\u00e9 un comprom\u00eds ferm amb la formaci\u00f3 cont\u00ednua i l&#8217;actualitzaci\u00f3 constant, aprofitant aquesta trobada per aprofundir en els \u00faltims aven\u00e7os de la neurologia, amb un \u00e8mfasi especial en el camp de les dem\u00e8ncies. El centre ha reafirmat la seva excel\u00b7l\u00e8ncia en el diagn\u00f2stic preco\u00e7 de l&#8217;Alzheimer gr\u00e0cies a&hellip;<\/p>\n","category_list_v2":"<a href=\"https:\/\/fundaciohospitalariesmartorell.org\/entre-tots\/category\/actualitat\/\" rel=\"category tag\">ACTUALITAT<\/a>","author_info_v2":{"name":"Alba Felip","url":"https:\/\/fundaciohospitalariesmartorell.org\/entre-tots\/author\/afelipr\/"},"comments_num_v2":"0 comments","_links":{"self":[{"href":"https:\/\/fundaciohospitalariesmartorell.org\/entre-tots\/wp-json\/wp\/v2\/posts\/10401","targetHints":{"allow":["GET"]}}],"collection":[{"href":"https:\/\/fundaciohospitalariesmartorell.org\/entre-tots\/wp-json\/wp\/v2\/posts"}],"about":[{"href":"https:\/\/fundaciohospitalariesmartorell.org\/entre-tots\/wp-json\/wp\/v2\/types\/post"}],"author":[{"embeddable":true,"href":"https:\/\/fundaciohospitalariesmartorell.org\/entre-tots\/wp-json\/wp\/v2\/users\/5"}],"replies":[{"embeddable":true,"href":"https:\/\/fundaciohospitalariesmartorell.org\/entre-tots\/wp-json\/wp\/v2\/comments?post=10401"}],"version-history":[{"count":1,"href":"https:\/\/fundaciohospitalariesmartorell.org\/entre-tots\/wp-json\/wp\/v2\/posts\/10401\/revisions"}],"predecessor-version":[{"id":10403,"href":"https:\/\/fundaciohospitalariesmartorell.org\/entre-tots\/wp-json\/wp\/v2\/posts\/10401\/revisions\/10403"}],"wp:featuredmedia":[{"embeddable":true,"href":"https:\/\/fundaciohospitalariesmartorell.org\/entre-tots\/wp-json\/wp\/v2\/media\/10406"}],"wp:attachment":[{"href":"https:\/\/fundaciohospitalariesmartorell.org\/entre-tots\/wp-json\/wp\/v2\/media?parent=10401"}],"wp:term":[{"taxonomy":"category","embeddable":true,"href":"https:\/\/fundaciohospitalariesmartorell.org\/entre-tots\/wp-json\/wp\/v2\/categories?post=10401"},{"taxonomy":"post_tag","embeddable":true,"href":"https:\/\/fundaciohospitalariesmartorell.org\/entre-tots\/wp-json\/wp\/v2\/tags?post=10401"}],"curies":[{"name":"wp","href":"https:\/\/api.w.org\/{rel}","templated":true}]}}