{"id":10430,"date":"2024-11-29T13:44:30","date_gmt":"2024-11-29T12:44:30","guid":{"rendered":"https:\/\/hospitalsagratcormartorell.org\/entre-tots\/?p=10430"},"modified":"2024-11-29T13:46:34","modified_gmt":"2024-11-29T12:46:34","slug":"roger-ballesca-parla-al-diari-ara-de-com-gestionar-els-habits-de-son-dels-infants","status":"publish","type":"post","link":"https:\/\/fundaciohospitalariesmartorell.org\/entre-tots\/2024\/11\/roger-ballesca-parla-al-diari-ara-de-com-gestionar-els-habits-de-son-dels-infants\/","title":{"rendered":"Roger Ballesc\u00e0 parla al Diari Ara de com gestionar els h\u00e0bits de son dels infants"},"content":{"rendered":"\n<p>L\u2019article explora com ajudar els infants que volen tornar a dormir amb els pares despr\u00e9s d\u2019haver adquirit autonomia nocturna. Es presenten estrat\u00e8gies per revertir aquesta situaci\u00f3, refor\u00e7ant rutines i l\u00edmits afectuosos.<\/p>\n\n\n\n<p>Pots llegir l\u2019article complet <a href=\"https:\/\/es.ara.cat\/criaturas\/quiere-acostarse-revertirlo_1_5210009.html\">en aquest enlla\u00e7<\/a>.<\/p>\n","protected":false},"excerpt":{"rendered":"<p>L\u2019article explora com ajudar els infants que volen tornar a dormir amb els pares despr\u00e9s d\u2019haver adquirit autonomia nocturna. Es presenten estrat\u00e8gies per revertir aquesta situaci\u00f3, refor\u00e7ant rutines i l\u00edmits afectuosos. Pots llegir l\u2019article complet en aquest enlla\u00e7.<\/p>\n","protected":false},"author":2,"featured_media":0,"comment_status":"closed","ping_status":"closed","sticky":false,"template":"","format":"standard","meta":{"footnotes":""},"categories":[44],"tags":[],"class_list":["post-10430","post","type-post","status-publish","format-standard","hentry","category-entre-noticies"],"blocksy_meta":[],"featured_image_urls_v2":{"full":"","thumbnail":"","medium":"","medium_large":"","large":"","1536x1536":"","2048x2048":"","mailpoet_newsletter_max":""},"post_excerpt_stackable_v2":"<p>L\u2019article explora com ajudar els infants que volen tornar a dormir amb els pares despr\u00e9s d\u2019haver adquirit autonomia nocturna. Es presenten estrat\u00e8gies per revertir aquesta situaci\u00f3, refor\u00e7ant rutines i l\u00edmits afectuosos. Pots llegir l\u2019article complet en aquest enlla\u00e7.<\/p>\n","category_list_v2":"<a href=\"https:\/\/fundaciohospitalariesmartorell.org\/entre-tots\/category\/entre-noticies\/\" rel=\"category tag\">ENTRE NOT\u00cdCIES<\/a>","author_info_v2":{"name":"Sagrat Cor","url":"https:\/\/fundaciohospitalariesmartorell.org\/entre-tots\/author\/daniel\/"},"comments_num_v2":"0 comments","_links":{"self":[{"href":"https:\/\/fundaciohospitalariesmartorell.org\/entre-tots\/wp-json\/wp\/v2\/posts\/10430","targetHints":{"allow":["GET"]}}],"collection":[{"href":"https:\/\/fundaciohospitalariesmartorell.org\/entre-tots\/wp-json\/wp\/v2\/posts"}],"about":[{"href":"https:\/\/fundaciohospitalariesmartorell.org\/entre-tots\/wp-json\/wp\/v2\/types\/post"}],"author":[{"embeddable":true,"href":"https:\/\/fundaciohospitalariesmartorell.org\/entre-tots\/wp-json\/wp\/v2\/users\/2"}],"replies":[{"embeddable":true,"href":"https:\/\/fundaciohospitalariesmartorell.org\/entre-tots\/wp-json\/wp\/v2\/comments?post=10430"}],"version-history":[{"count":6,"href":"https:\/\/fundaciohospitalariesmartorell.org\/entre-tots\/wp-json\/wp\/v2\/posts\/10430\/revisions"}],"predecessor-version":[{"id":10440,"href":"https:\/\/fundaciohospitalariesmartorell.org\/entre-tots\/wp-json\/wp\/v2\/posts\/10430\/revisions\/10440"}],"wp:attachment":[{"href":"https:\/\/fundaciohospitalariesmartorell.org\/entre-tots\/wp-json\/wp\/v2\/media?parent=10430"}],"wp:term":[{"taxonomy":"category","embeddable":true,"href":"https:\/\/fundaciohospitalariesmartorell.org\/entre-tots\/wp-json\/wp\/v2\/categories?post=10430"},{"taxonomy":"post_tag","embeddable":true,"href":"https:\/\/fundaciohospitalariesmartorell.org\/entre-tots\/wp-json\/wp\/v2\/tags?post=10430"}],"curies":[{"name":"wp","href":"https:\/\/api.w.org\/{rel}","templated":true}]}}