{"id":10437,"date":"2024-11-29T13:46:09","date_gmt":"2024-11-29T12:46:09","guid":{"rendered":"https:\/\/hospitalsagratcormartorell.org\/entre-tots\/?p=10437"},"modified":"2024-11-29T13:46:11","modified_gmt":"2024-11-29T12:46:11","slug":"la-dra-nuria-jaurrieta-explica-lexistencia-duna-comorbiditat-dentre-el-13-i-el-18-del-toc-amb-els-trastorns-alimentaris","status":"publish","type":"post","link":"https:\/\/fundaciohospitalariesmartorell.org\/entre-tots\/2024\/11\/la-dra-nuria-jaurrieta-explica-lexistencia-duna-comorbiditat-dentre-el-13-i-el-18-del-toc-amb-els-trastorns-alimentaris\/","title":{"rendered":"La Dra. N\u00faria Jaurrieta explica l\u2019exist\u00e8ncia d\u2019una &#8220;comorbiditat&#8221; d\u2019entre el 13% i el 18% del TOC amb els trastorns alimentaris"},"content":{"rendered":"\n<p>La Dra. Nuria Jaurrieta, psic\u00f2loga de la Unitat d\u2019Aguts i experta en TOC (Trastorn Obsessiu Compulsiu) explica a El Peri\u00f3dico que a Espanya, prop d\u2019un mili\u00f3 de persones conviuen amb trastorns de conducta aliment\u00e0ria, segons dades recents i que aquests problemes, cada cop m\u00e9s comuns entre adolescents, tenen un fort impacte f\u00edsic i emocional. Els experts demanen m\u00e9s recursos per a la detecci\u00f3 preco\u00e7 i el tractament.<\/p>\n\n\n\n<p>Pots llegir l&#8217;article complet <a href=\"https:\/\/www.elperiodico.cat\/ca\/societat\/20241116\/milio-d-espanyols-pateixen-trastorn-111738952\">en aquest enlla\u00e7<\/a>.<\/p>\n","protected":false},"excerpt":{"rendered":"<p>La Dra. Nuria Jaurrieta, psic\u00f2loga de la Unitat d\u2019Aguts i experta en TOC (Trastorn Obsessiu Compulsiu) explica a El Peri\u00f3dico que a Espanya, prop d\u2019un mili\u00f3 de persones conviuen amb trastorns de conducta aliment\u00e0ria, segons dades recents i que aquests problemes, cada cop m\u00e9s comuns entre adolescents, tenen un fort impacte f\u00edsic i emocional. Els [&hellip;]<\/p>\n","protected":false},"author":2,"featured_media":0,"comment_status":"closed","ping_status":"closed","sticky":false,"template":"","format":"standard","meta":{"footnotes":""},"categories":[44],"tags":[],"class_list":["post-10437","post","type-post","status-publish","format-standard","hentry","category-entre-noticies"],"blocksy_meta":[],"featured_image_urls_v2":{"full":"","thumbnail":"","medium":"","medium_large":"","large":"","1536x1536":"","2048x2048":"","mailpoet_newsletter_max":""},"post_excerpt_stackable_v2":"<p>La Dra. Nuria Jaurrieta, psic\u00f2loga de la Unitat d\u2019Aguts i experta en TOC (Trastorn Obsessiu Compulsiu) explica a El Peri\u00f3dico que a Espanya, prop d\u2019un mili\u00f3 de persones conviuen amb trastorns de conducta aliment\u00e0ria, segons dades recents i que aquests problemes, cada cop m\u00e9s comuns entre adolescents, tenen un fort impacte f\u00edsic i emocional. Els experts demanen m\u00e9s recursos per a la detecci\u00f3 preco\u00e7 i el tractament. Pots llegir l&#8217;article complet en aquest enlla\u00e7.<\/p>\n","category_list_v2":"<a href=\"https:\/\/fundaciohospitalariesmartorell.org\/entre-tots\/category\/entre-noticies\/\" rel=\"category tag\">ENTRE NOT\u00cdCIES<\/a>","author_info_v2":{"name":"Sagrat Cor","url":"https:\/\/fundaciohospitalariesmartorell.org\/entre-tots\/author\/daniel\/"},"comments_num_v2":"0 comments","_links":{"self":[{"href":"https:\/\/fundaciohospitalariesmartorell.org\/entre-tots\/wp-json\/wp\/v2\/posts\/10437","targetHints":{"allow":["GET"]}}],"collection":[{"href":"https:\/\/fundaciohospitalariesmartorell.org\/entre-tots\/wp-json\/wp\/v2\/posts"}],"about":[{"href":"https:\/\/fundaciohospitalariesmartorell.org\/entre-tots\/wp-json\/wp\/v2\/types\/post"}],"author":[{"embeddable":true,"href":"https:\/\/fundaciohospitalariesmartorell.org\/entre-tots\/wp-json\/wp\/v2\/users\/2"}],"replies":[{"embeddable":true,"href":"https:\/\/fundaciohospitalariesmartorell.org\/entre-tots\/wp-json\/wp\/v2\/comments?post=10437"}],"version-history":[{"count":2,"href":"https:\/\/fundaciohospitalariesmartorell.org\/entre-tots\/wp-json\/wp\/v2\/posts\/10437\/revisions"}],"predecessor-version":[{"id":10439,"href":"https:\/\/fundaciohospitalariesmartorell.org\/entre-tots\/wp-json\/wp\/v2\/posts\/10437\/revisions\/10439"}],"wp:attachment":[{"href":"https:\/\/fundaciohospitalariesmartorell.org\/entre-tots\/wp-json\/wp\/v2\/media?parent=10437"}],"wp:term":[{"taxonomy":"category","embeddable":true,"href":"https:\/\/fundaciohospitalariesmartorell.org\/entre-tots\/wp-json\/wp\/v2\/categories?post=10437"},{"taxonomy":"post_tag","embeddable":true,"href":"https:\/\/fundaciohospitalariesmartorell.org\/entre-tots\/wp-json\/wp\/v2\/tags?post=10437"}],"curies":[{"name":"wp","href":"https:\/\/api.w.org\/{rel}","templated":true}]}}