{"id":10444,"date":"2024-11-29T14:20:30","date_gmt":"2024-11-29T13:20:30","guid":{"rendered":"https:\/\/hospitalsagratcormartorell.org\/entre-tots\/?p=10444"},"modified":"2024-11-29T14:22:11","modified_gmt":"2024-11-29T13:22:11","slug":"el-dr-manel-sanchez-posa-de-manifest-la-salut-mental-a-la-tercera-edat-un-repte-creixent","status":"publish","type":"post","link":"https:\/\/fundaciohospitalariesmartorell.org\/entre-tots\/2024\/11\/el-dr-manel-sanchez-posa-de-manifest-la-salut-mental-a-la-tercera-edat-un-repte-creixent\/","title":{"rendered":"El Dr. Manel S\u00e1nchez, posa de manifest la salut mental a la tercera edat: un repte creixent"},"content":{"rendered":"\n<p>La salut mental de les persones grans \u00e9s una preocupaci\u00f3 creixent, amb un\u00a0augment de la\u00a0incid\u00e8ncia de trastorns com la depressi\u00f3 i l\u2019ansietat. Factors com la solitud, la p\u00e8rdua de familiars o la p\u00e8rdua d\u2019autonomia augmenten la vulnerabilitat d\u2019aquest grup, destacant la necessitat d\u2019una atenci\u00f3 especialitzada i el suport emocional. El\u00a0Dr. Manel S\u00e1nchez,\u00a0president\u00a0de la Societat Espanyola de Psicogeriatria (SEPG), psiquiatre especialista de l\u2019Hospital Sagrat Cor de Germanes Hospital\u00e0ries i coordinador de la Unitat de Psiquiatria Geri\u00e0trica,\u00a0subratlla\u00a0que la detecci\u00f3 preco\u00e7 i un enfocament m\u00e9s inclusiu s\u00f3n essencials per millorar la qualitat de vida d\u2019aquestes persones.<\/p>\n\n\n\n<p>Per llegir l&#8217;article complet, accedeix a&nbsp;<a href=\"https:\/\/www.alimente.elconfidencial.com\/bienestar\/2024-10-10\/analisis-de-la-salud-mental-en-la-tercera-edad_3979589\/\">El Confidencial<\/a><\/p>\n","protected":false},"excerpt":{"rendered":"<p>La salut mental de les persones grans \u00e9s una preocupaci\u00f3 creixent, amb un\u00a0augment de la\u00a0incid\u00e8ncia de trastorns com la depressi\u00f3 i l\u2019ansietat. Factors com la solitud, la p\u00e8rdua de familiars o la p\u00e8rdua d\u2019autonomia augmenten la vulnerabilitat d\u2019aquest grup, destacant la necessitat d\u2019una atenci\u00f3 especialitzada i el suport emocional. El\u00a0Dr. Manel S\u00e1nchez,\u00a0president\u00a0de la Societat Espanyola [&hellip;]<\/p>\n","protected":false},"author":2,"featured_media":0,"comment_status":"closed","ping_status":"closed","sticky":false,"template":"","format":"standard","meta":{"footnotes":""},"categories":[44],"tags":[],"class_list":["post-10444","post","type-post","status-publish","format-standard","hentry","category-entre-noticies"],"blocksy_meta":[],"featured_image_urls_v2":{"full":"","thumbnail":"","medium":"","medium_large":"","large":"","1536x1536":"","2048x2048":"","mailpoet_newsletter_max":""},"post_excerpt_stackable_v2":"<p>La salut mental de les persones grans \u00e9s una preocupaci\u00f3 creixent, amb un\u00a0augment de la\u00a0incid\u00e8ncia de trastorns com la depressi\u00f3 i l\u2019ansietat. Factors com la solitud, la p\u00e8rdua de familiars o la p\u00e8rdua d\u2019autonomia augmenten la vulnerabilitat d\u2019aquest grup, destacant la necessitat d\u2019una atenci\u00f3 especialitzada i el suport emocional. El\u00a0Dr. Manel S\u00e1nchez,\u00a0president\u00a0de la Societat Espanyola de Psicogeriatria (SEPG), psiquiatre especialista de l\u2019Hospital Sagrat Cor de Germanes Hospital\u00e0ries i coordinador de la Unitat de Psiquiatria Geri\u00e0trica,\u00a0subratlla\u00a0que la detecci\u00f3 preco\u00e7 i un enfocament m\u00e9s inclusiu s\u00f3n essencials per millorar la qualitat de vida d\u2019aquestes persones. Per llegir l&#8217;article complet, accedeix a&nbsp;El Confidencial<\/p>\n","category_list_v2":"<a href=\"https:\/\/fundaciohospitalariesmartorell.org\/entre-tots\/category\/entre-noticies\/\" rel=\"category tag\">ENTRE NOT\u00cdCIES<\/a>","author_info_v2":{"name":"Sagrat Cor","url":"https:\/\/fundaciohospitalariesmartorell.org\/entre-tots\/author\/daniel\/"},"comments_num_v2":"0 comments","_links":{"self":[{"href":"https:\/\/fundaciohospitalariesmartorell.org\/entre-tots\/wp-json\/wp\/v2\/posts\/10444","targetHints":{"allow":["GET"]}}],"collection":[{"href":"https:\/\/fundaciohospitalariesmartorell.org\/entre-tots\/wp-json\/wp\/v2\/posts"}],"about":[{"href":"https:\/\/fundaciohospitalariesmartorell.org\/entre-tots\/wp-json\/wp\/v2\/types\/post"}],"author":[{"embeddable":true,"href":"https:\/\/fundaciohospitalariesmartorell.org\/entre-tots\/wp-json\/wp\/v2\/users\/2"}],"replies":[{"embeddable":true,"href":"https:\/\/fundaciohospitalariesmartorell.org\/entre-tots\/wp-json\/wp\/v2\/comments?post=10444"}],"version-history":[{"count":3,"href":"https:\/\/fundaciohospitalariesmartorell.org\/entre-tots\/wp-json\/wp\/v2\/posts\/10444\/revisions"}],"predecessor-version":[{"id":10448,"href":"https:\/\/fundaciohospitalariesmartorell.org\/entre-tots\/wp-json\/wp\/v2\/posts\/10444\/revisions\/10448"}],"wp:attachment":[{"href":"https:\/\/fundaciohospitalariesmartorell.org\/entre-tots\/wp-json\/wp\/v2\/media?parent=10444"}],"wp:term":[{"taxonomy":"category","embeddable":true,"href":"https:\/\/fundaciohospitalariesmartorell.org\/entre-tots\/wp-json\/wp\/v2\/categories?post=10444"},{"taxonomy":"post_tag","embeddable":true,"href":"https:\/\/fundaciohospitalariesmartorell.org\/entre-tots\/wp-json\/wp\/v2\/tags?post=10444"}],"curies":[{"name":"wp","href":"https:\/\/api.w.org\/{rel}","templated":true}]}}