{"id":10450,"date":"2024-12-03T12:18:37","date_gmt":"2024-12-03T11:18:37","guid":{"rendered":"https:\/\/hospitalsagratcormartorell.org\/entre-tots\/?p=10450"},"modified":"2024-12-03T12:18:37","modified_gmt":"2024-12-03T11:18:37","slug":"tenir-anorexia-mes-enlla-dels-40-monografic-a-catalunya-radio","status":"publish","type":"post","link":"https:\/\/fundaciohospitalariesmartorell.org\/entre-tots\/2024\/12\/tenir-anorexia-mes-enlla-dels-40-monografic-a-catalunya-radio\/","title":{"rendered":"&#8220;Tenir anor\u00e8xia m\u00e9s enll\u00e0 dels 40&#8221;, monogr\u00e0fic a Catalunya R\u00e0dio"},"content":{"rendered":"\n<p>L&#8217;anor\u00e8xia, com els altres TCA, s\u2019associa sovint amb la joventut. Per\u00f2 aquesta no \u00e9s nom\u00e9s una malaltia del cos i del menjar. Tamb\u00e9 hi intervenen la conducta, les pors i les inseguretats. &#8220;A mi -explica la L\u00eddia- em resulta m\u00e9s f\u00e0cil controlar el menjar que gestionar les emocions&#8221;.<\/p>\n\n\n\n<p>El testimoni de la L\u00eddia i de dues companyes m\u00e9s de la Unitat Integral de Recuperaci\u00f3 dels TCA de l&#8217;Hospital Sagrat Cor i l&#8217;Hospital Universitari de Bellvitge, aix\u00ed com de la Dra. Nuria Jaurrieta Guarner, coordinadora de la unitat, van protagonitzar el programa monogr\u00e0fic de &#8220;Les dones i els dies&#8221;, de Catalunya R\u00e0dio sobre &#8220;Tenir anor\u00e8xia m\u00e9s enll\u00e0 dels 40&#8221;.<\/p>\n\n\n\n<p>Agra\u00efm especialment a la Montse Virgili Treig i al seu equip per la sensibilitat i professionalitat en el tractament d&#8217;aquest tema, aix\u00ed com per donar veu a les persones que viuen amb aquest diagn\u00f2stic. <\/p>\n\n\n\n<p>Podeu escoltar l&#8217;audio, aqu\u00ed: <a href=\"https:\/\/www.3cat.cat\/3cat\/tenir-anorexia-mes-enlla-dels-40-anys-costa-molt-trobar-ajuda\/audio\/1226578\/\">Les dones i els dies &#8211; Tenir anor\u00e8xia m\u00e9s enll\u00e0 dels 40 anys: &#8220;Costa molt trobar ajuda&#8221; &#8211; 3Cat<\/a> <\/p>\n\n\n\n<p><\/p>\n","protected":false},"excerpt":{"rendered":"<p>L&#8217;anor\u00e8xia, com els altres TCA, s\u2019associa sovint amb la joventut. Per\u00f2 aquesta no \u00e9s nom\u00e9s una malaltia del cos i del menjar. Tamb\u00e9 hi intervenen la conducta, les pors i les inseguretats. &#8220;A mi -explica la L\u00eddia- em resulta m\u00e9s f\u00e0cil controlar el menjar que gestionar les emocions&#8221;. El testimoni de la L\u00eddia i de [&hellip;]<\/p>\n","protected":false},"author":5,"featured_media":0,"comment_status":"closed","ping_status":"","sticky":false,"template":"","format":"standard","meta":{"footnotes":""},"categories":[44],"tags":[],"class_list":["post-10450","post","type-post","status-publish","format-standard","hentry","category-entre-noticies"],"blocksy_meta":[],"featured_image_urls_v2":{"full":"","thumbnail":"","medium":"","medium_large":"","large":"","1536x1536":"","2048x2048":"","mailpoet_newsletter_max":""},"post_excerpt_stackable_v2":"<p>L&#8217;anor\u00e8xia, com els altres TCA, s\u2019associa sovint amb la joventut. Per\u00f2 aquesta no \u00e9s nom\u00e9s una malaltia del cos i del menjar. Tamb\u00e9 hi intervenen la conducta, les pors i les inseguretats. &#8220;A mi -explica la L\u00eddia- em resulta m\u00e9s f\u00e0cil controlar el menjar que gestionar les emocions&#8221;. El testimoni de la L\u00eddia i de dues companyes m\u00e9s de la Unitat Integral de Recuperaci\u00f3 dels TCA de l&#8217;Hospital Sagrat Cor i l&#8217;Hospital Universitari de Bellvitge, aix\u00ed com de la Dra. Nuria Jaurrieta Guarner, coordinadora de la unitat, van protagonitzar el programa monogr\u00e0fic de &#8220;Les dones i els dies&#8221;, de Catalunya&hellip;<\/p>\n","category_list_v2":"<a href=\"https:\/\/fundaciohospitalariesmartorell.org\/entre-tots\/category\/entre-noticies\/\" rel=\"category tag\">ENTRE NOT\u00cdCIES<\/a>","author_info_v2":{"name":"Alba Felip","url":"https:\/\/fundaciohospitalariesmartorell.org\/entre-tots\/author\/afelipr\/"},"comments_num_v2":"0 comments","_links":{"self":[{"href":"https:\/\/fundaciohospitalariesmartorell.org\/entre-tots\/wp-json\/wp\/v2\/posts\/10450","targetHints":{"allow":["GET"]}}],"collection":[{"href":"https:\/\/fundaciohospitalariesmartorell.org\/entre-tots\/wp-json\/wp\/v2\/posts"}],"about":[{"href":"https:\/\/fundaciohospitalariesmartorell.org\/entre-tots\/wp-json\/wp\/v2\/types\/post"}],"author":[{"embeddable":true,"href":"https:\/\/fundaciohospitalariesmartorell.org\/entre-tots\/wp-json\/wp\/v2\/users\/5"}],"replies":[{"embeddable":true,"href":"https:\/\/fundaciohospitalariesmartorell.org\/entre-tots\/wp-json\/wp\/v2\/comments?post=10450"}],"version-history":[{"count":1,"href":"https:\/\/fundaciohospitalariesmartorell.org\/entre-tots\/wp-json\/wp\/v2\/posts\/10450\/revisions"}],"predecessor-version":[{"id":10451,"href":"https:\/\/fundaciohospitalariesmartorell.org\/entre-tots\/wp-json\/wp\/v2\/posts\/10450\/revisions\/10451"}],"wp:attachment":[{"href":"https:\/\/fundaciohospitalariesmartorell.org\/entre-tots\/wp-json\/wp\/v2\/media?parent=10450"}],"wp:term":[{"taxonomy":"category","embeddable":true,"href":"https:\/\/fundaciohospitalariesmartorell.org\/entre-tots\/wp-json\/wp\/v2\/categories?post=10450"},{"taxonomy":"post_tag","embeddable":true,"href":"https:\/\/fundaciohospitalariesmartorell.org\/entre-tots\/wp-json\/wp\/v2\/tags?post=10450"}],"curies":[{"name":"wp","href":"https:\/\/api.w.org\/{rel}","templated":true}]}}