{"id":10452,"date":"2024-12-03T14:41:00","date_gmt":"2024-12-03T13:41:00","guid":{"rendered":"https:\/\/hospitalsagratcormartorell.org\/entre-tots\/?p=10452"},"modified":"2024-12-03T14:41:00","modified_gmt":"2024-12-03T13:41:00","slug":"la-innovacio-del-nostre-hospital-es-present-al-wemind-international-forum","status":"publish","type":"post","link":"https:\/\/fundaciohospitalariesmartorell.org\/entre-tots\/2024\/12\/la-innovacio-del-nostre-hospital-es-present-al-wemind-international-forum\/","title":{"rendered":"La innovaci\u00f3 del nostre hospital \u00e9s present al WeMind International Forum"},"content":{"rendered":"\n<figure class=\"wp-block-image size-large\"><img loading=\"lazy\" decoding=\"async\" width=\"1200\" height=\"900\" src=\"https:\/\/hospitalsagratcormartorell.org\/entre-tots\/wp-content\/uploads\/2024\/12\/image-edited.png\" alt=\"\" class=\"wp-image-10455\" srcset=\"https:\/\/fundaciohospitalariesmartorell.org\/entre-tots\/wp-content\/uploads\/2024\/12\/image-edited.png 1200w, https:\/\/fundaciohospitalariesmartorell.org\/entre-tots\/wp-content\/uploads\/2024\/12\/image-edited-300x225.png 300w, https:\/\/fundaciohospitalariesmartorell.org\/entre-tots\/wp-content\/uploads\/2024\/12\/image-edited-1024x768.png 1024w, https:\/\/fundaciohospitalariesmartorell.org\/entre-tots\/wp-content\/uploads\/2024\/12\/image-edited-768x576.png 768w\" sizes=\"auto, (max-width: 1200px) 100vw, 1200px\" \/><\/figure>\n\n\n\n<p>Professionals de l\u2019Hospital Sagrat Cor van estar presents, el 26 i 27 de novembre al WeMind International Forum, que es va celebrar al World Trade Center de Barcelona. En concret, el nostre Hospital va compartir un estand amb la resta de centres de Germanes Hospital\u00e0ries a Catalunya i vam presentar dues infografies sobre dos projectes innovadors en salut mental: la Unitat Integral de Recuperaci\u00f3 de TCA complexe i de llarga durada per a persones adultes i el programa d&#8217;atenci\u00f3 a la malaltia de l&#8217;Alzheimer prodr\u00f3mica. <\/p>\n\n\n\n<div data-wp-interactive=\"core\/file\" class=\"wp-block-file\"><object data-wp-bind--hidden=\"!state.hasPdfPreview\" hidden class=\"wp-block-file__embed\" data=\"https:\/\/hospitalsagratcormartorell.org\/entre-tots\/wp-content\/uploads\/2024\/12\/Infografia-Projecte-Innovacio.pdf\" type=\"application\/pdf\" style=\"width:100%;height:600px\" aria-label=\"Incrustaci\u00f3 del fitxer Infografia Projecte Innovaci\u00f3.\"><\/object><a id=\"wp-block-file--media-51e3452a-55dc-4be3-9bc1-4556b2312f87\" href=\"https:\/\/hospitalsagratcormartorell.org\/entre-tots\/wp-content\/uploads\/2024\/12\/Infografia-Projecte-Innovacio.pdf\">Infografia Projecte Innovaci\u00f3<\/a><a href=\"https:\/\/hospitalsagratcormartorell.org\/entre-tots\/wp-content\/uploads\/2024\/12\/Infografia-Projecte-Innovacio.pdf\" class=\"wp-block-file__button wp-element-button\" download aria-describedby=\"wp-block-file--media-51e3452a-55dc-4be3-9bc1-4556b2312f87\">Baixa<\/a><\/div>\n\n\n\n<p>L\u2019objectiu del WeMind International Forum \u00e9s congregar professionals, empreses i institucions de tot el m\u00f3n per compartir coneixements i impulsar la innovaci\u00f3 en els \u00e0mbits de la salut mental, neuroci\u00e8ncies i envelliment.<\/p>\n","protected":false},"excerpt":{"rendered":"<p>Professionals de l\u2019Hospital Sagrat Cor van estar presents, el 26 i 27 de novembre al WeMind International Forum, que es va celebrar al World Trade Center de Barcelona. En concret, el nostre Hospital va compartir un estand amb la resta de centres de Germanes Hospital\u00e0ries a Catalunya i vam presentar dues infografies sobre dos projectes [&hellip;]<\/p>\n","protected":false},"author":5,"featured_media":10454,"comment_status":"closed","ping_status":"","sticky":false,"template":"","format":"standard","meta":{"footnotes":""},"categories":[27,61],"tags":[],"class_list":["post-10452","post","type-post","status-publish","format-standard","has-post-thumbnail","hentry","category-actualitat","category-societat"],"blocksy_meta":[],"featured_image_urls_v2":{"full":["https:\/\/fundaciohospitalariesmartorell.org\/entre-tots\/wp-content\/uploads\/2024\/12\/image.png",1600,900,false],"thumbnail":["https:\/\/fundaciohospitalariesmartorell.org\/entre-tots\/wp-content\/uploads\/2024\/12\/image-150x150.png",150,150,true],"medium":["https:\/\/fundaciohospitalariesmartorell.org\/entre-tots\/wp-content\/uploads\/2024\/12\/image-300x169.png",300,169,true],"medium_large":["https:\/\/fundaciohospitalariesmartorell.org\/entre-tots\/wp-content\/uploads\/2024\/12\/image-768x432.png",768,432,true],"large":["https:\/\/fundaciohospitalariesmartorell.org\/entre-tots\/wp-content\/uploads\/2024\/12\/image-1024x576.png",1024,576,true],"1536x1536":["https:\/\/fundaciohospitalariesmartorell.org\/entre-tots\/wp-content\/uploads\/2024\/12\/image-1536x864.png",1536,864,true],"2048x2048":["https:\/\/fundaciohospitalariesmartorell.org\/entre-tots\/wp-content\/uploads\/2024\/12\/image.png",1600,900,false],"mailpoet_newsletter_max":["https:\/\/fundaciohospitalariesmartorell.org\/entre-tots\/wp-content\/uploads\/2024\/12\/image-1320x743.png",1320,743,true]},"post_excerpt_stackable_v2":"<p>Professionals de l\u2019Hospital Sagrat Cor van estar presents, el 26 i 27 de novembre al WeMind International Forum, que es va celebrar al World Trade Center de Barcelona. En concret, el nostre Hospital va compartir un estand amb la resta de centres de Germanes Hospital\u00e0ries a Catalunya i vam presentar dues infografies sobre dos projectes innovadors en salut mental: la Unitat Integral de Recuperaci\u00f3 de TCA complexe i de llarga durada per a persones adultes i el programa d&#8217;atenci\u00f3 a la malaltia de l&#8217;Alzheimer prodr\u00f3mica. Infografia Projecte Innovaci\u00f3Baixa L\u2019objectiu del WeMind International Forum \u00e9s congregar professionals, empreses i institucions de&hellip;<\/p>\n","category_list_v2":"<a href=\"https:\/\/fundaciohospitalariesmartorell.org\/entre-tots\/category\/actualitat\/\" rel=\"category tag\">ACTUALITAT<\/a>, <a href=\"https:\/\/fundaciohospitalariesmartorell.org\/entre-tots\/category\/actualitat\/societat\/\" rel=\"category tag\">SOCIETAT<\/a>","author_info_v2":{"name":"Alba Felip","url":"https:\/\/fundaciohospitalariesmartorell.org\/entre-tots\/author\/afelipr\/"},"comments_num_v2":"0 comments","_links":{"self":[{"href":"https:\/\/fundaciohospitalariesmartorell.org\/entre-tots\/wp-json\/wp\/v2\/posts\/10452","targetHints":{"allow":["GET"]}}],"collection":[{"href":"https:\/\/fundaciohospitalariesmartorell.org\/entre-tots\/wp-json\/wp\/v2\/posts"}],"about":[{"href":"https:\/\/fundaciohospitalariesmartorell.org\/entre-tots\/wp-json\/wp\/v2\/types\/post"}],"author":[{"embeddable":true,"href":"https:\/\/fundaciohospitalariesmartorell.org\/entre-tots\/wp-json\/wp\/v2\/users\/5"}],"replies":[{"embeddable":true,"href":"https:\/\/fundaciohospitalariesmartorell.org\/entre-tots\/wp-json\/wp\/v2\/comments?post=10452"}],"version-history":[{"count":1,"href":"https:\/\/fundaciohospitalariesmartorell.org\/entre-tots\/wp-json\/wp\/v2\/posts\/10452\/revisions"}],"predecessor-version":[{"id":10456,"href":"https:\/\/fundaciohospitalariesmartorell.org\/entre-tots\/wp-json\/wp\/v2\/posts\/10452\/revisions\/10456"}],"wp:featuredmedia":[{"embeddable":true,"href":"https:\/\/fundaciohospitalariesmartorell.org\/entre-tots\/wp-json\/wp\/v2\/media\/10454"}],"wp:attachment":[{"href":"https:\/\/fundaciohospitalariesmartorell.org\/entre-tots\/wp-json\/wp\/v2\/media?parent=10452"}],"wp:term":[{"taxonomy":"category","embeddable":true,"href":"https:\/\/fundaciohospitalariesmartorell.org\/entre-tots\/wp-json\/wp\/v2\/categories?post=10452"},{"taxonomy":"post_tag","embeddable":true,"href":"https:\/\/fundaciohospitalariesmartorell.org\/entre-tots\/wp-json\/wp\/v2\/tags?post=10452"}],"curies":[{"name":"wp","href":"https:\/\/api.w.org\/{rel}","templated":true}]}}