{"id":10458,"date":"2024-12-04T08:32:45","date_gmt":"2024-12-04T07:32:45","guid":{"rendered":"https:\/\/hospitalsagratcormartorell.org\/entre-tots\/?p=10458"},"modified":"2024-12-04T08:32:45","modified_gmt":"2024-12-04T07:32:45","slug":"implementacio-del-sistema-de-doble-calaix-una-solucio-senzilla-per-optimitzar-estocs-i-millorar-leficiencia-assistencial","status":"publish","type":"post","link":"https:\/\/fundaciohospitalariesmartorell.org\/entre-tots\/2024\/12\/implementacio-del-sistema-de-doble-calaix-una-solucio-senzilla-per-optimitzar-estocs-i-millorar-leficiencia-assistencial\/","title":{"rendered":"Implementaci\u00f3 del sistema de doble calaix: una soluci\u00f3 senzilla per optimitzar estocs i millorar l\u2019efici\u00e8ncia assistencial"},"content":{"rendered":"\n<p>Aquest mes de novembre, hem implementat a les unitats d\u2019atenci\u00f3 interm\u00e8dia el sistema de doble calaix, una soluci\u00f3 log\u00edstica que evita i elimina el trencament d\u2019estocs. Aquest sistema consisteix en disposar de dos calaixos amb el mateix material. Quan un dels calaixos s\u2019esgota, la infermera retira l\u2019etiqueta corresponent, i els professionals del magatzem el reposen, garantint aix\u00ed que mai ens quedem sense material.<\/p>\n\n\n\n<figure class=\"wp-block-image size-large\"><img loading=\"lazy\" decoding=\"async\" width=\"2560\" height=\"1440\" src=\"https:\/\/hospitalsagratcormartorell.org\/entre-tots\/wp-content\/uploads\/2024\/12\/20241126_113725-edited-scaled.jpg\" alt=\"\" class=\"wp-image-10460\" srcset=\"https:\/\/fundaciohospitalariesmartorell.org\/entre-tots\/wp-content\/uploads\/2024\/12\/20241126_113725-edited-scaled.jpg 2560w, https:\/\/fundaciohospitalariesmartorell.org\/entre-tots\/wp-content\/uploads\/2024\/12\/20241126_113725-edited-300x169.jpg 300w, https:\/\/fundaciohospitalariesmartorell.org\/entre-tots\/wp-content\/uploads\/2024\/12\/20241126_113725-edited-1024x576.jpg 1024w, https:\/\/fundaciohospitalariesmartorell.org\/entre-tots\/wp-content\/uploads\/2024\/12\/20241126_113725-edited-768x432.jpg 768w, https:\/\/fundaciohospitalariesmartorell.org\/entre-tots\/wp-content\/uploads\/2024\/12\/20241126_113725-edited-1536x864.jpg 1536w, https:\/\/fundaciohospitalariesmartorell.org\/entre-tots\/wp-content\/uploads\/2024\/12\/20241126_113725-edited-2048x1152.jpg 2048w, https:\/\/fundaciohospitalariesmartorell.org\/entre-tots\/wp-content\/uploads\/2024\/12\/20241126_113725-edited-1320x743.jpg 1320w\" sizes=\"auto, (max-width: 2560px) 100vw, 2560px\" \/><\/figure>\n\n\n\n<figure class=\"wp-block-image size-large\"><img loading=\"lazy\" decoding=\"async\" width=\"2560\" height=\"1440\" src=\"https:\/\/hospitalsagratcormartorell.org\/entre-tots\/wp-content\/uploads\/2024\/12\/20241126_113800-edited-scaled.jpg\" alt=\"\" class=\"wp-image-10462\" srcset=\"https:\/\/fundaciohospitalariesmartorell.org\/entre-tots\/wp-content\/uploads\/2024\/12\/20241126_113800-edited-scaled.jpg 2560w, https:\/\/fundaciohospitalariesmartorell.org\/entre-tots\/wp-content\/uploads\/2024\/12\/20241126_113800-edited-300x169.jpg 300w, https:\/\/fundaciohospitalariesmartorell.org\/entre-tots\/wp-content\/uploads\/2024\/12\/20241126_113800-edited-1024x576.jpg 1024w, https:\/\/fundaciohospitalariesmartorell.org\/entre-tots\/wp-content\/uploads\/2024\/12\/20241126_113800-edited-768x432.jpg 768w, https:\/\/fundaciohospitalariesmartorell.org\/entre-tots\/wp-content\/uploads\/2024\/12\/20241126_113800-edited-1536x864.jpg 1536w, https:\/\/fundaciohospitalariesmartorell.org\/entre-tots\/wp-content\/uploads\/2024\/12\/20241126_113800-edited-2048x1152.jpg 2048w, https:\/\/fundaciohospitalariesmartorell.org\/entre-tots\/wp-content\/uploads\/2024\/12\/20241126_113800-edited-1320x743.jpg 1320w\" sizes=\"auto, (max-width: 2560px) 100vw, 2560px\" \/><\/figure>\n\n\n\n<p>Per a les infermeres i TCAEs, disposar d\u2019un calaix d\u2019\u00fas i un de reserva facilita la localitzaci\u00f3 del material i assegura que no en falti ni se n\u2019acumuli en exc\u00e9s a la unitat assistencial. A m\u00e9s, aquest sistema redueix significativament el temps dedicat a fer recomptes i a gestionar sol\u00b7licituds al departament de compres. Tamb\u00e9 contribueix a optimitzar l\u2019espai disponible.<\/p>\n\n\n\n<p>Es tracta d\u2019un sistema senzill i efica\u00e7 que ha tingut un impacte molt positiu tant en la feina d\u2019infermeria com en l\u2019efici\u00e8ncia del departament de compres i magatzem.<\/p>\n\n\n\n<p>Esperem poder implantar-lo aviat a totes les unitats d\u2019hospitalitzaci\u00f3.<\/p>\n","protected":false},"excerpt":{"rendered":"<p>Aquest mes de novembre, hem implementat a les unitats d\u2019atenci\u00f3 interm\u00e8dia el sistema de doble calaix, una soluci\u00f3 log\u00edstica que evita i elimina el trencament d\u2019estocs. Aquest sistema consisteix en disposar de dos calaixos amb el mateix material. Quan un dels calaixos s\u2019esgota, la infermera retira l\u2019etiqueta corresponent, i els professionals del magatzem el reposen, [&hellip;]<\/p>\n","protected":false},"author":5,"featured_media":10459,"comment_status":"closed","ping_status":"","sticky":false,"template":"","format":"standard","meta":{"footnotes":""},"categories":[27,58],"tags":[],"class_list":["post-10458","post","type-post","status-publish","format-standard","has-post-thumbnail","hentry","category-actualitat","category-collaboradors-es"],"blocksy_meta":[],"featured_image_urls_v2":{"full":["https:\/\/fundaciohospitalariesmartorell.org\/entre-tots\/wp-content\/uploads\/2024\/12\/20241126_113725-scaled.jpg",2560,1920,false],"thumbnail":["https:\/\/fundaciohospitalariesmartorell.org\/entre-tots\/wp-content\/uploads\/2024\/12\/20241126_113725-150x150.jpg",150,150,true],"medium":["https:\/\/fundaciohospitalariesmartorell.org\/entre-tots\/wp-content\/uploads\/2024\/12\/20241126_113725-300x225.jpg",300,225,true],"medium_large":["https:\/\/fundaciohospitalariesmartorell.org\/entre-tots\/wp-content\/uploads\/2024\/12\/20241126_113725-768x576.jpg",768,576,true],"large":["https:\/\/fundaciohospitalariesmartorell.org\/entre-tots\/wp-content\/uploads\/2024\/12\/20241126_113725-1024x768.jpg",1024,768,true],"1536x1536":["https:\/\/fundaciohospitalariesmartorell.org\/entre-tots\/wp-content\/uploads\/2024\/12\/20241126_113725-1536x1152.jpg",1536,1152,true],"2048x2048":["https:\/\/fundaciohospitalariesmartorell.org\/entre-tots\/wp-content\/uploads\/2024\/12\/20241126_113725-2048x1536.jpg",2048,1536,true],"mailpoet_newsletter_max":["https:\/\/fundaciohospitalariesmartorell.org\/entre-tots\/wp-content\/uploads\/2024\/12\/20241126_113725-1320x990.jpg",1320,990,true]},"post_excerpt_stackable_v2":"<p>Aquest mes de novembre, hem implementat a les unitats d\u2019atenci\u00f3 interm\u00e8dia el sistema de doble calaix, una soluci\u00f3 log\u00edstica que evita i elimina el trencament d\u2019estocs. Aquest sistema consisteix en disposar de dos calaixos amb el mateix material. Quan un dels calaixos s\u2019esgota, la infermera retira l\u2019etiqueta corresponent, i els professionals del magatzem el reposen, garantint aix\u00ed que mai ens quedem sense material. Per a les infermeres i TCAEs, disposar d\u2019un calaix d\u2019\u00fas i un de reserva facilita la localitzaci\u00f3 del material i assegura que no en falti ni se n\u2019acumuli en exc\u00e9s a la unitat assistencial. A m\u00e9s, aquest&hellip;<\/p>\n","category_list_v2":"<a href=\"https:\/\/fundaciohospitalariesmartorell.org\/entre-tots\/category\/actualitat\/\" rel=\"category tag\">ACTUALITAT<\/a>, <a href=\"https:\/\/fundaciohospitalariesmartorell.org\/entre-tots\/category\/actualitat\/col%c2%b7laboradors-es\/\" rel=\"category tag\">COL\u00b7LABORADORS\/ES<\/a>","author_info_v2":{"name":"Alba Felip","url":"https:\/\/fundaciohospitalariesmartorell.org\/entre-tots\/author\/afelipr\/"},"comments_num_v2":"0 comments","_links":{"self":[{"href":"https:\/\/fundaciohospitalariesmartorell.org\/entre-tots\/wp-json\/wp\/v2\/posts\/10458","targetHints":{"allow":["GET"]}}],"collection":[{"href":"https:\/\/fundaciohospitalariesmartorell.org\/entre-tots\/wp-json\/wp\/v2\/posts"}],"about":[{"href":"https:\/\/fundaciohospitalariesmartorell.org\/entre-tots\/wp-json\/wp\/v2\/types\/post"}],"author":[{"embeddable":true,"href":"https:\/\/fundaciohospitalariesmartorell.org\/entre-tots\/wp-json\/wp\/v2\/users\/5"}],"replies":[{"embeddable":true,"href":"https:\/\/fundaciohospitalariesmartorell.org\/entre-tots\/wp-json\/wp\/v2\/comments?post=10458"}],"version-history":[{"count":1,"href":"https:\/\/fundaciohospitalariesmartorell.org\/entre-tots\/wp-json\/wp\/v2\/posts\/10458\/revisions"}],"predecessor-version":[{"id":10463,"href":"https:\/\/fundaciohospitalariesmartorell.org\/entre-tots\/wp-json\/wp\/v2\/posts\/10458\/revisions\/10463"}],"wp:featuredmedia":[{"embeddable":true,"href":"https:\/\/fundaciohospitalariesmartorell.org\/entre-tots\/wp-json\/wp\/v2\/media\/10459"}],"wp:attachment":[{"href":"https:\/\/fundaciohospitalariesmartorell.org\/entre-tots\/wp-json\/wp\/v2\/media?parent=10458"}],"wp:term":[{"taxonomy":"category","embeddable":true,"href":"https:\/\/fundaciohospitalariesmartorell.org\/entre-tots\/wp-json\/wp\/v2\/categories?post=10458"},{"taxonomy":"post_tag","embeddable":true,"href":"https:\/\/fundaciohospitalariesmartorell.org\/entre-tots\/wp-json\/wp\/v2\/tags?post=10458"}],"curies":[{"name":"wp","href":"https:\/\/api.w.org\/{rel}","templated":true}]}}