{"id":10464,"date":"2024-12-04T09:40:11","date_gmt":"2024-12-04T08:40:11","guid":{"rendered":"https:\/\/hospitalsagratcormartorell.org\/entre-tots\/?p=10464"},"modified":"2024-12-09T08:53:18","modified_gmt":"2024-12-09T07:53:18","slug":"germanes-hospitalaries-estrena-nou-govern-provincial","status":"publish","type":"post","link":"https:\/\/fundaciohospitalariesmartorell.org\/entre-tots\/2024\/12\/germanes-hospitalaries-estrena-nou-govern-provincial\/","title":{"rendered":"Germanes Hospital\u00e0ries estrena nou Govern Provincial"},"content":{"rendered":"\n<div class=\"wp-block-stackable-subtitle stk-block-subtitle stk-block stk-ea84ecb\" data-block-id=\"ea84ecb\"><style>.stk-ea84ecb .stk-block-subtitle__text{font-size:21px !important;}@media screen and (max-width:999px){.stk-ea84ecb .stk-block-subtitle__text{font-size:21px !important;}}<\/style><p class=\"stk-block-subtitle__text stk-subtitle\"><strong>\u00a0El <a href=\"https:\/\/www.hospitalarias.es\/\">II Cap\u00edtol Provincial<\/a> ha escollit la nostra superior local, Sor Isabel Bl\u00e1zquez, com a 2a consellera provincial<\/strong><\/p><\/div>\n\n\n\n<figure class=\"wp-block-image size-large\"><img loading=\"lazy\" decoding=\"async\" width=\"1024\" height=\"576\" src=\"https:\/\/hospitalsagratcormartorell.org\/entre-tots\/wp-content\/uploads\/2024\/12\/Foto-Gobierno-Provincial-Nuevo-1024x576.jpg\" alt=\"\" class=\"wp-image-10465\" srcset=\"https:\/\/fundaciohospitalariesmartorell.org\/entre-tots\/wp-content\/uploads\/2024\/12\/Foto-Gobierno-Provincial-Nuevo-1024x576.jpg 1024w, https:\/\/fundaciohospitalariesmartorell.org\/entre-tots\/wp-content\/uploads\/2024\/12\/Foto-Gobierno-Provincial-Nuevo-300x169.jpg 300w, https:\/\/fundaciohospitalariesmartorell.org\/entre-tots\/wp-content\/uploads\/2024\/12\/Foto-Gobierno-Provincial-Nuevo-768x432.jpg 768w, https:\/\/fundaciohospitalariesmartorell.org\/entre-tots\/wp-content\/uploads\/2024\/12\/Foto-Gobierno-Provincial-Nuevo-1536x864.jpg 1536w, https:\/\/fundaciohospitalariesmartorell.org\/entre-tots\/wp-content\/uploads\/2024\/12\/Foto-Gobierno-Provincial-Nuevo-1320x743.jpg 1320w, https:\/\/fundaciohospitalariesmartorell.org\/entre-tots\/wp-content\/uploads\/2024\/12\/Foto-Gobierno-Provincial-Nuevo.jpg 1920w\" sizes=\"auto, (max-width: 1024px) 100vw, 1024px\" \/><\/figure>\n\n\n\n<p>El Cap\u00edtol Provincial de Germanes Hospital\u00e0ries, celebrat recentment a <a href=\"https:\/\/hospitalsagratcormartorell.org\/entre-tots\/2024\/11\/palencia-acull-el-ii-capitol-de-la-provincia-despanya-de-les-germanes-hospitalaries\/\" data-type=\"post\" data-id=\"10269\">Pal\u00e8ncia<\/a>, ha nomenat <a href=\"https:\/\/www.hospitalarias.es\/sor-fuencisla-martin-nueva-superiora-provincial-de-hermanas-hospitalarias-espana\/\">Sor Fuencisla Mart\u00edn<\/a> nova Superiora Provincial per al sexenni 2025-2030. A m\u00e9s, el nou govern provincial comptar\u00e0 amb la participaci\u00f3 de Sor Isabel, superiora local de l&#8217;Hospital Sagrat Cor de Martorell, que ha estat designada 2a\u00a0consellera provincial. Tamb\u00e9\u00a0han estat escollides\u00a0Sor\u00a0M\u00aa\u00a0Rosario Iranzo\u00a0Avelino\u00a0en els c\u00e0rrecs de 1\u00aa\u00a0consellera\u00a0i vic\u00e0ria, i sor\u00a0M\u00aa\u00a0\u00c1ngeles\u00a0Perdomo\u00a0P\u00edo\u00a03a\u00a0consellera.<\/p>\n\n\n\n<p>Estem segurs que la seva dedicaci\u00f3 i visi\u00f3 seran clau per seguir impulsant aquesta missi\u00f3 hospital\u00e0ria amb fidelitat i aud\u00e0cia, responent a les necessitats de les persones m\u00e9s vulnerables<\/p>\n\n\n\n<p><strong>El Dr. Ezquerra i Hort\u00e8nsia P\u00e9rez participen al Cap\u00edtol<\/strong><\/p>\n\n\n\n<figure class=\"wp-block-image size-large\"><img loading=\"lazy\" decoding=\"async\" width=\"1024\" height=\"768\" src=\"https:\/\/hospitalsagratcormartorell.org\/entre-tots\/wp-content\/uploads\/2024\/12\/image-1-1024x768.png\" alt=\"\" class=\"wp-image-10466\" srcset=\"https:\/\/fundaciohospitalariesmartorell.org\/entre-tots\/wp-content\/uploads\/2024\/12\/image-1-1024x768.png 1024w, https:\/\/fundaciohospitalariesmartorell.org\/entre-tots\/wp-content\/uploads\/2024\/12\/image-1-300x225.png 300w, https:\/\/fundaciohospitalariesmartorell.org\/entre-tots\/wp-content\/uploads\/2024\/12\/image-1-768x576.png 768w, https:\/\/fundaciohospitalariesmartorell.org\/entre-tots\/wp-content\/uploads\/2024\/12\/image-1-1536x1152.png 1536w, https:\/\/fundaciohospitalariesmartorell.org\/entre-tots\/wp-content\/uploads\/2024\/12\/image-1-1320x990.png 1320w, https:\/\/fundaciohospitalariesmartorell.org\/entre-tots\/wp-content\/uploads\/2024\/12\/image-1.png 1600w\" sizes=\"auto, (max-width: 1024px) 100vw, 1024px\" \/><\/figure>\n\n\n\n<p>El Cap\u00edtol, un dels moments m\u00e9s significatius en la vida de la congregaci\u00f3, tamb\u00e9 va comptar amb la participaci\u00f3 de col\u00b7laboradors laics. Des del nostre centre, hi van assistir el director gerent, Dr. Jes\u00fas Ezquerra, i la directora de l\u2019\u00c0rea de Persones, Hort\u00e8nsia P\u00e9rez. Compartim la reflexi\u00f3 que va aportar l&#8217;Hort\u00e8nsia  sobre com aquest Cap\u00edtol aborda i refor\u00e7a el paper dels col\u00b7laboradors dins de la instituci\u00f3.<\/p>\n\n\n\n<figure class=\"wp-block-embed is-type-video is-provider-youtube wp-block-embed-youtube wp-embed-aspect-16-9 wp-has-aspect-ratio\"><div class=\"wp-block-embed__wrapper\">\n<iframe loading=\"lazy\" title=\"Testimonio Hospitalario - Hortensia P\u00e9rez\" width=\"1290\" height=\"726\" src=\"https:\/\/www.youtube.com\/embed\/RvbRRR4Y8yg?feature=oembed\" frameborder=\"0\" allow=\"accelerometer; autoplay; clipboard-write; encrypted-media; gyroscope; picture-in-picture; web-share\" referrerpolicy=\"strict-origin-when-cross-origin\" allowfullscreen><\/iframe>\n<\/div><\/figure>\n","protected":false},"excerpt":{"rendered":"<p>\u00a0El II Cap\u00edtol Provincial ha escollit la nostra superior local, Sor Isabel Bl\u00e1zquez, com a 2a consellera provincial El Cap\u00edtol Provincial de Germanes Hospital\u00e0ries, celebrat recentment a Pal\u00e8ncia, ha nomenat Sor Fuencisla Mart\u00edn nova Superiora Provincial per al sexenni 2025-2030. A m\u00e9s, el nou govern provincial comptar\u00e0 amb la participaci\u00f3 de Sor Isabel, superiora local [&hellip;]<\/p>\n","protected":false},"author":5,"featured_media":10465,"comment_status":"closed","ping_status":"closed","sticky":false,"template":"","format":"standard","meta":{"footnotes":""},"categories":[27],"tags":[],"class_list":["post-10464","post","type-post","status-publish","format-standard","has-post-thumbnail","hentry","category-actualitat"],"blocksy_meta":[],"featured_image_urls_v2":{"full":["https:\/\/fundaciohospitalariesmartorell.org\/entre-tots\/wp-content\/uploads\/2024\/12\/Foto-Gobierno-Provincial-Nuevo.jpg",1920,1080,false],"thumbnail":["https:\/\/fundaciohospitalariesmartorell.org\/entre-tots\/wp-content\/uploads\/2024\/12\/Foto-Gobierno-Provincial-Nuevo-150x150.jpg",150,150,true],"medium":["https:\/\/fundaciohospitalariesmartorell.org\/entre-tots\/wp-content\/uploads\/2024\/12\/Foto-Gobierno-Provincial-Nuevo-300x169.jpg",300,169,true],"medium_large":["https:\/\/fundaciohospitalariesmartorell.org\/entre-tots\/wp-content\/uploads\/2024\/12\/Foto-Gobierno-Provincial-Nuevo-768x432.jpg",768,432,true],"large":["https:\/\/fundaciohospitalariesmartorell.org\/entre-tots\/wp-content\/uploads\/2024\/12\/Foto-Gobierno-Provincial-Nuevo-1024x576.jpg",1024,576,true],"1536x1536":["https:\/\/fundaciohospitalariesmartorell.org\/entre-tots\/wp-content\/uploads\/2024\/12\/Foto-Gobierno-Provincial-Nuevo-1536x864.jpg",1536,864,true],"2048x2048":["https:\/\/fundaciohospitalariesmartorell.org\/entre-tots\/wp-content\/uploads\/2024\/12\/Foto-Gobierno-Provincial-Nuevo.jpg",1920,1080,false],"mailpoet_newsletter_max":["https:\/\/fundaciohospitalariesmartorell.org\/entre-tots\/wp-content\/uploads\/2024\/12\/Foto-Gobierno-Provincial-Nuevo-1320x743.jpg",1320,743,true]},"post_excerpt_stackable_v2":"<p>\u00a0El II Cap\u00edtol Provincial ha escollit la nostra superior local, Sor Isabel Bl\u00e1zquez, com a 2a consellera provincial El Cap\u00edtol Provincial de Germanes Hospital\u00e0ries, celebrat recentment a Pal\u00e8ncia, ha nomenat Sor Fuencisla Mart\u00edn nova Superiora Provincial per al sexenni 2025-2030. A m\u00e9s, el nou govern provincial comptar\u00e0 amb la participaci\u00f3 de Sor Isabel, superiora local de l&#8217;Hospital Sagrat Cor de Martorell, que ha estat designada 2a\u00a0consellera provincial. Tamb\u00e9\u00a0han estat escollides\u00a0Sor\u00a0M\u00aa\u00a0Rosario Iranzo\u00a0Avelino\u00a0en els c\u00e0rrecs de 1\u00aa\u00a0consellera\u00a0i vic\u00e0ria, i sor\u00a0M\u00aa\u00a0\u00c1ngeles\u00a0Perdomo\u00a0P\u00edo\u00a03a\u00a0consellera. Estem segurs que la seva dedicaci\u00f3 i visi\u00f3 seran clau per seguir impulsant aquesta missi\u00f3 hospital\u00e0ria amb fidelitat i aud\u00e0cia, responent a&hellip;<\/p>\n","category_list_v2":"<a href=\"https:\/\/fundaciohospitalariesmartorell.org\/entre-tots\/category\/actualitat\/\" rel=\"category tag\">ACTUALITAT<\/a>","author_info_v2":{"name":"Alba Felip","url":"https:\/\/fundaciohospitalariesmartorell.org\/entre-tots\/author\/afelipr\/"},"comments_num_v2":"0 comments","_links":{"self":[{"href":"https:\/\/fundaciohospitalariesmartorell.org\/entre-tots\/wp-json\/wp\/v2\/posts\/10464","targetHints":{"allow":["GET"]}}],"collection":[{"href":"https:\/\/fundaciohospitalariesmartorell.org\/entre-tots\/wp-json\/wp\/v2\/posts"}],"about":[{"href":"https:\/\/fundaciohospitalariesmartorell.org\/entre-tots\/wp-json\/wp\/v2\/types\/post"}],"author":[{"embeddable":true,"href":"https:\/\/fundaciohospitalariesmartorell.org\/entre-tots\/wp-json\/wp\/v2\/users\/5"}],"replies":[{"embeddable":true,"href":"https:\/\/fundaciohospitalariesmartorell.org\/entre-tots\/wp-json\/wp\/v2\/comments?post=10464"}],"version-history":[{"count":2,"href":"https:\/\/fundaciohospitalariesmartorell.org\/entre-tots\/wp-json\/wp\/v2\/posts\/10464\/revisions"}],"predecessor-version":[{"id":10487,"href":"https:\/\/fundaciohospitalariesmartorell.org\/entre-tots\/wp-json\/wp\/v2\/posts\/10464\/revisions\/10487"}],"wp:featuredmedia":[{"embeddable":true,"href":"https:\/\/fundaciohospitalariesmartorell.org\/entre-tots\/wp-json\/wp\/v2\/media\/10465"}],"wp:attachment":[{"href":"https:\/\/fundaciohospitalariesmartorell.org\/entre-tots\/wp-json\/wp\/v2\/media?parent=10464"}],"wp:term":[{"taxonomy":"category","embeddable":true,"href":"https:\/\/fundaciohospitalariesmartorell.org\/entre-tots\/wp-json\/wp\/v2\/categories?post=10464"},{"taxonomy":"post_tag","embeddable":true,"href":"https:\/\/fundaciohospitalariesmartorell.org\/entre-tots\/wp-json\/wp\/v2\/tags?post=10464"}],"curies":[{"name":"wp","href":"https:\/\/api.w.org\/{rel}","templated":true}]}}