{"id":10468,"date":"2024-12-05T09:12:19","date_gmt":"2024-12-05T08:12:19","guid":{"rendered":"https:\/\/hospitalsagratcormartorell.org\/entre-tots\/?p=10468"},"modified":"2024-12-30T10:37:00","modified_gmt":"2024-12-30T09:37:00","slug":"el-master-en-psicogeriatria-impulsat-per-lhospital-sagrat-cor-de-martorell-inicia-la-vint-i-quatrena-edicio-com-a-referent-en-formacio-i-atencio-a-la-salut-mental-de-la-gent-gran","status":"publish","type":"post","link":"https:\/\/fundaciohospitalariesmartorell.org\/entre-tots\/2024\/12\/el-master-en-psicogeriatria-impulsat-per-lhospital-sagrat-cor-de-martorell-inicia-la-vint-i-quatrena-edicio-com-a-referent-en-formacio-i-atencio-a-la-salut-mental-de-la-gent-gran\/","title":{"rendered":"El M\u00e0ster en Psicogeriatria inicia la 24a edici\u00f3 com a referent en formaci\u00f3 i atenci\u00f3 a la salut mental de la gent gran"},"content":{"rendered":"\n<p>El divendres 29 de novembre, va tenir lloc l\u2019acte inaugural del <a href=\"https:\/\/www.uab.cat\/web\/postgrau\/master-en-psicogeriatria\/informacio-general-1203328491238.html\/param1-1994_ca\/\">M\u00e0ster en Psicogeriatria<\/a>, un programa formatiu impulsat per l\u2019Hospital Sagrat Cor de Martorell i el Departament de Psiquiatria i Medicina Legal de la Universitat Aut\u00f2noma de Barcelona (UAB). La iniciativa es consolida com una resposta a la demanda creixent de professionals especialitzats en l\u2019atenci\u00f3 a la gent gran amb trastorns mentals.<\/p>\n\n\n\n<p>Durant l\u2019acte, el Dr. Carles Franquelo, director m\u00e8dic de l\u2019Hospital Sagrat Cor de Martorell, va destacar \u201cla il\u00b7lusi\u00f3, la generositat i la perseveran\u00e7a\u201d que han caracteritzat aquest programa al llarg de les seves vint-i-quatre edicions, amb m\u00e9s de 620 alumnes formats, molts dels quals provenien d\u2019altres pa\u00efsos europeus i tamb\u00e9 de l\u2019Am\u00e8rica Llatina. Per la seva banda, Manel S\u00e1nchez, coordinador del M\u00e0ster i de la Unitat de Psiquiatria Geri\u00e0trica de l\u2019Hospital Sagrat Cor de Martorell i director de l\u2019\u00c0rea de Gesti\u00f3 de Coneixement, va subratllar la import\u00e0ncia de proporcionar coneixements \u00fatils per a la pr\u00e0ctica cl\u00ednica habitual.<\/p>\n\n\n\n<p>La realitat demogr\u00e0fica de l\u2019envelliment poblacional comporta un augment significatiu del nombre de persones grans afectades per trastorns mentals, cosa que planteja desafiaments assistencials i investigadors de primer ordre. Per tal d\u2019abordar aquesta necessitat, el M\u00e0ster en Psicogeriatria t\u00e9 com a objectiu principal millorar les compet\u00e8ncies cl\u00edniques dels professionals sanitaris i fomentar l\u2019inter\u00e8s per la recerca en aquest camp.<\/p>\n\n\n\n<figure class=\"wp-block-image size-large\"><img loading=\"lazy\" decoding=\"async\" width=\"1024\" height=\"579\" src=\"https:\/\/hospitalsagratcormartorell.org\/entre-tots\/wp-content\/uploads\/2024\/12\/Captura-de-Pantalla-2024-11-29-a-las-5.36.07-p.m-1024x579.png\" alt=\"\" class=\"wp-image-10470\" srcset=\"https:\/\/fundaciohospitalariesmartorell.org\/entre-tots\/wp-content\/uploads\/2024\/12\/Captura-de-Pantalla-2024-11-29-a-las-5.36.07-p.m-1024x579.png 1024w, https:\/\/fundaciohospitalariesmartorell.org\/entre-tots\/wp-content\/uploads\/2024\/12\/Captura-de-Pantalla-2024-11-29-a-las-5.36.07-p.m-300x170.png 300w, https:\/\/fundaciohospitalariesmartorell.org\/entre-tots\/wp-content\/uploads\/2024\/12\/Captura-de-Pantalla-2024-11-29-a-las-5.36.07-p.m-768x434.png 768w, https:\/\/fundaciohospitalariesmartorell.org\/entre-tots\/wp-content\/uploads\/2024\/12\/Captura-de-Pantalla-2024-11-29-a-las-5.36.07-p.m-1536x868.png 1536w, https:\/\/fundaciohospitalariesmartorell.org\/entre-tots\/wp-content\/uploads\/2024\/12\/Captura-de-Pantalla-2024-11-29-a-las-5.36.07-p.m-1320x746.png 1320w, https:\/\/fundaciohospitalariesmartorell.org\/entre-tots\/wp-content\/uploads\/2024\/12\/Captura-de-Pantalla-2024-11-29-a-las-5.36.07-p.m.png 1904w\" sizes=\"auto, (max-width: 1024px) 100vw, 1024px\" \/><\/figure>\n\n\n\n<p>Els or\u00edgens d\u2019aquest programa es remunten a la d\u00e8cada dels anys setanta, quan el doctor Alfredo Rego va impulsar la primera Unitat d\u2019Aguts de Psiquiatria Geri\u00e0trica del pa\u00eds, a l\u2019Hospital Sagrat Cor de Martorell, i va establir les bases d\u2019una xarxa d\u2019atenci\u00f3 especialitzada que es va expandir de manera significativa a partir dels anys noranta. Des de llavors, el m\u00e0ster ha sobreviscut a moments cr\u00edtics com la crisi econ\u00f2mica i la pand\u00e8mia, i s\u2019ha consolidat com un referent en l\u2019\u00e0mbit de la salut mental de la gent gran.<\/p>\n\n\n\n<p><a href=\"https:\/\/www.uab.cat\/web\/postgrau\/master-en-psicogeriatria\/informacio-general-1203328491238.html\/param1-1994_ca\/\">Aquest programa<\/a> no nom\u00e9s proporciona habilitats cl\u00edniques avan\u00e7ades, sin\u00f3 que tamb\u00e9 fomenta la col\u00b7laboraci\u00f3 interdisciplin\u00e0ria i ofereix pr\u00e0ctiques en diferents hospitals de Germanes Hospital\u00e0ries, amb la qual cosa contribueix a preparar professionals davant de la complexitat assistencial que defineix aquest camp.<\/p>\n\n\n\n<p><\/p>\n","protected":false},"excerpt":{"rendered":"<p>El divendres 29 de novembre, va tenir lloc l\u2019acte inaugural del M\u00e0ster en Psicogeriatria, un programa formatiu impulsat per l\u2019Hospital Sagrat Cor de Martorell i el Departament de Psiquiatria i Medicina Legal de la Universitat Aut\u00f2noma de Barcelona (UAB). La iniciativa es consolida com una resposta a la demanda creixent de professionals especialitzats en l\u2019atenci\u00f3 [&hellip;]<\/p>\n","protected":false},"author":5,"featured_media":10469,"comment_status":"closed","ping_status":"closed","sticky":false,"template":"","format":"standard","meta":{"footnotes":""},"categories":[27],"tags":[],"class_list":["post-10468","post","type-post","status-publish","format-standard","has-post-thumbnail","hentry","category-actualitat"],"blocksy_meta":[],"featured_image_urls_v2":{"full":["https:\/\/fundaciohospitalariesmartorell.org\/entre-tots\/wp-content\/uploads\/2024\/12\/Captura-de-Pantalla-2024-11-29-a-las-5.19.44-p.m-e1733386197320.png",1437,1095,false],"thumbnail":["https:\/\/fundaciohospitalariesmartorell.org\/entre-tots\/wp-content\/uploads\/2024\/12\/Captura-de-Pantalla-2024-11-29-a-las-5.19.44-p.m-e1733386197320-150x150.png",150,150,true],"medium":["https:\/\/fundaciohospitalariesmartorell.org\/entre-tots\/wp-content\/uploads\/2024\/12\/Captura-de-Pantalla-2024-11-29-a-las-5.19.44-p.m-e1733386197320-300x229.png",300,229,true],"medium_large":["https:\/\/fundaciohospitalariesmartorell.org\/entre-tots\/wp-content\/uploads\/2024\/12\/Captura-de-Pantalla-2024-11-29-a-las-5.19.44-p.m-e1733386197320-768x585.png",768,585,true],"large":["https:\/\/fundaciohospitalariesmartorell.org\/entre-tots\/wp-content\/uploads\/2024\/12\/Captura-de-Pantalla-2024-11-29-a-las-5.19.44-p.m-e1733386197320-1024x780.png",1024,780,true],"1536x1536":["https:\/\/fundaciohospitalariesmartorell.org\/entre-tots\/wp-content\/uploads\/2024\/12\/Captura-de-Pantalla-2024-11-29-a-las-5.19.44-p.m-1536x747.png",1536,747,true],"2048x2048":["https:\/\/fundaciohospitalariesmartorell.org\/entre-tots\/wp-content\/uploads\/2024\/12\/Captura-de-Pantalla-2024-11-29-a-las-5.19.44-p.m-2048x996.png",2048,996,true],"mailpoet_newsletter_max":["https:\/\/fundaciohospitalariesmartorell.org\/entre-tots\/wp-content\/uploads\/2024\/12\/Captura-de-Pantalla-2024-11-29-a-las-5.19.44-p.m-e1733386197320-1320x1006.png",1320,1006,true]},"post_excerpt_stackable_v2":"<p>El divendres 29 de novembre, va tenir lloc l\u2019acte inaugural del M\u00e0ster en Psicogeriatria, un programa formatiu impulsat per l\u2019Hospital Sagrat Cor de Martorell i el Departament de Psiquiatria i Medicina Legal de la Universitat Aut\u00f2noma de Barcelona (UAB). La iniciativa es consolida com una resposta a la demanda creixent de professionals especialitzats en l\u2019atenci\u00f3 a la gent gran amb trastorns mentals. Durant l\u2019acte, el Dr. Carles Franquelo, director m\u00e8dic de l\u2019Hospital Sagrat Cor de Martorell, va destacar \u201cla il\u00b7lusi\u00f3, la generositat i la perseveran\u00e7a\u201d que han caracteritzat aquest programa al llarg de les seves vint-i-quatre edicions, amb m\u00e9s de&hellip;<\/p>\n","category_list_v2":"<a href=\"https:\/\/fundaciohospitalariesmartorell.org\/entre-tots\/category\/actualitat\/\" rel=\"category tag\">ACTUALITAT<\/a>","author_info_v2":{"name":"Alba Felip","url":"https:\/\/fundaciohospitalariesmartorell.org\/entre-tots\/author\/afelipr\/"},"comments_num_v2":"0 comments","_links":{"self":[{"href":"https:\/\/fundaciohospitalariesmartorell.org\/entre-tots\/wp-json\/wp\/v2\/posts\/10468","targetHints":{"allow":["GET"]}}],"collection":[{"href":"https:\/\/fundaciohospitalariesmartorell.org\/entre-tots\/wp-json\/wp\/v2\/posts"}],"about":[{"href":"https:\/\/fundaciohospitalariesmartorell.org\/entre-tots\/wp-json\/wp\/v2\/types\/post"}],"author":[{"embeddable":true,"href":"https:\/\/fundaciohospitalariesmartorell.org\/entre-tots\/wp-json\/wp\/v2\/users\/5"}],"replies":[{"embeddable":true,"href":"https:\/\/fundaciohospitalariesmartorell.org\/entre-tots\/wp-json\/wp\/v2\/comments?post=10468"}],"version-history":[{"count":2,"href":"https:\/\/fundaciohospitalariesmartorell.org\/entre-tots\/wp-json\/wp\/v2\/posts\/10468\/revisions"}],"predecessor-version":[{"id":10478,"href":"https:\/\/fundaciohospitalariesmartorell.org\/entre-tots\/wp-json\/wp\/v2\/posts\/10468\/revisions\/10478"}],"wp:featuredmedia":[{"embeddable":true,"href":"https:\/\/fundaciohospitalariesmartorell.org\/entre-tots\/wp-json\/wp\/v2\/media\/10469"}],"wp:attachment":[{"href":"https:\/\/fundaciohospitalariesmartorell.org\/entre-tots\/wp-json\/wp\/v2\/media?parent=10468"}],"wp:term":[{"taxonomy":"category","embeddable":true,"href":"https:\/\/fundaciohospitalariesmartorell.org\/entre-tots\/wp-json\/wp\/v2\/categories?post=10468"},{"taxonomy":"post_tag","embeddable":true,"href":"https:\/\/fundaciohospitalariesmartorell.org\/entre-tots\/wp-json\/wp\/v2\/tags?post=10468"}],"curies":[{"name":"wp","href":"https:\/\/api.w.org\/{rel}","templated":true}]}}