{"id":10474,"date":"2024-12-09T08:31:17","date_gmt":"2024-12-09T07:31:17","guid":{"rendered":"https:\/\/hospitalsagratcormartorell.org\/entre-tots\/?p=10474"},"modified":"2024-12-09T08:31:17","modified_gmt":"2024-12-09T07:31:17","slug":"ser-voluntari-aria-es-ser-una-persona-generosa-responsable-altruista-tolerant-imaginativa-i-solidaria","status":"publish","type":"post","link":"https:\/\/fundaciohospitalariesmartorell.org\/entre-tots\/2024\/12\/ser-voluntari-aria-es-ser-una-persona-generosa-responsable-altruista-tolerant-imaginativa-i-solidaria\/","title":{"rendered":"&#8220;Ser\u00a0voluntari\/\u00e0ria\u00a0\u00e9s ser una persona generosa, responsable, altruista, tolerant, imaginativa i\u00a0solid\u00e0ria&#8221;"},"content":{"rendered":"\n<figure class=\"wp-block-image size-large\"><img loading=\"lazy\" decoding=\"async\" width=\"1024\" height=\"768\" src=\"https:\/\/hospitalsagratcormartorell.org\/entre-tots\/wp-content\/uploads\/2024\/12\/image-2-1024x768.png\" alt=\"\" class=\"wp-image-10475\" srcset=\"https:\/\/fundaciohospitalariesmartorell.org\/entre-tots\/wp-content\/uploads\/2024\/12\/image-2-1024x768.png 1024w, https:\/\/fundaciohospitalariesmartorell.org\/entre-tots\/wp-content\/uploads\/2024\/12\/image-2-300x225.png 300w, https:\/\/fundaciohospitalariesmartorell.org\/entre-tots\/wp-content\/uploads\/2024\/12\/image-2-768x576.png 768w, https:\/\/fundaciohospitalariesmartorell.org\/entre-tots\/wp-content\/uploads\/2024\/12\/image-2-1536x1152.png 1536w, https:\/\/fundaciohospitalariesmartorell.org\/entre-tots\/wp-content\/uploads\/2024\/12\/image-2-1320x990.png 1320w, https:\/\/fundaciohospitalariesmartorell.org\/entre-tots\/wp-content\/uploads\/2024\/12\/image-2.png 2000w\" sizes=\"auto, (max-width: 1024px) 100vw, 1024px\" \/><\/figure>\n\n\n\n<p>El passat divendres dia 5 de desembre vam celebrar el Dia Internacional del Voluntariat, pe\u00e7a essencial en la humanitzaci\u00f3 de l&#8217;atenci\u00f3 hospital\u00e0ria.&nbsp;Amb&nbsp;motiu d&#8217;aquesta data, es va inaugurar una exposici\u00f3 a la cafeteria amb la participaci\u00f3 de tots els voluntaris i&nbsp;volunt\u00e0ries&nbsp;que formen part de l&#8217;Hospital Sagrat Cor.<\/p>\n\n\n\n<p>Sor Isabel, superiora, va destacar que el voluntariat \u00e9s &#8220;una de les expressions m\u00e9s clares de solidaritat. Una solidaritat que mira la vida amb positivitat, que respecta plenament la dignitat de cada persona, i que fa visible el comprom\u00eds hospitalari d&#8217;ajudar els altres a trobar el seu projecte de vida i assolir la felicitat&#8221;. Sor Isabel va voler destacar tres aspectes fonamentals de les persones&nbsp;volunt\u00e0ries: gratitud i solidaritat, integraci\u00f3 en la comunitat Hospital\u00e0ria i col\u00b7laboraci\u00f3 en la humanitzaci\u00f3. &#8220;Contribu\u00efu a fer que l&#8217;assist\u00e8ncia sigui m\u00e9s humanitzada, establint relacions individualitzades amb cadascuna de les persones ateses i promovent la implicaci\u00f3 de tota la societat&#8221;, va afegir.<\/p>\n\n\n\n<ol class=\"wp-block-list\"><\/ol>\n\n\n\n<p>Compartim un petit v\u00eddeo de la jornada. <\/p>\n\n\n\n<figure class=\"wp-block-embed is-type-video is-provider-youtube wp-block-embed-youtube wp-embed-aspect-16-9 wp-has-aspect-ratio\"><div class=\"wp-block-embed__wrapper\">\n<iframe loading=\"lazy\" title=\"Dia Internacional del Voluntariat\" width=\"1290\" height=\"726\" src=\"https:\/\/www.youtube.com\/embed\/JyHsO1s4kl0?feature=oembed\" frameborder=\"0\" allow=\"accelerometer; autoplay; clipboard-write; encrypted-media; gyroscope; picture-in-picture; web-share\" referrerpolicy=\"strict-origin-when-cross-origin\" allowfullscreen><\/iframe>\n<\/div><\/figure>\n\n\n\n<p>Si voleu m\u00e9s informaci\u00f3 sobre el voluntariat a l&#8217;Hospital Sagrat Cor, no us perdeu aquest reportatge: <a href=\"https:\/\/hospitalsagratcormartorell.org\/entre-tots\/2024\/10\/compromis-solidaritat-i-transformacio-el-valor-del-voluntariat-a-lhospital-sagrat-cor\/\">aqu\u00ed<\/a>. <\/p>\n","protected":false},"excerpt":{"rendered":"<p>El passat divendres dia 5 de desembre vam celebrar el Dia Internacional del Voluntariat, pe\u00e7a essencial en la humanitzaci\u00f3 de l&#8217;atenci\u00f3 hospital\u00e0ria.&nbsp;Amb&nbsp;motiu d&#8217;aquesta data, es va inaugurar una exposici\u00f3 a la cafeteria amb la participaci\u00f3 de tots els voluntaris i&nbsp;volunt\u00e0ries&nbsp;que formen part de l&#8217;Hospital Sagrat Cor. Sor Isabel, superiora, va destacar que el voluntariat \u00e9s [&hellip;]<\/p>\n","protected":false},"author":5,"featured_media":10475,"comment_status":"closed","ping_status":"","sticky":false,"template":"","format":"standard","meta":{"footnotes":""},"categories":[27,61],"tags":[],"class_list":["post-10474","post","type-post","status-publish","format-standard","has-post-thumbnail","hentry","category-actualitat","category-societat"],"blocksy_meta":[],"featured_image_urls_v2":{"full":["https:\/\/fundaciohospitalariesmartorell.org\/entre-tots\/wp-content\/uploads\/2024\/12\/image-2.png",2000,1500,false],"thumbnail":["https:\/\/fundaciohospitalariesmartorell.org\/entre-tots\/wp-content\/uploads\/2024\/12\/image-2-150x150.png",150,150,true],"medium":["https:\/\/fundaciohospitalariesmartorell.org\/entre-tots\/wp-content\/uploads\/2024\/12\/image-2-300x225.png",300,225,true],"medium_large":["https:\/\/fundaciohospitalariesmartorell.org\/entre-tots\/wp-content\/uploads\/2024\/12\/image-2-768x576.png",768,576,true],"large":["https:\/\/fundaciohospitalariesmartorell.org\/entre-tots\/wp-content\/uploads\/2024\/12\/image-2-1024x768.png",1024,768,true],"1536x1536":["https:\/\/fundaciohospitalariesmartorell.org\/entre-tots\/wp-content\/uploads\/2024\/12\/image-2-1536x1152.png",1536,1152,true],"2048x2048":["https:\/\/fundaciohospitalariesmartorell.org\/entre-tots\/wp-content\/uploads\/2024\/12\/image-2.png",2000,1500,false],"mailpoet_newsletter_max":["https:\/\/fundaciohospitalariesmartorell.org\/entre-tots\/wp-content\/uploads\/2024\/12\/image-2-1320x990.png",1320,990,true]},"post_excerpt_stackable_v2":"<p>El passat divendres dia 5 de desembre vam celebrar el Dia Internacional del Voluntariat, pe\u00e7a essencial en la humanitzaci\u00f3 de l&#8217;atenci\u00f3 hospital\u00e0ria.&nbsp;Amb&nbsp;motiu d&#8217;aquesta data, es va inaugurar una exposici\u00f3 a la cafeteria amb la participaci\u00f3 de tots els voluntaris i&nbsp;volunt\u00e0ries&nbsp;que formen part de l&#8217;Hospital Sagrat Cor. Sor Isabel, superiora, va destacar que el voluntariat \u00e9s &#8220;una de les expressions m\u00e9s clares de solidaritat. Una solidaritat que mira la vida amb positivitat, que respecta plenament la dignitat de cada persona, i que fa visible el comprom\u00eds hospitalari d&#8217;ajudar els altres a trobar el seu projecte de vida i assolir la felicitat&#8221;.&hellip;<\/p>\n","category_list_v2":"<a href=\"https:\/\/fundaciohospitalariesmartorell.org\/entre-tots\/category\/actualitat\/\" rel=\"category tag\">ACTUALITAT<\/a>, <a href=\"https:\/\/fundaciohospitalariesmartorell.org\/entre-tots\/category\/actualitat\/societat\/\" rel=\"category tag\">SOCIETAT<\/a>","author_info_v2":{"name":"Alba Felip","url":"https:\/\/fundaciohospitalariesmartorell.org\/entre-tots\/author\/afelipr\/"},"comments_num_v2":"0 comments","_links":{"self":[{"href":"https:\/\/fundaciohospitalariesmartorell.org\/entre-tots\/wp-json\/wp\/v2\/posts\/10474","targetHints":{"allow":["GET"]}}],"collection":[{"href":"https:\/\/fundaciohospitalariesmartorell.org\/entre-tots\/wp-json\/wp\/v2\/posts"}],"about":[{"href":"https:\/\/fundaciohospitalariesmartorell.org\/entre-tots\/wp-json\/wp\/v2\/types\/post"}],"author":[{"embeddable":true,"href":"https:\/\/fundaciohospitalariesmartorell.org\/entre-tots\/wp-json\/wp\/v2\/users\/5"}],"replies":[{"embeddable":true,"href":"https:\/\/fundaciohospitalariesmartorell.org\/entre-tots\/wp-json\/wp\/v2\/comments?post=10474"}],"version-history":[{"count":2,"href":"https:\/\/fundaciohospitalariesmartorell.org\/entre-tots\/wp-json\/wp\/v2\/posts\/10474\/revisions"}],"predecessor-version":[{"id":10485,"href":"https:\/\/fundaciohospitalariesmartorell.org\/entre-tots\/wp-json\/wp\/v2\/posts\/10474\/revisions\/10485"}],"wp:featuredmedia":[{"embeddable":true,"href":"https:\/\/fundaciohospitalariesmartorell.org\/entre-tots\/wp-json\/wp\/v2\/media\/10475"}],"wp:attachment":[{"href":"https:\/\/fundaciohospitalariesmartorell.org\/entre-tots\/wp-json\/wp\/v2\/media?parent=10474"}],"wp:term":[{"taxonomy":"category","embeddable":true,"href":"https:\/\/fundaciohospitalariesmartorell.org\/entre-tots\/wp-json\/wp\/v2\/categories?post=10474"},{"taxonomy":"post_tag","embeddable":true,"href":"https:\/\/fundaciohospitalariesmartorell.org\/entre-tots\/wp-json\/wp\/v2\/tags?post=10474"}],"curies":[{"name":"wp","href":"https:\/\/api.w.org\/{rel}","templated":true}]}}