{"id":10481,"date":"2024-12-10T10:55:13","date_gmt":"2024-12-10T09:55:13","guid":{"rendered":"https:\/\/hospitalsagratcormartorell.org\/entre-tots\/?p=10481"},"modified":"2024-12-10T10:55:13","modified_gmt":"2024-12-10T09:55:13","slug":"jornada-transformant-la-llarga-estada-psiquiatrica-a-catalunya-dignitat-autonomia-i-comunitat","status":"publish","type":"post","link":"https:\/\/fundaciohospitalariesmartorell.org\/entre-tots\/2024\/12\/jornada-transformant-la-llarga-estada-psiquiatrica-a-catalunya-dignitat-autonomia-i-comunitat\/","title":{"rendered":"Jornada: Transformant la llarga estada psiqui\u00e0trica a Catalunya: dignitat, autonomia i comunitat"},"content":{"rendered":"\n<p><strong>Divendres 7 de febrer de 2025<\/strong> | <strong>8:30 a 14:30<\/strong>h<\/p>\n\n\n\n<figure class=\"wp-block-image size-full\"><img loading=\"lazy\" decoding=\"async\" width=\"926\" height=\"440\" src=\"https:\/\/hospitalsagratcormartorell.org\/entre-tots\/wp-content\/uploads\/2024\/12\/banner.png\" alt=\"\" class=\"wp-image-10482\" srcset=\"https:\/\/fundaciohospitalariesmartorell.org\/entre-tots\/wp-content\/uploads\/2024\/12\/banner.png 926w, https:\/\/fundaciohospitalariesmartorell.org\/entre-tots\/wp-content\/uploads\/2024\/12\/banner-300x143.png 300w, https:\/\/fundaciohospitalariesmartorell.org\/entre-tots\/wp-content\/uploads\/2024\/12\/banner-768x365.png 768w\" sizes=\"auto, (max-width: 926px) 100vw, 926px\" \/><\/figure>\n\n\n\n<p>Al llarg de la nostra hist\u00f2ria recent s\u2019han fet diferents intents per abordar aquesta q\u00fcesti\u00f3. En aquest sentit, el juliol del 2022, el Departament de Salut va iniciar el proc\u00e9s de transformaci\u00f3 i reconversi\u00f3 de l\u2019hospitalitzaci\u00f3 psiqui\u00e0trica de llarga estada. Com a resultat d\u2019aquest esfor\u00e7, van n\u00e9ixer les Unitats Funcionals de Recuperaci\u00f3 i Projecte de Vida, amb l\u2019objectiu d\u2019evitar nous processos d\u2019institucionalitzaci\u00f3 i &nbsp;avan\u00e7ar en la transformaci\u00f3 de les unitats hospital\u00e0ries de llarga estada psiqui\u00e0trica, promovent un model de salut comunitari, inclusiu i respectu\u00f3s amb els drets de les persones.<\/p>\n\n\n\n<p>Dos anys despr\u00e9s, \u00e9s el moment de convocar i escoltar les persones i professionals directament implicades, aix\u00ed com les fam\u00edlies, les entitats de suport afectades i els representants de l\u2019administraci\u00f3, per reflexionar conjuntament sobre l\u2019evoluci\u00f3 i estat actual d\u2019aquest canvi del sistema de Salut Mental a Catalunya.<\/p>\n\n\n\n<p><strong>8:30 Acreditaci\u00f3<\/strong><\/p>\n\n\n\n<p><strong>9:00 Benvinguda Institucional<\/strong><\/p>\n\n\n\n<p><strong>9:15 \u201cA on estem? Cap a on anem? Situaci\u00f3 actual i objectius de futur de la transformaci\u00f3 de l\u2019hospitalitzaci\u00f3 de llarga estada a Catalunya \u201d<\/strong>. <em>Sr. Josep Tristany. Director del Pla Director de Salut Mental de Catalunya<\/em><\/p>\n\n\n\n<p><strong>9:45 <strong>Confer\u00e8ncia inaugural: \u201cAtenci\u00f3 a la salut mental basada en drets\u201d<\/strong><\/strong>. <em>Dra. Meritxell Centeno<\/em>. <em>Directora de Desenvolupament Estrat\u00e8gic Assistencial del complex Benito Menni de Sant Boi de Llobregat.<\/em><\/p>\n\n\n\n<p><strong>10:00 TAULA 1 La Transformaci\u00f3 de les Unitats d\u2019Hospitalitzaci\u00f3.<\/strong> <em>Modera: Dra. Cori Juanpere<\/em>. <em>Adjunta a la Direcci\u00f3 M\u00e8dica de l\u2019Institut Pere Mata<\/em><\/p>\n\n\n\n<ul class=\"wp-block-list\">\n<li><strong>\u201cDe l\u2019\u00c0rea de Rehabilitaci\u00f3 a les Unitats de Rehabilitaci\u00f3 Intensiva a l\u2019Hospital Sagrat Cor de Martorell: Una hist\u00f2ria de canvi permanent.\u201d<\/strong> <em>Sr. David Juanes<\/em>. <em>Coordinador de l\u2019\u00c0rea de Rehabilitaci\u00f3 en Salut Mental de l\u2019Hospital Sagrat Cor<\/em><\/li>\n\n\n\n<li><strong>\u201cEntre l\u2019hospital i la comunitat: experi\u00e8ncies en els processos de tr\u00e0nsit i retorn a la vida en societat.\u201d<\/strong> <em>Dra. Laura Prats\u00a0<\/em>. Coordinadora del Servei de Rehabilitaci\u00f3 Psiqui\u00e0trica Intensiva del Parc Sanitari Sant Joan de D\u00e9u<\/li>\n<\/ul>\n\n\n\n<p><strong>11:00-11:00 PAUSA CAF\u00c8<\/strong><\/p>\n\n\n\n<p><strong>11:30 TAULA 2 \u201cProcessos de Recuperaci\u00f3 en el medi comunitari\u201d<\/strong>. Modera: <em>Sr. Alfredo Felices<\/em>. <em>Coordinador de los Serveis Rehabilitaci\u00f3 Comunit\u00e0ria Granollers, Sant Boi, Hospitalet I-Santa Eul\u00e0lia\u00a0 i Hospitalet II- Polivalent.<\/em><\/p>\n\n\n\n<ul class=\"wp-block-list\">\n<li><strong>\u201cFeli\u00e7 Aniversari: les Unitats Funcionals de Recuperaci\u00f3 i Projecte de Vida han fet 1 any. Resultats preliminars<\/strong>, <strong>aprenentatges i propostes de millora\u201d<\/strong> <em>Dres. Julia S\u00e1nchez Roda i M\u00f2nica Arest\u00e9 Sent\u00eds<\/em>. <em>Institut Pere Mata Reus\u00a0<\/em>.<\/li>\n<\/ul>\n\n\n\n<ul class=\"wp-block-list\">\n<li><strong>\u201cSanta Coloma de Gramenet: Experi\u00e8ncies de bona pr\u00e0ctica de Salut Comunit\u00e0ria\u201d<\/strong> <\/li>\n\n\n\n<li><em>Sr.\u00a0 Sergio Guzm\u00e1n.<\/em> <em>Terapeuta ocupacional, referent de continguts del Proc\u00e9s de Rehabilitaci\u00f3 Psicosocial i coordinador del Servei de Rehabilitaci\u00f3 Comunit\u00e0ria de Santa Coloma de Gramenet<\/em><\/li>\n<\/ul>\n\n\n\n<p><strong>12:30 TAULA-DEBAT 3 \u00a0Desinstitucionalizaci\u00f3 en Primera Persona<\/strong>. <em>Modera: Sra. Lourdes Bernal<\/em>. <em>Directora de la Fundaci\u00f3 Entitat de Suport Nou Cam\u00ed<\/em><\/p>\n\n\n\n<p>Relat en primera Persona<\/p>\n\n\n\n<p>Participen en format de debat obert:<\/p>\n\n\n\n<ul class=\"wp-block-list\">\n<li>Sra. Marta Poll. Directora T\u00e8cnica Federaci\u00f3 Salut Mental Catalunya \u00a0<\/li>\n\n\n\n<li><em>Sra. Vict\u00f2ria Monell<\/em>. <em>Directora Gerent de la Fundaci\u00f3 Malalts Mentals de Catalunya<\/em><\/li>\n\n\n\n<li><em>Sra. Maria Aran Herrera<\/em> <em>Activista en Salut Mental. Coordinadora Projectes Federaci\u00f3 Veus<\/em><\/li>\n<\/ul>\n\n\n\n<p><strong>14:00 Cloenda de les Jornades.<\/strong><\/p>\n\n\n\n<p><em>Comit\u00e8 organitzador: Eva Maria Alv\u00e1rez Moya; Natalia G\u00f3mez Sierra; Meritxell Argem\u00ed Puig; Pedro Guarde\u00f1o Garcia; Carlos Marquez Comino; Marta Escorig\u00fcela Balaguer; David Juanes Gim\u00e9nez.<\/em><\/p>\n\n\n\n<p>Inscripci\u00f3: <a href=\"https:\/\/forms.office.com\/e\/DGVcDeFNqT?origin=lprLink\">aqu\u00ed<\/a>.<\/p>\n","protected":false},"excerpt":{"rendered":"<p>Divendres 7 de febrer de 2025 | 8:30 a 14:30h Al llarg de la nostra hist\u00f2ria recent s\u2019han fet diferents intents per abordar aquesta q\u00fcesti\u00f3. En aquest sentit, el juliol del 2022, el Departament de Salut va iniciar el proc\u00e9s de transformaci\u00f3 i reconversi\u00f3 de l\u2019hospitalitzaci\u00f3 psiqui\u00e0trica de llarga estada. Com a resultat d\u2019aquest esfor\u00e7, [&hellip;]<\/p>\n","protected":false},"author":5,"featured_media":10482,"comment_status":"closed","ping_status":"","sticky":false,"template":"","format":"standard","meta":{"footnotes":""},"categories":[27],"tags":[],"class_list":["post-10481","post","type-post","status-publish","format-standard","has-post-thumbnail","hentry","category-actualitat"],"blocksy_meta":[],"featured_image_urls_v2":{"full":["https:\/\/fundaciohospitalariesmartorell.org\/entre-tots\/wp-content\/uploads\/2024\/12\/banner.png",926,440,false],"thumbnail":["https:\/\/fundaciohospitalariesmartorell.org\/entre-tots\/wp-content\/uploads\/2024\/12\/banner-150x150.png",150,150,true],"medium":["https:\/\/fundaciohospitalariesmartorell.org\/entre-tots\/wp-content\/uploads\/2024\/12\/banner-300x143.png",300,143,true],"medium_large":["https:\/\/fundaciohospitalariesmartorell.org\/entre-tots\/wp-content\/uploads\/2024\/12\/banner-768x365.png",768,365,true],"large":["https:\/\/fundaciohospitalariesmartorell.org\/entre-tots\/wp-content\/uploads\/2024\/12\/banner.png",926,440,false],"1536x1536":["https:\/\/fundaciohospitalariesmartorell.org\/entre-tots\/wp-content\/uploads\/2024\/12\/banner.png",926,440,false],"2048x2048":["https:\/\/fundaciohospitalariesmartorell.org\/entre-tots\/wp-content\/uploads\/2024\/12\/banner.png",926,440,false],"mailpoet_newsletter_max":["https:\/\/fundaciohospitalariesmartorell.org\/entre-tots\/wp-content\/uploads\/2024\/12\/banner.png",926,440,false]},"post_excerpt_stackable_v2":"<p>Divendres 7 de febrer de 2025 | 8:30 a 14:30h Al llarg de la nostra hist\u00f2ria recent s\u2019han fet diferents intents per abordar aquesta q\u00fcesti\u00f3. En aquest sentit, el juliol del 2022, el Departament de Salut va iniciar el proc\u00e9s de transformaci\u00f3 i reconversi\u00f3 de l\u2019hospitalitzaci\u00f3 psiqui\u00e0trica de llarga estada. Com a resultat d\u2019aquest esfor\u00e7, van n\u00e9ixer les Unitats Funcionals de Recuperaci\u00f3 i Projecte de Vida, amb l\u2019objectiu d\u2019evitar nous processos d\u2019institucionalitzaci\u00f3 i &nbsp;avan\u00e7ar en la transformaci\u00f3 de les unitats hospital\u00e0ries de llarga estada psiqui\u00e0trica, promovent un model de salut comunitari, inclusiu i respectu\u00f3s amb els drets de les persones.&hellip;<\/p>\n","category_list_v2":"<a href=\"https:\/\/fundaciohospitalariesmartorell.org\/entre-tots\/category\/actualitat\/\" rel=\"category tag\">ACTUALITAT<\/a>","author_info_v2":{"name":"Alba Felip","url":"https:\/\/fundaciohospitalariesmartorell.org\/entre-tots\/author\/afelipr\/"},"comments_num_v2":"0 comments","_links":{"self":[{"href":"https:\/\/fundaciohospitalariesmartorell.org\/entre-tots\/wp-json\/wp\/v2\/posts\/10481","targetHints":{"allow":["GET"]}}],"collection":[{"href":"https:\/\/fundaciohospitalariesmartorell.org\/entre-tots\/wp-json\/wp\/v2\/posts"}],"about":[{"href":"https:\/\/fundaciohospitalariesmartorell.org\/entre-tots\/wp-json\/wp\/v2\/types\/post"}],"author":[{"embeddable":true,"href":"https:\/\/fundaciohospitalariesmartorell.org\/entre-tots\/wp-json\/wp\/v2\/users\/5"}],"replies":[{"embeddable":true,"href":"https:\/\/fundaciohospitalariesmartorell.org\/entre-tots\/wp-json\/wp\/v2\/comments?post=10481"}],"version-history":[{"count":2,"href":"https:\/\/fundaciohospitalariesmartorell.org\/entre-tots\/wp-json\/wp\/v2\/posts\/10481\/revisions"}],"predecessor-version":[{"id":10484,"href":"https:\/\/fundaciohospitalariesmartorell.org\/entre-tots\/wp-json\/wp\/v2\/posts\/10481\/revisions\/10484"}],"wp:featuredmedia":[{"embeddable":true,"href":"https:\/\/fundaciohospitalariesmartorell.org\/entre-tots\/wp-json\/wp\/v2\/media\/10482"}],"wp:attachment":[{"href":"https:\/\/fundaciohospitalariesmartorell.org\/entre-tots\/wp-json\/wp\/v2\/media?parent=10481"}],"wp:term":[{"taxonomy":"category","embeddable":true,"href":"https:\/\/fundaciohospitalariesmartorell.org\/entre-tots\/wp-json\/wp\/v2\/categories?post=10481"},{"taxonomy":"post_tag","embeddable":true,"href":"https:\/\/fundaciohospitalariesmartorell.org\/entre-tots\/wp-json\/wp\/v2\/tags?post=10481"}],"curies":[{"name":"wp","href":"https:\/\/api.w.org\/{rel}","templated":true}]}}