{"id":10489,"date":"2024-12-17T10:03:10","date_gmt":"2024-12-17T09:03:10","guid":{"rendered":"https:\/\/hospitalsagratcormartorell.org\/entre-tots\/?p=10489"},"modified":"2024-12-17T10:03:10","modified_gmt":"2024-12-17T09:03:10","slug":"el-sagrat-cor-viu-un-nadal-desperanca-i-solidaritat","status":"publish","type":"post","link":"https:\/\/fundaciohospitalariesmartorell.org\/entre-tots\/2024\/12\/el-sagrat-cor-viu-un-nadal-desperanca-i-solidaritat\/","title":{"rendered":"El Sagrat Cor viu un Nadal d\u2019esperan\u00e7a i solidaritat"},"content":{"rendered":"\n<figure class=\"wp-block-image size-large\"><img loading=\"lazy\" decoding=\"async\" width=\"1024\" height=\"768\" src=\"https:\/\/hospitalsagratcormartorell.org\/entre-tots\/wp-content\/uploads\/2024\/12\/20241211_121713-1024x768.jpg\" alt=\"\" class=\"wp-image-10490\" srcset=\"https:\/\/fundaciohospitalariesmartorell.org\/entre-tots\/wp-content\/uploads\/2024\/12\/20241211_121713-1024x768.jpg 1024w, https:\/\/fundaciohospitalariesmartorell.org\/entre-tots\/wp-content\/uploads\/2024\/12\/20241211_121713-300x225.jpg 300w, https:\/\/fundaciohospitalariesmartorell.org\/entre-tots\/wp-content\/uploads\/2024\/12\/20241211_121713-768x576.jpg 768w, https:\/\/fundaciohospitalariesmartorell.org\/entre-tots\/wp-content\/uploads\/2024\/12\/20241211_121713-1536x1152.jpg 1536w, https:\/\/fundaciohospitalariesmartorell.org\/entre-tots\/wp-content\/uploads\/2024\/12\/20241211_121713-2048x1536.jpg 2048w, https:\/\/fundaciohospitalariesmartorell.org\/entre-tots\/wp-content\/uploads\/2024\/12\/20241211_121713-1320x990.jpg 1320w\" sizes=\"auto, (max-width: 1024px) 100vw, 1024px\" \/><\/figure>\n\n\n\n<p>Un any m\u00e9s, la Comissi\u00f3 de Solidaritat de l\u2019Hospital Sagrat Cor ha liderat un conjunt d\u2019iniciatives solid\u00e0ries per recaptar fons destinats al projecte de promoci\u00f3 i millora de l\u2019atenci\u00f3 sanit\u00e0ria, terap\u00e8utica i fisioterap\u00e8utica per a dones amb malaltia mental altament vulnerables a Kazhakoottam, \u00cdndia, impulsat per la Fundaci\u00f3 Benito Menni.<\/p>\n\n\n\n<p>Entre les accions organitzades, es van posar a la venda plantes nadalenques, ramells de la sort i polseres a la recepci\u00f3 de l\u2019Hospital. Paral\u00b7lelament, unes setmanes abans, es van esgotar totes les participacions disponibles de la Loteria solid\u00e0ria. Tots els beneficis obtinguts amb aquestes activitats es destinaran \u00edntegrament al projecte solidari.<\/p>\n\n\n\n<p>A m\u00e9s, la Comissi\u00f3 va organitzar una campanya de recollida de joguines, tan noves com de segona m\u00e0, per a infants de fam\u00edlies en situaci\u00f3 de vulnerabilitat. El passat 11 de desembre, es van entregar dues caixes de joguines noves, aportades pel personal col\u00b7laborador de l\u2019Hospital, a la Creu Roja de Martorell. El mateix dia, es van lliurar 11 caixes de joguines de segona m\u00e0 i un tricicle a Maria Carrasco i M. del Carme Alonso, presidenta i secret\u00e0ria del Voluntariat Vicenci\u00e0, respectivament.<\/p>\n\n\n\n<p>Aquestes accions s\u00f3n una mostra del comprom\u00eds i la solidaritat de l\u2019Hospital Sagrat Cor amb els col\u00b7lectius m\u00e9s vulnerables, tant en l&#8217;\u00e0mbit local com internacional.<\/p>\n\n\n\n<figure class=\"wp-block-image size-large\"><img loading=\"lazy\" decoding=\"async\" width=\"2040\" height=\"1148\" src=\"https:\/\/hospitalsagratcormartorell.org\/entre-tots\/wp-content\/uploads\/2024\/12\/Ponseties-solidaries-edited.jpg\" alt=\"\" class=\"wp-image-10492\" srcset=\"https:\/\/fundaciohospitalariesmartorell.org\/entre-tots\/wp-content\/uploads\/2024\/12\/Ponseties-solidaries-edited.jpg 2040w, https:\/\/fundaciohospitalariesmartorell.org\/entre-tots\/wp-content\/uploads\/2024\/12\/Ponseties-solidaries-edited-300x169.jpg 300w, https:\/\/fundaciohospitalariesmartorell.org\/entre-tots\/wp-content\/uploads\/2024\/12\/Ponseties-solidaries-edited-1024x576.jpg 1024w, https:\/\/fundaciohospitalariesmartorell.org\/entre-tots\/wp-content\/uploads\/2024\/12\/Ponseties-solidaries-edited-768x432.jpg 768w, https:\/\/fundaciohospitalariesmartorell.org\/entre-tots\/wp-content\/uploads\/2024\/12\/Ponseties-solidaries-edited-1536x864.jpg 1536w, https:\/\/fundaciohospitalariesmartorell.org\/entre-tots\/wp-content\/uploads\/2024\/12\/Ponseties-solidaries-edited-1320x743.jpg 1320w\" sizes=\"auto, (max-width: 2040px) 100vw, 2040px\" \/><\/figure>\n","protected":false},"excerpt":{"rendered":"<p>Un any m\u00e9s, la Comissi\u00f3 de Solidaritat de l\u2019Hospital Sagrat Cor ha liderat un conjunt d\u2019iniciatives solid\u00e0ries per recaptar fons destinats al projecte de promoci\u00f3 i millora de l\u2019atenci\u00f3 sanit\u00e0ria, terap\u00e8utica i fisioterap\u00e8utica per a dones amb malaltia mental altament vulnerables a Kazhakoottam, \u00cdndia, impulsat per la Fundaci\u00f3 Benito Menni. Entre les accions organitzades, es [&hellip;]<\/p>\n","protected":false},"author":5,"featured_media":10490,"comment_status":"closed","ping_status":"","sticky":false,"template":"","format":"standard","meta":{"footnotes":""},"categories":[56,58,61],"tags":[],"class_list":["post-10489","post","type-post","status-publish","format-standard","has-post-thumbnail","hentry","category-bon-govern","category-collaboradors-es","category-societat"],"blocksy_meta":[],"featured_image_urls_v2":{"full":["https:\/\/fundaciohospitalariesmartorell.org\/entre-tots\/wp-content\/uploads\/2024\/12\/20241211_121713-scaled.jpg",2560,1920,false],"thumbnail":["https:\/\/fundaciohospitalariesmartorell.org\/entre-tots\/wp-content\/uploads\/2024\/12\/20241211_121713-150x150.jpg",150,150,true],"medium":["https:\/\/fundaciohospitalariesmartorell.org\/entre-tots\/wp-content\/uploads\/2024\/12\/20241211_121713-300x225.jpg",300,225,true],"medium_large":["https:\/\/fundaciohospitalariesmartorell.org\/entre-tots\/wp-content\/uploads\/2024\/12\/20241211_121713-768x576.jpg",768,576,true],"large":["https:\/\/fundaciohospitalariesmartorell.org\/entre-tots\/wp-content\/uploads\/2024\/12\/20241211_121713-1024x768.jpg",1024,768,true],"1536x1536":["https:\/\/fundaciohospitalariesmartorell.org\/entre-tots\/wp-content\/uploads\/2024\/12\/20241211_121713-1536x1152.jpg",1536,1152,true],"2048x2048":["https:\/\/fundaciohospitalariesmartorell.org\/entre-tots\/wp-content\/uploads\/2024\/12\/20241211_121713-2048x1536.jpg",2048,1536,true],"mailpoet_newsletter_max":["https:\/\/fundaciohospitalariesmartorell.org\/entre-tots\/wp-content\/uploads\/2024\/12\/20241211_121713-1320x990.jpg",1320,990,true]},"post_excerpt_stackable_v2":"<p>Un any m\u00e9s, la Comissi\u00f3 de Solidaritat de l\u2019Hospital Sagrat Cor ha liderat un conjunt d\u2019iniciatives solid\u00e0ries per recaptar fons destinats al projecte de promoci\u00f3 i millora de l\u2019atenci\u00f3 sanit\u00e0ria, terap\u00e8utica i fisioterap\u00e8utica per a dones amb malaltia mental altament vulnerables a Kazhakoottam, \u00cdndia, impulsat per la Fundaci\u00f3 Benito Menni. Entre les accions organitzades, es van posar a la venda plantes nadalenques, ramells de la sort i polseres a la recepci\u00f3 de l\u2019Hospital. Paral\u00b7lelament, unes setmanes abans, es van esgotar totes les participacions disponibles de la Loteria solid\u00e0ria. Tots els beneficis obtinguts amb aquestes activitats es destinaran \u00edntegrament al projecte&hellip;<\/p>\n","category_list_v2":"<a href=\"https:\/\/fundaciohospitalariesmartorell.org\/entre-tots\/category\/actualitat\/bon-govern\/\" rel=\"category tag\">BON GOVERN<\/a>, <a href=\"https:\/\/fundaciohospitalariesmartorell.org\/entre-tots\/category\/actualitat\/col%c2%b7laboradors-es\/\" rel=\"category tag\">COL\u00b7LABORADORS\/ES<\/a>, <a href=\"https:\/\/fundaciohospitalariesmartorell.org\/entre-tots\/category\/actualitat\/societat\/\" rel=\"category tag\">SOCIETAT<\/a>","author_info_v2":{"name":"Alba Felip","url":"https:\/\/fundaciohospitalariesmartorell.org\/entre-tots\/author\/afelipr\/"},"comments_num_v2":"0 comments","_links":{"self":[{"href":"https:\/\/fundaciohospitalariesmartorell.org\/entre-tots\/wp-json\/wp\/v2\/posts\/10489","targetHints":{"allow":["GET"]}}],"collection":[{"href":"https:\/\/fundaciohospitalariesmartorell.org\/entre-tots\/wp-json\/wp\/v2\/posts"}],"about":[{"href":"https:\/\/fundaciohospitalariesmartorell.org\/entre-tots\/wp-json\/wp\/v2\/types\/post"}],"author":[{"embeddable":true,"href":"https:\/\/fundaciohospitalariesmartorell.org\/entre-tots\/wp-json\/wp\/v2\/users\/5"}],"replies":[{"embeddable":true,"href":"https:\/\/fundaciohospitalariesmartorell.org\/entre-tots\/wp-json\/wp\/v2\/comments?post=10489"}],"version-history":[{"count":1,"href":"https:\/\/fundaciohospitalariesmartorell.org\/entre-tots\/wp-json\/wp\/v2\/posts\/10489\/revisions"}],"predecessor-version":[{"id":10493,"href":"https:\/\/fundaciohospitalariesmartorell.org\/entre-tots\/wp-json\/wp\/v2\/posts\/10489\/revisions\/10493"}],"wp:featuredmedia":[{"embeddable":true,"href":"https:\/\/fundaciohospitalariesmartorell.org\/entre-tots\/wp-json\/wp\/v2\/media\/10490"}],"wp:attachment":[{"href":"https:\/\/fundaciohospitalariesmartorell.org\/entre-tots\/wp-json\/wp\/v2\/media?parent=10489"}],"wp:term":[{"taxonomy":"category","embeddable":true,"href":"https:\/\/fundaciohospitalariesmartorell.org\/entre-tots\/wp-json\/wp\/v2\/categories?post=10489"},{"taxonomy":"post_tag","embeddable":true,"href":"https:\/\/fundaciohospitalariesmartorell.org\/entre-tots\/wp-json\/wp\/v2\/tags?post=10489"}],"curies":[{"name":"wp","href":"https:\/\/api.w.org\/{rel}","templated":true}]}}