{"id":10494,"date":"2024-12-23T10:48:11","date_gmt":"2024-12-23T09:48:11","guid":{"rendered":"https:\/\/hospitalsagratcormartorell.org\/entre-tots\/?p=10494"},"modified":"2024-12-23T11:10:20","modified_gmt":"2024-12-23T10:10:20","slug":"la-familia-hospitalaria-celebra-la-festa-de-nadal","status":"publish","type":"post","link":"https:\/\/fundaciohospitalariesmartorell.org\/entre-tots\/2024\/12\/la-familia-hospitalaria-celebra-la-festa-de-nadal\/","title":{"rendered":"La\u00a0Fam\u00edlia\u00a0Hospital\u00e0ria celebra la festa de Nadal"},"content":{"rendered":"\n<p>El passat 20 de desembre, el nostre Hospital va celebrar l\u2019acte institucional de Nadal, un esdeveniment que va reunir professionals, persones usu\u00e0ries, germanes i voluntariat a la sala d\u2019actes. Aquesta trobada va posar en valor la import\u00e0ncia d\u2019una fam\u00edlia hospital\u00e0ria unida, especialment durant aquestes dates tan assenyalades.<\/p>\n\n\n\n<p>La jornada va comen\u00e7ar amb una solemne eucaristia, oficiada per Mn. Esteve i amenitzada per la Coral de Masquefa, que va aportar un toc musical emotiu a la cerim\u00f2nia.<\/p>\n\n\n\n<figure class=\"wp-block-image size-large\"><img loading=\"lazy\" decoding=\"async\" width=\"1260\" height=\"709\" src=\"https:\/\/hospitalsagratcormartorell.org\/entre-tots\/wp-content\/uploads\/2024\/12\/image-13-edited-1.png\" alt=\"\" class=\"wp-image-10520\" srcset=\"https:\/\/fundaciohospitalariesmartorell.org\/entre-tots\/wp-content\/uploads\/2024\/12\/image-13-edited-1.png 1260w, https:\/\/fundaciohospitalariesmartorell.org\/entre-tots\/wp-content\/uploads\/2024\/12\/image-13-edited-1-300x169.png 300w, https:\/\/fundaciohospitalariesmartorell.org\/entre-tots\/wp-content\/uploads\/2024\/12\/image-13-edited-1-1024x576.png 1024w, https:\/\/fundaciohospitalariesmartorell.org\/entre-tots\/wp-content\/uploads\/2024\/12\/image-13-edited-1-768x432.png 768w\" sizes=\"auto, (max-width: 1260px) 100vw, 1260px\" \/><\/figure>\n\n\n\n<p>Seguidament, es va procedir al lliurament dels premis del Concurs de Pessebres i Decoraci\u00f3 Nadalenca 2024, <a href=\"https:\/\/flic.kr\/s\/aHBqjBVaqB\">els resultats del qual es poden consultar aqu\u00ed<\/a>.<\/p>\n\n\n\n<p>Durant l\u2019acte, el Dr. Jes\u00fas Ezquerra, gerent del Centre, va fer un reconeixement p\u00fablic a Jes\u00fas Echeverr\u00eda, oficial de manteniment de l\u2019Hospital Sagrat Cor, per muntar, per segon any consecutiu, el seu espectacular pessebre, que es pot admirar davant de la recepci\u00f3.<\/p>\n\n\n\n<figure class=\"wp-block-image size-large\"><img loading=\"lazy\" decoding=\"async\" width=\"1260\" height=\"709\" src=\"https:\/\/hospitalsagratcormartorell.org\/entre-tots\/wp-content\/uploads\/2024\/12\/image-16-edited.png\" alt=\"\" class=\"wp-image-10526\" srcset=\"https:\/\/fundaciohospitalariesmartorell.org\/entre-tots\/wp-content\/uploads\/2024\/12\/image-16-edited.png 1260w, https:\/\/fundaciohospitalariesmartorell.org\/entre-tots\/wp-content\/uploads\/2024\/12\/image-16-edited-300x169.png 300w, https:\/\/fundaciohospitalariesmartorell.org\/entre-tots\/wp-content\/uploads\/2024\/12\/image-16-edited-1024x576.png 1024w, https:\/\/fundaciohospitalariesmartorell.org\/entre-tots\/wp-content\/uploads\/2024\/12\/image-16-edited-768x432.png 768w\" sizes=\"auto, (max-width: 1260px) 100vw, 1260px\" \/><\/figure>\n\n\n\n<p>Tamb\u00e9 es va dur a terme el lliurament de premis del III Concurs de Receptes Saludables de Nadal, organitzat per la Comissi\u00f3 <em>Cuida\u2019t X Cuidar<\/em> dins del marc del projecte d\u2019empresa saludable del Centre, en la dimensi\u00f3 \u201cSom el que mengem\u201d. Les receptes guanyadores van ser:<\/p>\n\n\n\n<ul class=\"wp-block-list\">\n<li><strong>Rotllets m\u00e0gics de Nadal. <\/strong>Agust\u00edn Linares.<\/li>\n\n\n\n<li><strong>Coca de recapte<\/strong>. Carmen Mu\u00f1oz.<\/li>\n<\/ul>\n\n\n\n<figure class=\"wp-block-image size-large\"><img loading=\"lazy\" decoding=\"async\" width=\"1260\" height=\"709\" src=\"https:\/\/hospitalsagratcormartorell.org\/entre-tots\/wp-content\/uploads\/2024\/12\/image-14-edited.png\" alt=\"\" class=\"wp-image-10522\" srcset=\"https:\/\/fundaciohospitalariesmartorell.org\/entre-tots\/wp-content\/uploads\/2024\/12\/image-14-edited.png 1260w, https:\/\/fundaciohospitalariesmartorell.org\/entre-tots\/wp-content\/uploads\/2024\/12\/image-14-edited-300x169.png 300w, https:\/\/fundaciohospitalariesmartorell.org\/entre-tots\/wp-content\/uploads\/2024\/12\/image-14-edited-1024x576.png 1024w, https:\/\/fundaciohospitalariesmartorell.org\/entre-tots\/wp-content\/uploads\/2024\/12\/image-14-edited-768x432.png 768w\" sizes=\"auto, (max-width: 1260px) 100vw, 1260px\" \/><\/figure>\n\n\n\n<ul class=\"wp-block-list\">\n<li><strong>Tiramis\u00fa de mojito<\/strong>. Victor Rodr\u00edguez<\/li>\n<\/ul>\n\n\n\n<figure class=\"wp-block-image size-large\"><img loading=\"lazy\" decoding=\"async\" width=\"1260\" height=\"709\" src=\"https:\/\/hospitalsagratcormartorell.org\/entre-tots\/wp-content\/uploads\/2024\/12\/image-15-edited.png\" alt=\"\" class=\"wp-image-10524\" srcset=\"https:\/\/fundaciohospitalariesmartorell.org\/entre-tots\/wp-content\/uploads\/2024\/12\/image-15-edited.png 1260w, https:\/\/fundaciohospitalariesmartorell.org\/entre-tots\/wp-content\/uploads\/2024\/12\/image-15-edited-300x169.png 300w, https:\/\/fundaciohospitalariesmartorell.org\/entre-tots\/wp-content\/uploads\/2024\/12\/image-15-edited-1024x576.png 1024w, https:\/\/fundaciohospitalariesmartorell.org\/entre-tots\/wp-content\/uploads\/2024\/12\/image-15-edited-768x432.png 768w\" sizes=\"auto, (max-width: 1260px) 100vw, 1260px\" \/><\/figure>\n\n\n\n<p>Tot seguit, el Dr. Ezquerra, va voler dirigir unes paraules de gratitud i reconeixement a tot el personal col\u00b7laborador de l\u2019Hospital. En el seu discurs, va destacar l\u2019esfor\u00e7 i la dedicaci\u00f3 que cadascun dels professionals aporta di\u00e0riament per fer de l\u2019Hospital un espai de cura, suport i excel\u00b7l\u00e8ncia. Aix\u00ed mateix, va aprofitar l\u2019ocasi\u00f3 per transmetre els seus millors desitjos per aquestes festes de Nadal. <\/p>\n\n\n\n<p>El moment va ser completat per una intervenci\u00f3 especial de Sor Isabel, qui, malgrat no poder assistir presencialment a l\u2019acte, va fer arribar el seu afecte i els seus millors desitjos a trav\u00e9s d\u2019una presentaci\u00f3 en PowerPoint preparada especialment per a l\u2019ocasi\u00f3. Aquest gest va ser molt ben rebut per tots els presents, ja que reflectia l\u2019estima i el comprom\u00eds de Sor Isabel amb la fam\u00edlia hospital\u00e0ria, tot aportant un toc emotiu que va ressonar profundament entre els i les assistents.<\/p>\n\n\n\n<p>Com ja \u00e9s tradici\u00f3, l\u2019acte va concloure amb un aperitiu nadalenc a la cafeteria del Centre, posant un punt final c\u00e0lid i festiu a aquesta celebraci\u00f3 tan especial.<\/p>\n\n\n\n<p>Trobareu totes les imatges de la jornada, <a href=\"https:\/\/flic.kr\/s\/aHBqjBVU9M\">aqu\u00ed<\/a>. <\/p>\n\n\n\n<h2 class=\"wp-block-heading has-large-font-size\">Pins d&#8217;Or celebra la Festa de Nadal al Centre C\u00edvic de Les Tovalloles<\/h2>\n\n\n\n<figure class=\"wp-block-image size-large\"><img loading=\"lazy\" decoding=\"async\" width=\"1024\" height=\"623\" src=\"https:\/\/hospitalsagratcormartorell.org\/entre-tots\/wp-content\/uploads\/2024\/12\/image-3-1024x623.png\" alt=\"\" class=\"wp-image-10495\" srcset=\"https:\/\/fundaciohospitalariesmartorell.org\/entre-tots\/wp-content\/uploads\/2024\/12\/image-3-1024x623.png 1024w, https:\/\/fundaciohospitalariesmartorell.org\/entre-tots\/wp-content\/uploads\/2024\/12\/image-3-300x183.png 300w, https:\/\/fundaciohospitalariesmartorell.org\/entre-tots\/wp-content\/uploads\/2024\/12\/image-3-768x467.png 768w, https:\/\/fundaciohospitalariesmartorell.org\/entre-tots\/wp-content\/uploads\/2024\/12\/image-3-1536x935.png 1536w, https:\/\/fundaciohospitalariesmartorell.org\/entre-tots\/wp-content\/uploads\/2024\/12\/image-3-1320x803.png 1320w, https:\/\/fundaciohospitalariesmartorell.org\/entre-tots\/wp-content\/uploads\/2024\/12\/image-3.png 2048w\" sizes=\"auto, (max-width: 1024px) 100vw, 1024px\" \/><\/figure>\n\n\n\n<p>El dimecres 18 de desembre, l\u2019Hospital de Dia Sociosanitari Pins d\u2019Or va celebrar la seva tradicional Festa de Nadal amb persones usu\u00e0ries i fam\u00edlies, un esdeveniment que aquest any ha estat especial per diverses raons. Per primera vegada, la festa s\u2019ha realitzat fora de les instal\u00b7lacions habituals de l\u2019Hospital de Dia, al Centre C\u00edvic de Les Tovalloles, a causa de l\u2019elevada participaci\u00f3 de fam\u00edlies que ha fet que la nostra sala qued\u00e9s petita.<\/p>\n\n\n\n<p>La festa va estar carregada d\u2019emoci\u00f3 i tothom va participar activament segons les seves capacitats i prefer\u00e8ncies. Els mateixos pacients van triar les activitats i actuacions, assegurant que fossin propostes amb les quals se sentissin identificats i que, alhora, tinguessin un component terap\u00e8utic. L\u2019acte va estar condu\u00eft per un dels usuaris, que va assumir el rol de presentador amb gran entusiasme. Aquesta tasca no nom\u00e9s va ser un repte personal per a ell, sin\u00f3 tamb\u00e9 una oportunitat per fomentar la seva comunicaci\u00f3, donat que t\u00e9 dificultats per parlar.<\/p>\n\n\n\n<figure class=\"wp-block-gallery has-nested-images columns-default is-cropped wp-block-gallery-1 is-layout-flex wp-block-gallery-is-layout-flex\">\n<figure class=\"wp-block-image size-large\"><img loading=\"lazy\" decoding=\"async\" width=\"1024\" height=\"768\" data-id=\"10496\" src=\"https:\/\/hospitalsagratcormartorell.org\/entre-tots\/wp-content\/uploads\/2024\/12\/image-4-1024x768.png\" alt=\"\" class=\"wp-image-10496\" srcset=\"https:\/\/fundaciohospitalariesmartorell.org\/entre-tots\/wp-content\/uploads\/2024\/12\/image-4-1024x768.png 1024w, https:\/\/fundaciohospitalariesmartorell.org\/entre-tots\/wp-content\/uploads\/2024\/12\/image-4-300x225.png 300w, https:\/\/fundaciohospitalariesmartorell.org\/entre-tots\/wp-content\/uploads\/2024\/12\/image-4-768x576.png 768w, https:\/\/fundaciohospitalariesmartorell.org\/entre-tots\/wp-content\/uploads\/2024\/12\/image-4-1536x1152.png 1536w, https:\/\/fundaciohospitalariesmartorell.org\/entre-tots\/wp-content\/uploads\/2024\/12\/image-4-1320x990.png 1320w, https:\/\/fundaciohospitalariesmartorell.org\/entre-tots\/wp-content\/uploads\/2024\/12\/image-4.png 1920w\" sizes=\"auto, (max-width: 1024px) 100vw, 1024px\" \/><\/figure>\n\n\n\n<figure class=\"wp-block-image size-large\"><img loading=\"lazy\" decoding=\"async\" width=\"1024\" height=\"768\" data-id=\"10497\" src=\"https:\/\/hospitalsagratcormartorell.org\/entre-tots\/wp-content\/uploads\/2024\/12\/image-5-1024x768.png\" alt=\"\" class=\"wp-image-10497\" srcset=\"https:\/\/fundaciohospitalariesmartorell.org\/entre-tots\/wp-content\/uploads\/2024\/12\/image-5-1024x768.png 1024w, https:\/\/fundaciohospitalariesmartorell.org\/entre-tots\/wp-content\/uploads\/2024\/12\/image-5-300x225.png 300w, https:\/\/fundaciohospitalariesmartorell.org\/entre-tots\/wp-content\/uploads\/2024\/12\/image-5-768x576.png 768w, https:\/\/fundaciohospitalariesmartorell.org\/entre-tots\/wp-content\/uploads\/2024\/12\/image-5-1536x1152.png 1536w, https:\/\/fundaciohospitalariesmartorell.org\/entre-tots\/wp-content\/uploads\/2024\/12\/image-5-1320x990.png 1320w, https:\/\/fundaciohospitalariesmartorell.org\/entre-tots\/wp-content\/uploads\/2024\/12\/image-5.png 1920w\" sizes=\"auto, (max-width: 1024px) 100vw, 1024px\" \/><\/figure>\n\n\n\n<figure class=\"wp-block-image size-large\"><img loading=\"lazy\" decoding=\"async\" width=\"1024\" height=\"768\" data-id=\"10498\" src=\"https:\/\/hospitalsagratcormartorell.org\/entre-tots\/wp-content\/uploads\/2024\/12\/image-6-1024x768.png\" alt=\"\" class=\"wp-image-10498\" srcset=\"https:\/\/fundaciohospitalariesmartorell.org\/entre-tots\/wp-content\/uploads\/2024\/12\/image-6-1024x768.png 1024w, https:\/\/fundaciohospitalariesmartorell.org\/entre-tots\/wp-content\/uploads\/2024\/12\/image-6-300x225.png 300w, https:\/\/fundaciohospitalariesmartorell.org\/entre-tots\/wp-content\/uploads\/2024\/12\/image-6-768x576.png 768w, https:\/\/fundaciohospitalariesmartorell.org\/entre-tots\/wp-content\/uploads\/2024\/12\/image-6-1536x1152.png 1536w, https:\/\/fundaciohospitalariesmartorell.org\/entre-tots\/wp-content\/uploads\/2024\/12\/image-6-1320x990.png 1320w, https:\/\/fundaciohospitalariesmartorell.org\/entre-tots\/wp-content\/uploads\/2024\/12\/image-6.png 1920w\" sizes=\"auto, (max-width: 1024px) 100vw, 1024px\" \/><\/figure>\n<\/figure>\n\n\n\n<p><\/p>\n\n\n\n<h2 class=\"wp-block-heading\">Benedicci\u00f3 del Pessebre i preg\u00f3 de la Dra. Castilla<\/h2>\n\n\n\n<figure class=\"wp-block-image size-large\"><img loading=\"lazy\" decoding=\"async\" width=\"1024\" height=\"576\" src=\"https:\/\/hospitalsagratcormartorell.org\/entre-tots\/wp-content\/uploads\/2024\/12\/WhatsApp-Image-2024-12-16-at-08.23.24-1024x576.jpeg\" alt=\"\" class=\"wp-image-10531\" srcset=\"https:\/\/fundaciohospitalariesmartorell.org\/entre-tots\/wp-content\/uploads\/2024\/12\/WhatsApp-Image-2024-12-16-at-08.23.24-1024x576.jpeg 1024w, https:\/\/fundaciohospitalariesmartorell.org\/entre-tots\/wp-content\/uploads\/2024\/12\/WhatsApp-Image-2024-12-16-at-08.23.24-300x169.jpeg 300w, https:\/\/fundaciohospitalariesmartorell.org\/entre-tots\/wp-content\/uploads\/2024\/12\/WhatsApp-Image-2024-12-16-at-08.23.24-768x432.jpeg 768w, https:\/\/fundaciohospitalariesmartorell.org\/entre-tots\/wp-content\/uploads\/2024\/12\/WhatsApp-Image-2024-12-16-at-08.23.24-1536x864.jpeg 1536w, https:\/\/fundaciohospitalariesmartorell.org\/entre-tots\/wp-content\/uploads\/2024\/12\/WhatsApp-Image-2024-12-16-at-08.23.24-2048x1152.jpeg 2048w, https:\/\/fundaciohospitalariesmartorell.org\/entre-tots\/wp-content\/uploads\/2024\/12\/WhatsApp-Image-2024-12-16-at-08.23.24-1320x743.jpeg 1320w\" sizes=\"auto, (max-width: 1024px) 100vw, 1024px\" \/><\/figure>\n\n\n\n<p>El dia 12 de desembre a les 11 h, l&#8217;Hospital va donar la benvinguda a les festes de Nadal amb un acte emotiu i carregat de simbolisme. L&#8217;esdeveniment va comen\u00e7ar amb la interpretaci\u00f3 d&#8217;una nadala, mentre les persones assistents continuaven arribant, creant una atmosfera c\u00e0lida i festiva.<\/p>\n\n\n\n<p>El moss\u00e8n va\u00a0tenir\u00a0un paper destacat en l&#8217;acte, dedicant unes paraules plenes d&#8217;esperan\u00e7a, seguides de la benedicci\u00f3 del pessebre. Aquest pessebre, un aut\u00e8ntic testimoni de dedicaci\u00f3 i creativitat, ha estat donat al centre i muntat pel nostre company Jes\u00fas amb l&#8217;ajuda de la seva esposa,\u00a0Maria Carmen.<\/p>\n\n\n\n<p>La celebraci\u00f3 va\u00a0continuar\u00a0amb el preg\u00f3 de Nadal a c\u00e0rrec de la Dra.\u00a0Castilla, qui amb un discurs emotiu va inaugurar oficialment aquesta \u00e8poca tan especial per a la comunitat. Finalment, per tancar l&#8217;acte, les persones assistents van unir les seves veus per cantar diverses nadales, omplint el centre d&#8217;esperit festiu i alegria.<\/p>\n","protected":false},"excerpt":{"rendered":"<p>El passat 20 de desembre, el nostre Hospital va celebrar l\u2019acte institucional de Nadal, un esdeveniment que va reunir professionals, persones usu\u00e0ries, germanes i voluntariat a la sala d\u2019actes. Aquesta trobada va posar en valor la import\u00e0ncia d\u2019una fam\u00edlia hospital\u00e0ria unida, especialment durant aquestes dates tan assenyalades. La jornada va comen\u00e7ar amb una solemne eucaristia, [&hellip;]<\/p>\n","protected":false},"author":5,"featured_media":10505,"comment_status":"closed","ping_status":"closed","sticky":false,"template":"","format":"standard","meta":{"footnotes":""},"categories":[27],"tags":[],"class_list":["post-10494","post","type-post","status-publish","format-standard","has-post-thumbnail","hentry","category-actualitat"],"blocksy_meta":[],"featured_image_urls_v2":{"full":["https:\/\/fundaciohospitalariesmartorell.org\/entre-tots\/wp-content\/uploads\/2024\/12\/image-7.png",1260,945,false],"thumbnail":["https:\/\/fundaciohospitalariesmartorell.org\/entre-tots\/wp-content\/uploads\/2024\/12\/image-7-150x150.png",150,150,true],"medium":["https:\/\/fundaciohospitalariesmartorell.org\/entre-tots\/wp-content\/uploads\/2024\/12\/image-7-300x225.png",300,225,true],"medium_large":["https:\/\/fundaciohospitalariesmartorell.org\/entre-tots\/wp-content\/uploads\/2024\/12\/image-7-768x576.png",768,576,true],"large":["https:\/\/fundaciohospitalariesmartorell.org\/entre-tots\/wp-content\/uploads\/2024\/12\/image-7-1024x768.png",1024,768,true],"1536x1536":["https:\/\/fundaciohospitalariesmartorell.org\/entre-tots\/wp-content\/uploads\/2024\/12\/image-7.png",1260,945,false],"2048x2048":["https:\/\/fundaciohospitalariesmartorell.org\/entre-tots\/wp-content\/uploads\/2024\/12\/image-7.png",1260,945,false],"mailpoet_newsletter_max":["https:\/\/fundaciohospitalariesmartorell.org\/entre-tots\/wp-content\/uploads\/2024\/12\/image-7.png",1260,945,false]},"post_excerpt_stackable_v2":"<p>El passat 20 de desembre, el nostre Hospital va celebrar l\u2019acte institucional de Nadal, un esdeveniment que va reunir professionals, persones usu\u00e0ries, germanes i voluntariat a la sala d\u2019actes. Aquesta trobada va posar en valor la import\u00e0ncia d\u2019una fam\u00edlia hospital\u00e0ria unida, especialment durant aquestes dates tan assenyalades. La jornada va comen\u00e7ar amb una solemne eucaristia, oficiada per Mn. Esteve i amenitzada per la Coral de Masquefa, que va aportar un toc musical emotiu a la cerim\u00f2nia. Seguidament, es va procedir al lliurament dels premis del Concurs de Pessebres i Decoraci\u00f3 Nadalenca 2024, els resultats del qual es poden consultar aqu\u00ed.&hellip;<\/p>\n","category_list_v2":"<a href=\"https:\/\/fundaciohospitalariesmartorell.org\/entre-tots\/category\/actualitat\/\" rel=\"category tag\">ACTUALITAT<\/a>","author_info_v2":{"name":"Alba Felip","url":"https:\/\/fundaciohospitalariesmartorell.org\/entre-tots\/author\/afelipr\/"},"comments_num_v2":"0 comments","_links":{"self":[{"href":"https:\/\/fundaciohospitalariesmartorell.org\/entre-tots\/wp-json\/wp\/v2\/posts\/10494","targetHints":{"allow":["GET"]}}],"collection":[{"href":"https:\/\/fundaciohospitalariesmartorell.org\/entre-tots\/wp-json\/wp\/v2\/posts"}],"about":[{"href":"https:\/\/fundaciohospitalariesmartorell.org\/entre-tots\/wp-json\/wp\/v2\/types\/post"}],"author":[{"embeddable":true,"href":"https:\/\/fundaciohospitalariesmartorell.org\/entre-tots\/wp-json\/wp\/v2\/users\/5"}],"replies":[{"embeddable":true,"href":"https:\/\/fundaciohospitalariesmartorell.org\/entre-tots\/wp-json\/wp\/v2\/comments?post=10494"}],"version-history":[{"count":3,"href":"https:\/\/fundaciohospitalariesmartorell.org\/entre-tots\/wp-json\/wp\/v2\/posts\/10494\/revisions"}],"predecessor-version":[{"id":10532,"href":"https:\/\/fundaciohospitalariesmartorell.org\/entre-tots\/wp-json\/wp\/v2\/posts\/10494\/revisions\/10532"}],"wp:featuredmedia":[{"embeddable":true,"href":"https:\/\/fundaciohospitalariesmartorell.org\/entre-tots\/wp-json\/wp\/v2\/media\/10505"}],"wp:attachment":[{"href":"https:\/\/fundaciohospitalariesmartorell.org\/entre-tots\/wp-json\/wp\/v2\/media?parent=10494"}],"wp:term":[{"taxonomy":"category","embeddable":true,"href":"https:\/\/fundaciohospitalariesmartorell.org\/entre-tots\/wp-json\/wp\/v2\/categories?post=10494"},{"taxonomy":"post_tag","embeddable":true,"href":"https:\/\/fundaciohospitalariesmartorell.org\/entre-tots\/wp-json\/wp\/v2\/tags?post=10494"}],"curies":[{"name":"wp","href":"https:\/\/api.w.org\/{rel}","templated":true}]}}