{"id":10500,"date":"2024-12-20T10:22:26","date_gmt":"2024-12-20T09:22:26","guid":{"rendered":"https:\/\/hospitalsagratcormartorell.org\/entre-tots\/?p=10500"},"modified":"2024-12-24T12:20:17","modified_gmt":"2024-12-24T11:20:17","slug":"pianos-vius-cedeix-un-piano-a-lhospital-sagrat-cor-de-martorell","status":"publish","type":"post","link":"https:\/\/fundaciohospitalariesmartorell.org\/entre-tots\/2024\/12\/pianos-vius-cedeix-un-piano-a-lhospital-sagrat-cor-de-martorell\/","title":{"rendered":"Pianos Vius cedeix un piano a l\u2019Hospital Sagrat Cor de Martorell"},"content":{"rendered":"\n<p>Aquest mes de desembre,&nbsp;<strong>Pianos Vius<\/strong>, associaci\u00f3 cultural sense \u00e0nim de lucre dedicada a promoure la m\u00fasica en tots els seus \u00e0mbits i estils, especialment mitjan\u00e7ant l\u2019\u00fas del piano com a eina per omplir d\u2019harmonia i emocions els espais p\u00fablics, ha cedit un piano a l\u2019Hospital Sagrat Cor de Martorell. L\u2019instrument romandr\u00e0 al centre durant almenys un any.<\/p>\n\n\n\n<p>Aquesta iniciativa, nascuda amb l\u2019objectiu d\u2019enriquir l\u2019ambient del centre i oferir moments de serenitat, inspiraci\u00f3 i benestar, reflecteix el comprom\u00eds de&nbsp;<strong>Pianos Vius<\/strong>&nbsp;amb la promoci\u00f3 de la cultura i el suport a la comunitat.<\/p>\n\n\n\n<p>L\u2019acc\u00e9s al piano, ubicat a la cafeteria, est\u00e0 reservat a persones amb coneixements musicals previs, per garantir una experi\u00e8ncia de qualitat que sigui agradable per a tots els usuaris que comparteixen aquest espai, aix\u00ed com per preservar el bon estat de l&#8217;instrument.<\/p>\n\n\n\n<p>Des de l\u2019Hospital Sagrat Cor de Martorell, volem expressar el nostre sincer agra\u00efment a&nbsp;<strong>Pianos Vius<\/strong>&nbsp;per fer possible aquesta aportaci\u00f3 tan enriquidora. Animem a totes aquelles persones que compleixin els requisits a aprofitar aquesta oportunitat per gaudir i fer gaudir de la m\u00fasica en aquest nou rac\u00f3 mel\u00f2dic del nostre hospital.<\/p>\n","protected":false},"excerpt":{"rendered":"<p>Aquest mes de desembre,&nbsp;Pianos Vius, associaci\u00f3 cultural sense \u00e0nim de lucre dedicada a promoure la m\u00fasica en tots els seus \u00e0mbits i estils, especialment mitjan\u00e7ant l\u2019\u00fas del piano com a eina per omplir d\u2019harmonia i emocions els espais p\u00fablics, ha cedit un piano a l\u2019Hospital Sagrat Cor de Martorell. L\u2019instrument romandr\u00e0 al centre durant almenys [&hellip;]<\/p>\n","protected":false},"author":5,"featured_media":10533,"comment_status":"closed","ping_status":"closed","sticky":false,"template":"","format":"standard","meta":{"footnotes":""},"categories":[27],"tags":[],"class_list":["post-10500","post","type-post","status-publish","format-standard","has-post-thumbnail","hentry","category-actualitat"],"blocksy_meta":[],"featured_image_urls_v2":{"full":["https:\/\/fundaciohospitalariesmartorell.org\/entre-tots\/wp-content\/uploads\/2024\/12\/WhatsApp-Image-2024-12-23-at-11.15.17-e1735039210400.jpeg",2048,1318,false],"thumbnail":["https:\/\/fundaciohospitalariesmartorell.org\/entre-tots\/wp-content\/uploads\/2024\/12\/WhatsApp-Image-2024-12-23-at-11.15.17-e1735039210400-150x150.jpeg",150,150,true],"medium":["https:\/\/fundaciohospitalariesmartorell.org\/entre-tots\/wp-content\/uploads\/2024\/12\/WhatsApp-Image-2024-12-23-at-11.15.17-e1735039210400-300x193.jpeg",300,193,true],"medium_large":["https:\/\/fundaciohospitalariesmartorell.org\/entre-tots\/wp-content\/uploads\/2024\/12\/WhatsApp-Image-2024-12-23-at-11.15.17-e1735039210400-768x494.jpeg",768,494,true],"large":["https:\/\/fundaciohospitalariesmartorell.org\/entre-tots\/wp-content\/uploads\/2024\/12\/WhatsApp-Image-2024-12-23-at-11.15.17-e1735039210400-1024x659.jpeg",1024,659,true],"1536x1536":["https:\/\/fundaciohospitalariesmartorell.org\/entre-tots\/wp-content\/uploads\/2024\/12\/WhatsApp-Image-2024-12-23-at-11.15.17-e1735039210400-1536x989.jpeg",1536,989,true],"2048x2048":["https:\/\/fundaciohospitalariesmartorell.org\/entre-tots\/wp-content\/uploads\/2024\/12\/WhatsApp-Image-2024-12-23-at-11.15.17-e1735039210400.jpeg",2048,1318,false],"mailpoet_newsletter_max":["https:\/\/fundaciohospitalariesmartorell.org\/entre-tots\/wp-content\/uploads\/2024\/12\/WhatsApp-Image-2024-12-23-at-11.15.17-e1735039210400-1320x849.jpeg",1320,849,true]},"post_excerpt_stackable_v2":"<p>Aquest mes de desembre,&nbsp;Pianos Vius, associaci\u00f3 cultural sense \u00e0nim de lucre dedicada a promoure la m\u00fasica en tots els seus \u00e0mbits i estils, especialment mitjan\u00e7ant l\u2019\u00fas del piano com a eina per omplir d\u2019harmonia i emocions els espais p\u00fablics, ha cedit un piano a l\u2019Hospital Sagrat Cor de Martorell. L\u2019instrument romandr\u00e0 al centre durant almenys un any. Aquesta iniciativa, nascuda amb l\u2019objectiu d\u2019enriquir l\u2019ambient del centre i oferir moments de serenitat, inspiraci\u00f3 i benestar, reflecteix el comprom\u00eds de&nbsp;Pianos Vius&nbsp;amb la promoci\u00f3 de la cultura i el suport a la comunitat. L\u2019acc\u00e9s al piano, ubicat a la cafeteria, est\u00e0 reservat a&hellip;<\/p>\n","category_list_v2":"<a href=\"https:\/\/fundaciohospitalariesmartorell.org\/entre-tots\/category\/actualitat\/\" rel=\"category tag\">ACTUALITAT<\/a>","author_info_v2":{"name":"Alba Felip","url":"https:\/\/fundaciohospitalariesmartorell.org\/entre-tots\/author\/afelipr\/"},"comments_num_v2":"0 comments","_links":{"self":[{"href":"https:\/\/fundaciohospitalariesmartorell.org\/entre-tots\/wp-json\/wp\/v2\/posts\/10500","targetHints":{"allow":["GET"]}}],"collection":[{"href":"https:\/\/fundaciohospitalariesmartorell.org\/entre-tots\/wp-json\/wp\/v2\/posts"}],"about":[{"href":"https:\/\/fundaciohospitalariesmartorell.org\/entre-tots\/wp-json\/wp\/v2\/types\/post"}],"author":[{"embeddable":true,"href":"https:\/\/fundaciohospitalariesmartorell.org\/entre-tots\/wp-json\/wp\/v2\/users\/5"}],"replies":[{"embeddable":true,"href":"https:\/\/fundaciohospitalariesmartorell.org\/entre-tots\/wp-json\/wp\/v2\/comments?post=10500"}],"version-history":[{"count":1,"href":"https:\/\/fundaciohospitalariesmartorell.org\/entre-tots\/wp-json\/wp\/v2\/posts\/10500\/revisions"}],"predecessor-version":[{"id":10502,"href":"https:\/\/fundaciohospitalariesmartorell.org\/entre-tots\/wp-json\/wp\/v2\/posts\/10500\/revisions\/10502"}],"wp:featuredmedia":[{"embeddable":true,"href":"https:\/\/fundaciohospitalariesmartorell.org\/entre-tots\/wp-json\/wp\/v2\/media\/10533"}],"wp:attachment":[{"href":"https:\/\/fundaciohospitalariesmartorell.org\/entre-tots\/wp-json\/wp\/v2\/media?parent=10500"}],"wp:term":[{"taxonomy":"category","embeddable":true,"href":"https:\/\/fundaciohospitalariesmartorell.org\/entre-tots\/wp-json\/wp\/v2\/categories?post=10500"},{"taxonomy":"post_tag","embeddable":true,"href":"https:\/\/fundaciohospitalariesmartorell.org\/entre-tots\/wp-json\/wp\/v2\/tags?post=10500"}],"curies":[{"name":"wp","href":"https:\/\/api.w.org\/{rel}","templated":true}]}}