{"id":10503,"date":"2024-12-23T09:03:12","date_gmt":"2024-12-23T08:03:12","guid":{"rendered":"https:\/\/hospitalsagratcormartorell.org\/entre-tots\/?p=10503"},"modified":"2024-12-23T11:00:39","modified_gmt":"2024-12-23T10:00:39","slug":"creativitat-esforc-i-participacio-en-el-concurs-de-pessebres-i-decoracio-nadalenca","status":"publish","type":"post","link":"https:\/\/fundaciohospitalariesmartorell.org\/entre-tots\/2024\/12\/creativitat-esforc-i-participacio-en-el-concurs-de-pessebres-i-decoracio-nadalenca\/","title":{"rendered":"Creativitat, esfor\u00e7 i participaci\u00f3 en el concurs de pessebres i decoraci\u00f3 nadalenca"},"content":{"rendered":"\n<p>Els diferents serveis de l\u2019Hospital Sagrat Cor s&#8217;han guarnit, un any m\u00e9s, de Nadal. L&#8217;objectiu? Crear un ambient festiu i participar en el concurs de pessebres i decoraci\u00f3 de Nadal. A mitjan desembre, el jurat va valorar els <strong>19 treballs presentats<\/strong> per persones usu\u00e0ries i personal col\u00b7laborador. Despr\u00e9s de molta deliberaci\u00f3, el jurat va arribar a les seg\u00fcents resolucions, reconeixent la <strong>creativitat, l\u2019esfor\u00e7 i la participaci\u00f3<\/strong> en totes les categories del concurs:<\/p>\n\n\n\n<p><strong>Categoria <strong>Psicogeriatria<\/strong><\/strong>:<\/p>\n\n\n\n<ul class=\"wp-block-list\">\n<li><strong>Primer Premi<\/strong>: Hospital de Dia de Sant Feliu (pel bonic i original arbre volador, la participaci\u00f3 i l&#8217;esperit de Nadal).<\/li>\n<\/ul>\n\n\n\n<figure class=\"wp-block-image size-large\"><img loading=\"lazy\" decoding=\"async\" width=\"1260\" height=\"709\" src=\"https:\/\/hospitalsagratcormartorell.org\/entre-tots\/wp-content\/uploads\/2024\/12\/image-10-edited.png\" alt=\"\" class=\"wp-image-10512\" srcset=\"https:\/\/fundaciohospitalariesmartorell.org\/entre-tots\/wp-content\/uploads\/2024\/12\/image-10-edited.png 1260w, https:\/\/fundaciohospitalariesmartorell.org\/entre-tots\/wp-content\/uploads\/2024\/12\/image-10-edited-300x169.png 300w, https:\/\/fundaciohospitalariesmartorell.org\/entre-tots\/wp-content\/uploads\/2024\/12\/image-10-edited-1024x576.png 1024w, https:\/\/fundaciohospitalariesmartorell.org\/entre-tots\/wp-content\/uploads\/2024\/12\/image-10-edited-768x432.png 768w\" sizes=\"auto, (max-width: 1260px) 100vw, 1260px\" \/><\/figure>\n\n\n\n<ul class=\"wp-block-list\">\n<li><strong>Segon Premi<\/strong>: Convalesc\u00e8ncia 1 i 2 (per l&#8217;originalitat i pels seus racons entranyables).<\/li>\n<\/ul>\n\n\n\n<figure class=\"wp-block-image size-large\"><img loading=\"lazy\" decoding=\"async\" width=\"1260\" height=\"709\" src=\"https:\/\/hospitalsagratcormartorell.org\/entre-tots\/wp-content\/uploads\/2024\/12\/image-9-edited.png\" alt=\"\" class=\"wp-image-10510\" srcset=\"https:\/\/fundaciohospitalariesmartorell.org\/entre-tots\/wp-content\/uploads\/2024\/12\/image-9-edited.png 1260w, https:\/\/fundaciohospitalariesmartorell.org\/entre-tots\/wp-content\/uploads\/2024\/12\/image-9-edited-300x169.png 300w, https:\/\/fundaciohospitalariesmartorell.org\/entre-tots\/wp-content\/uploads\/2024\/12\/image-9-edited-1024x576.png 1024w, https:\/\/fundaciohospitalariesmartorell.org\/entre-tots\/wp-content\/uploads\/2024\/12\/image-9-edited-768x432.png 768w\" sizes=\"auto, (max-width: 1260px) 100vw, 1260px\" \/><\/figure>\n\n\n\n<p><strong>Categoria Serveis Comunitaris<\/strong>:<\/p>\n\n\n\n<ul class=\"wp-block-list\">\n<li><strong>Primer Premi<\/strong>: Hospital de Dia de Vilafranca (pel treball en equip i la utilitzaci\u00f3 de productes de proximitat).<\/li>\n<\/ul>\n\n\n\n<figure class=\"wp-block-image size-large\"><img loading=\"lazy\" decoding=\"async\" width=\"1260\" height=\"709\" src=\"https:\/\/hospitalsagratcormartorell.org\/entre-tots\/wp-content\/uploads\/2024\/12\/image-12-edited.png\" alt=\"\" class=\"wp-image-10516\" srcset=\"https:\/\/fundaciohospitalariesmartorell.org\/entre-tots\/wp-content\/uploads\/2024\/12\/image-12-edited.png 1260w, https:\/\/fundaciohospitalariesmartorell.org\/entre-tots\/wp-content\/uploads\/2024\/12\/image-12-edited-300x169.png 300w, https:\/\/fundaciohospitalariesmartorell.org\/entre-tots\/wp-content\/uploads\/2024\/12\/image-12-edited-1024x576.png 1024w, https:\/\/fundaciohospitalariesmartorell.org\/entre-tots\/wp-content\/uploads\/2024\/12\/image-12-edited-768x432.png 768w\" sizes=\"auto, (max-width: 1260px) 100vw, 1260px\" \/><\/figure>\n\n\n\n<ul class=\"wp-block-list\">\n<li><strong>Segon Premi<\/strong>: SRC Martorell (per la ubicaci\u00f3 i la tridimensionalitat de la decoraci\u00f3).<\/li>\n<\/ul>\n\n\n\n<figure class=\"wp-block-image size-large\"><img loading=\"lazy\" decoding=\"async\" width=\"1260\" height=\"709\" src=\"https:\/\/hospitalsagratcormartorell.org\/entre-tots\/wp-content\/uploads\/2024\/12\/image-11-edited.png\" alt=\"\" class=\"wp-image-10514\" srcset=\"https:\/\/fundaciohospitalariesmartorell.org\/entre-tots\/wp-content\/uploads\/2024\/12\/image-11-edited.png 1260w, https:\/\/fundaciohospitalariesmartorell.org\/entre-tots\/wp-content\/uploads\/2024\/12\/image-11-edited-300x169.png 300w, https:\/\/fundaciohospitalariesmartorell.org\/entre-tots\/wp-content\/uploads\/2024\/12\/image-11-edited-1024x576.png 1024w, https:\/\/fundaciohospitalariesmartorell.org\/entre-tots\/wp-content\/uploads\/2024\/12\/image-11-edited-768x432.png 768w\" sizes=\"auto, (max-width: 1260px) 100vw, 1260px\" \/><\/figure>\n\n\n\n<p><strong>Categoria Psiquiatria<\/strong>:<\/p>\n\n\n\n<ul class=\"wp-block-list\">\n<li><strong>Primer Premi<\/strong>: RHB 2 (per la participaci\u00f3 dels usuaris i la calidesa).<\/li>\n<\/ul>\n\n\n\n<figure class=\"wp-block-image size-large\"><img loading=\"lazy\" decoding=\"async\" width=\"1260\" height=\"709\" src=\"https:\/\/hospitalsagratcormartorell.org\/entre-tots\/wp-content\/uploads\/2024\/12\/image-8-edited.png\" alt=\"\" class=\"wp-image-10508\" srcset=\"https:\/\/fundaciohospitalariesmartorell.org\/entre-tots\/wp-content\/uploads\/2024\/12\/image-8-edited.png 1260w, https:\/\/fundaciohospitalariesmartorell.org\/entre-tots\/wp-content\/uploads\/2024\/12\/image-8-edited-300x169.png 300w, https:\/\/fundaciohospitalariesmartorell.org\/entre-tots\/wp-content\/uploads\/2024\/12\/image-8-edited-1024x576.png 1024w, https:\/\/fundaciohospitalariesmartorell.org\/entre-tots\/wp-content\/uploads\/2024\/12\/image-8-edited-768x432.png 768w\" sizes=\"auto, (max-width: 1260px) 100vw, 1260px\" \/><\/figure>\n\n\n\n<ul class=\"wp-block-list\">\n<li><strong>Segon Premi<\/strong>: RHB 5 i TCA (per la laboriositat i la diversitat).<\/li>\n<\/ul>\n\n\n\n<figure class=\"wp-block-image size-large\"><img loading=\"lazy\" decoding=\"async\" width=\"1260\" height=\"709\" src=\"https:\/\/hospitalsagratcormartorell.org\/entre-tots\/wp-content\/uploads\/2024\/12\/image-7-edited.png\" alt=\"\" class=\"wp-image-10506\" srcset=\"https:\/\/fundaciohospitalariesmartorell.org\/entre-tots\/wp-content\/uploads\/2024\/12\/image-7-edited.png 1260w, https:\/\/fundaciohospitalariesmartorell.org\/entre-tots\/wp-content\/uploads\/2024\/12\/image-7-edited-300x169.png 300w, https:\/\/fundaciohospitalariesmartorell.org\/entre-tots\/wp-content\/uploads\/2024\/12\/image-7-edited-1024x576.png 1024w, https:\/\/fundaciohospitalariesmartorell.org\/entre-tots\/wp-content\/uploads\/2024\/12\/image-7-edited-768x432.png 768w\" sizes=\"auto, (max-width: 1260px) 100vw, 1260px\" \/><\/figure>\n\n\n\n<p>El jurat vol fer un reconeixement especial a totes les persones usu\u00e0ries i al personal col\u00b7laborador per la seva participaci\u00f3 i el seu esperit nadalenc, que han fet possible, un any m\u00e9s, crear un espai ple de creativitat i col\u00b7laboraci\u00f3 al voltant de Nadal. Aquesta col\u00b7laboraci\u00f3 ens ajuda a continuar oferint el millor de nosaltres mateixos.<\/p>\n\n\n\n<p>Podeu trobar totes les <strong><a href=\"https:\/\/flic.kr\/s\/aHBqjBVaqB\">fotos del concurs de pessebres en aquest enlla\u00e7<\/a><\/strong>.<\/p>\n","protected":false},"excerpt":{"rendered":"<p>Els diferents serveis de l\u2019Hospital Sagrat Cor s&#8217;han guarnit, un any m\u00e9s, de Nadal. L&#8217;objectiu? Crear un ambient festiu i participar en el concurs de pessebres i decoraci\u00f3 de Nadal. A mitjan desembre, el jurat va valorar els 19 treballs presentats per persones usu\u00e0ries i personal col\u00b7laborador. Despr\u00e9s de molta deliberaci\u00f3, el jurat va arribar [&hellip;]<\/p>\n","protected":false},"author":5,"featured_media":10504,"comment_status":"closed","ping_status":"closed","sticky":false,"template":"","format":"standard","meta":{"footnotes":""},"categories":[27],"tags":[],"class_list":["post-10503","post","type-post","status-publish","format-standard","has-post-thumbnail","hentry","category-actualitat"],"blocksy_meta":[],"featured_image_urls_v2":{"full":["https:\/\/fundaciohospitalariesmartorell.org\/entre-tots\/wp-content\/uploads\/2024\/12\/HD-SANT-FELIU-1.jpg",2040,1530,false],"thumbnail":["https:\/\/fundaciohospitalariesmartorell.org\/entre-tots\/wp-content\/uploads\/2024\/12\/HD-SANT-FELIU-1-150x150.jpg",150,150,true],"medium":["https:\/\/fundaciohospitalariesmartorell.org\/entre-tots\/wp-content\/uploads\/2024\/12\/HD-SANT-FELIU-1-300x225.jpg",300,225,true],"medium_large":["https:\/\/fundaciohospitalariesmartorell.org\/entre-tots\/wp-content\/uploads\/2024\/12\/HD-SANT-FELIU-1-768x576.jpg",768,576,true],"large":["https:\/\/fundaciohospitalariesmartorell.org\/entre-tots\/wp-content\/uploads\/2024\/12\/HD-SANT-FELIU-1-1024x768.jpg",1024,768,true],"1536x1536":["https:\/\/fundaciohospitalariesmartorell.org\/entre-tots\/wp-content\/uploads\/2024\/12\/HD-SANT-FELIU-1-1536x1152.jpg",1536,1152,true],"2048x2048":["https:\/\/fundaciohospitalariesmartorell.org\/entre-tots\/wp-content\/uploads\/2024\/12\/HD-SANT-FELIU-1.jpg",2040,1530,false],"mailpoet_newsletter_max":["https:\/\/fundaciohospitalariesmartorell.org\/entre-tots\/wp-content\/uploads\/2024\/12\/HD-SANT-FELIU-1-1320x990.jpg",1320,990,true]},"post_excerpt_stackable_v2":"<p>Els diferents serveis de l\u2019Hospital Sagrat Cor s&#8217;han guarnit, un any m\u00e9s, de Nadal. L&#8217;objectiu? Crear un ambient festiu i participar en el concurs de pessebres i decoraci\u00f3 de Nadal. A mitjan desembre, el jurat va valorar els 19 treballs presentats per persones usu\u00e0ries i personal col\u00b7laborador. Despr\u00e9s de molta deliberaci\u00f3, el jurat va arribar a les seg\u00fcents resolucions, reconeixent la creativitat, l\u2019esfor\u00e7 i la participaci\u00f3 en totes les categories del concurs: Categoria Psicogeriatria: Primer Premi: Hospital de Dia de Sant Feliu (pel bonic i original arbre volador, la participaci\u00f3 i l&#8217;esperit de Nadal). Segon Premi: Convalesc\u00e8ncia 1 i 2&hellip;<\/p>\n","category_list_v2":"<a href=\"https:\/\/fundaciohospitalariesmartorell.org\/entre-tots\/category\/actualitat\/\" rel=\"category tag\">ACTUALITAT<\/a>","author_info_v2":{"name":"Alba Felip","url":"https:\/\/fundaciohospitalariesmartorell.org\/entre-tots\/author\/afelipr\/"},"comments_num_v2":"0 comments","_links":{"self":[{"href":"https:\/\/fundaciohospitalariesmartorell.org\/entre-tots\/wp-json\/wp\/v2\/posts\/10503","targetHints":{"allow":["GET"]}}],"collection":[{"href":"https:\/\/fundaciohospitalariesmartorell.org\/entre-tots\/wp-json\/wp\/v2\/posts"}],"about":[{"href":"https:\/\/fundaciohospitalariesmartorell.org\/entre-tots\/wp-json\/wp\/v2\/types\/post"}],"author":[{"embeddable":true,"href":"https:\/\/fundaciohospitalariesmartorell.org\/entre-tots\/wp-json\/wp\/v2\/users\/5"}],"replies":[{"embeddable":true,"href":"https:\/\/fundaciohospitalariesmartorell.org\/entre-tots\/wp-json\/wp\/v2\/comments?post=10503"}],"version-history":[{"count":2,"href":"https:\/\/fundaciohospitalariesmartorell.org\/entre-tots\/wp-json\/wp\/v2\/posts\/10503\/revisions"}],"predecessor-version":[{"id":10528,"href":"https:\/\/fundaciohospitalariesmartorell.org\/entre-tots\/wp-json\/wp\/v2\/posts\/10503\/revisions\/10528"}],"wp:featuredmedia":[{"embeddable":true,"href":"https:\/\/fundaciohospitalariesmartorell.org\/entre-tots\/wp-json\/wp\/v2\/media\/10504"}],"wp:attachment":[{"href":"https:\/\/fundaciohospitalariesmartorell.org\/entre-tots\/wp-json\/wp\/v2\/media?parent=10503"}],"wp:term":[{"taxonomy":"category","embeddable":true,"href":"https:\/\/fundaciohospitalariesmartorell.org\/entre-tots\/wp-json\/wp\/v2\/categories?post=10503"},{"taxonomy":"post_tag","embeddable":true,"href":"https:\/\/fundaciohospitalariesmartorell.org\/entre-tots\/wp-json\/wp\/v2\/tags?post=10503"}],"curies":[{"name":"wp","href":"https:\/\/api.w.org\/{rel}","templated":true}]}}