{"id":10535,"date":"2024-12-23T14:24:45","date_gmt":"2024-12-23T13:24:45","guid":{"rendered":"https:\/\/hospitalsagratcormartorell.org\/entre-tots\/?p=10535"},"modified":"2024-12-23T14:24:45","modified_gmt":"2024-12-23T13:24:45","slug":"la-unitat-de-psiquiatria-geriatrica-obte-el-certificat-inicial-de-la-norma-libera-care","status":"publish","type":"post","link":"https:\/\/fundaciohospitalariesmartorell.org\/entre-tots\/2024\/12\/la-unitat-de-psiquiatria-geriatrica-obte-el-certificat-inicial-de-la-norma-libera-care\/","title":{"rendered":"La Unitat de Psiquiatria Geri\u00e0trica obt\u00e9 el Certificat Inicial de la Norma Libera Care"},"content":{"rendered":"\n<figure class=\"wp-block-image size-large\"><img loading=\"lazy\" decoding=\"async\" width=\"1920\" height=\"1079\" src=\"https:\/\/hospitalsagratcormartorell.org\/entre-tots\/wp-content\/uploads\/2024\/12\/image-17-edited.png\" alt=\"\" class=\"wp-image-10537\" srcset=\"https:\/\/fundaciohospitalariesmartorell.org\/entre-tots\/wp-content\/uploads\/2024\/12\/image-17-edited.png 1920w, https:\/\/fundaciohospitalariesmartorell.org\/entre-tots\/wp-content\/uploads\/2024\/12\/image-17-edited-300x169.png 300w, https:\/\/fundaciohospitalariesmartorell.org\/entre-tots\/wp-content\/uploads\/2024\/12\/image-17-edited-1024x575.png 1024w, https:\/\/fundaciohospitalariesmartorell.org\/entre-tots\/wp-content\/uploads\/2024\/12\/image-17-edited-768x432.png 768w, https:\/\/fundaciohospitalariesmartorell.org\/entre-tots\/wp-content\/uploads\/2024\/12\/image-17-edited-1536x863.png 1536w, https:\/\/fundaciohospitalariesmartorell.org\/entre-tots\/wp-content\/uploads\/2024\/12\/image-17-edited-1320x742.png 1320w\" sizes=\"auto, (max-width: 1920px) 100vw, 1920px\" \/><\/figure>\n\n\n\n<p>La unitat de Psiquiatria Geri\u00e0trica del nostre hospital ha assolit un important reconeixement aquest mes de desembre: el Certificat Inicial de la Norma Libera Care, atorgat per la Fundaci\u00f3n Cuidados Dignos. Aquest certificat avala el comprom\u00eds del centre amb la reducci\u00f3 de les contencions f\u00edsiques.<\/p>\n\n\n\n<p>L&#8217;obtenci\u00f3 d&#8217;aquest certificat \u00e9s&nbsp;fruit d&#8217;un projecte de formaci\u00f3 exhaustiu desenvolupat al llarg del 2024, que ha comptat amb la implicaci\u00f3 de tot l&#8217;equip de la unitat, incloent-hi personal auxiliar, d&#8217;infermeria, metges i terapeutes. Liderat pel coordinador d&#8217;infermeria, Eduardo Evanan, i amb el suport operatiu de Juan Carlos Mart\u00edn, de la Fundaci\u00f3n Cuidados Dignos, el programa ha combinat sessions pr\u00e0ctiques i reunions de treball per promoure un canvi real en les din\u00e0miques assistencials.<\/p>\n\n\n\n<p>Amb aquest reconeixement, la unitat no nom\u00e9s consolida la seva aposta per una atenci\u00f3 m\u00e9s humana i respectuosa, sin\u00f3 que tamb\u00e9 estableix les bases per avan\u00e7ar en les seg\u00fcents fases de certificaci\u00f3 i estendre aquest model a altres \u00e0rees de l&#8217;hospital. Una fita que refor\u00e7a la voluntat del centre d&#8217;oferir una cura centrada en la dignitat i les millors pr\u00e0ctiques assistencials.<\/p>\n","protected":false},"excerpt":{"rendered":"<p>La unitat de Psiquiatria Geri\u00e0trica del nostre hospital ha assolit un important reconeixement aquest mes de desembre: el Certificat Inicial de la Norma Libera Care, atorgat per la Fundaci\u00f3n Cuidados Dignos. Aquest certificat avala el comprom\u00eds del centre amb la reducci\u00f3 de les contencions f\u00edsiques. L&#8217;obtenci\u00f3 d&#8217;aquest certificat \u00e9s&nbsp;fruit d&#8217;un projecte de formaci\u00f3 exhaustiu desenvolupat [&hellip;]<\/p>\n","protected":false},"author":5,"featured_media":10536,"comment_status":"closed","ping_status":"","sticky":false,"template":"","format":"standard","meta":{"footnotes":""},"categories":[27],"tags":[],"class_list":["post-10535","post","type-post","status-publish","format-standard","has-post-thumbnail","hentry","category-actualitat"],"blocksy_meta":[],"featured_image_urls_v2":{"full":["https:\/\/fundaciohospitalariesmartorell.org\/entre-tots\/wp-content\/uploads\/2024\/12\/image-17.png",1920,1280,false],"thumbnail":["https:\/\/fundaciohospitalariesmartorell.org\/entre-tots\/wp-content\/uploads\/2024\/12\/image-17-150x150.png",150,150,true],"medium":["https:\/\/fundaciohospitalariesmartorell.org\/entre-tots\/wp-content\/uploads\/2024\/12\/image-17-300x200.png",300,200,true],"medium_large":["https:\/\/fundaciohospitalariesmartorell.org\/entre-tots\/wp-content\/uploads\/2024\/12\/image-17-768x512.png",768,512,true],"large":["https:\/\/fundaciohospitalariesmartorell.org\/entre-tots\/wp-content\/uploads\/2024\/12\/image-17-1024x683.png",1024,683,true],"1536x1536":["https:\/\/fundaciohospitalariesmartorell.org\/entre-tots\/wp-content\/uploads\/2024\/12\/image-17-1536x1024.png",1536,1024,true],"2048x2048":["https:\/\/fundaciohospitalariesmartorell.org\/entre-tots\/wp-content\/uploads\/2024\/12\/image-17.png",1920,1280,false],"mailpoet_newsletter_max":["https:\/\/fundaciohospitalariesmartorell.org\/entre-tots\/wp-content\/uploads\/2024\/12\/image-17-1320x880.png",1320,880,true]},"post_excerpt_stackable_v2":"<p>La unitat de Psiquiatria Geri\u00e0trica del nostre hospital ha assolit un important reconeixement aquest mes de desembre: el Certificat Inicial de la Norma Libera Care, atorgat per la Fundaci\u00f3n Cuidados Dignos. Aquest certificat avala el comprom\u00eds del centre amb la reducci\u00f3 de les contencions f\u00edsiques. L&#8217;obtenci\u00f3 d&#8217;aquest certificat \u00e9s&nbsp;fruit d&#8217;un projecte de formaci\u00f3 exhaustiu desenvolupat al llarg del 2024, que ha comptat amb la implicaci\u00f3 de tot l&#8217;equip de la unitat, incloent-hi personal auxiliar, d&#8217;infermeria, metges i terapeutes. Liderat pel coordinador d&#8217;infermeria, Eduardo Evanan, i amb el suport operatiu de Juan Carlos Mart\u00edn, de la Fundaci\u00f3n Cuidados Dignos, el programa&hellip;<\/p>\n","category_list_v2":"<a href=\"https:\/\/fundaciohospitalariesmartorell.org\/entre-tots\/category\/actualitat\/\" rel=\"category tag\">ACTUALITAT<\/a>","author_info_v2":{"name":"Alba Felip","url":"https:\/\/fundaciohospitalariesmartorell.org\/entre-tots\/author\/afelipr\/"},"comments_num_v2":"0 comments","_links":{"self":[{"href":"https:\/\/fundaciohospitalariesmartorell.org\/entre-tots\/wp-json\/wp\/v2\/posts\/10535","targetHints":{"allow":["GET"]}}],"collection":[{"href":"https:\/\/fundaciohospitalariesmartorell.org\/entre-tots\/wp-json\/wp\/v2\/posts"}],"about":[{"href":"https:\/\/fundaciohospitalariesmartorell.org\/entre-tots\/wp-json\/wp\/v2\/types\/post"}],"author":[{"embeddable":true,"href":"https:\/\/fundaciohospitalariesmartorell.org\/entre-tots\/wp-json\/wp\/v2\/users\/5"}],"replies":[{"embeddable":true,"href":"https:\/\/fundaciohospitalariesmartorell.org\/entre-tots\/wp-json\/wp\/v2\/comments?post=10535"}],"version-history":[{"count":1,"href":"https:\/\/fundaciohospitalariesmartorell.org\/entre-tots\/wp-json\/wp\/v2\/posts\/10535\/revisions"}],"predecessor-version":[{"id":10538,"href":"https:\/\/fundaciohospitalariesmartorell.org\/entre-tots\/wp-json\/wp\/v2\/posts\/10535\/revisions\/10538"}],"wp:featuredmedia":[{"embeddable":true,"href":"https:\/\/fundaciohospitalariesmartorell.org\/entre-tots\/wp-json\/wp\/v2\/media\/10536"}],"wp:attachment":[{"href":"https:\/\/fundaciohospitalariesmartorell.org\/entre-tots\/wp-json\/wp\/v2\/media?parent=10535"}],"wp:term":[{"taxonomy":"category","embeddable":true,"href":"https:\/\/fundaciohospitalariesmartorell.org\/entre-tots\/wp-json\/wp\/v2\/categories?post=10535"},{"taxonomy":"post_tag","embeddable":true,"href":"https:\/\/fundaciohospitalariesmartorell.org\/entre-tots\/wp-json\/wp\/v2\/tags?post=10535"}],"curies":[{"name":"wp","href":"https:\/\/api.w.org\/{rel}","templated":true}]}}