{"id":10543,"date":"2024-12-24T11:44:22","date_gmt":"2024-12-24T10:44:22","guid":{"rendered":"https:\/\/hospitalsagratcormartorell.org\/entre-tots\/?p=10543"},"modified":"2025-11-24T14:58:47","modified_gmt":"2025-11-24T13:58:47","slug":"disponible-la-memoria-2023-del-nostre-centre-un-any-de-grans-fites","status":"publish","type":"post","link":"https:\/\/fundaciohospitalariesmartorell.org\/entre-tots\/2024\/12\/disponible-la-memoria-2023-del-nostre-centre-un-any-de-grans-fites\/","title":{"rendered":"Disponible la mem\u00f2ria 2023 del nostre centre: un any de grans fites"},"content":{"rendered":"<figure class=\"wp-block-post-featured-image\"><img loading=\"lazy\" decoding=\"async\" width=\"1536\" height=\"1090\" src=\"https:\/\/fundaciohospitalariesmartorell.org\/entre-tots\/wp-content\/uploads\/2024\/12\/Captura-de-pantalla-2024-12-12-a-las-17.16.33-1536x1090-1.png\" class=\"attachment-post-thumbnail size-post-thumbnail wp-post-image\" alt=\"\" style=\"object-fit:cover;\" srcset=\"https:\/\/fundaciohospitalariesmartorell.org\/entre-tots\/wp-content\/uploads\/2024\/12\/Captura-de-pantalla-2024-12-12-a-las-17.16.33-1536x1090-1.png 1536w, https:\/\/fundaciohospitalariesmartorell.org\/entre-tots\/wp-content\/uploads\/2024\/12\/Captura-de-pantalla-2024-12-12-a-las-17.16.33-1536x1090-1-300x213.png 300w, https:\/\/fundaciohospitalariesmartorell.org\/entre-tots\/wp-content\/uploads\/2024\/12\/Captura-de-pantalla-2024-12-12-a-las-17.16.33-1536x1090-1-1024x727.png 1024w, https:\/\/fundaciohospitalariesmartorell.org\/entre-tots\/wp-content\/uploads\/2024\/12\/Captura-de-pantalla-2024-12-12-a-las-17.16.33-1536x1090-1-768x545.png 768w, https:\/\/fundaciohospitalariesmartorell.org\/entre-tots\/wp-content\/uploads\/2024\/12\/Captura-de-pantalla-2024-12-12-a-las-17.16.33-1536x1090-1-1320x937.png 1320w\" sizes=\"auto, (max-width: 1536px) 100vw, 1536px\" \/><\/figure>\n\n\n<p>Ens complau informar-vos que ja est\u00e0 disponible la <strong>mem\u00f2ria 2023<\/strong> del nostre hospital i podeu consultar-la \u00edntegrament a trav\u00e9s del web del centre.<\/p>\n\n\n\n<p>Aquest document recull les principals actuacions i aven\u00e7os del darrer any, amb una fita especialment destacada: la inauguraci\u00f3 del <strong>nou edifici assistencial<\/strong> de l\u2019Hospital. Amb una superf\u00edcie de 8.000 m\u00b2 distribu\u00efts en quatre plantes i una inversi\u00f3 de 15 milions d\u2019euros provinents de recursos propis del centre, aquesta infraestructura suposa un pas endavant en la nostra capacitat assistencial. L\u2019acte inaugural va comptar amb la pres\u00e8ncia del conseller de Salut, Manel Balcells, el doctor Jes\u00fas Ezquerra, director gerent, i sor Isabel Bl\u00e1zquez, superiora de l\u2019Hospital, a m\u00e9s de representants de Germanes Hospital\u00e0ries Prov\u00edncia d\u2019Espanya.<\/p>\n\n\n\n<p>A m\u00e9s, durant el 2023 es va posar en marxa la <strong>Coordinaci\u00f3 de la Unitat d\u2019Aguts<\/strong>, liderada pel doctor Tom\u00e1s Castell\u00f3, per millorar la continu\u00eftat assistencial en situacions de crisi, i es va crear la <strong>Unitat Funcional de Recuperaci\u00f3 i Projecte de Vida<\/strong> dins del marc del proc\u00e9s de reconversi\u00f3 de les unitats de llarga estada impulsat pel Departament de Salut. Aquesta unitat treballa per fomentar l\u2019autonomia i la inclusi\u00f3 comunit\u00e0ria de les persones amb trastorns mentals complexos.<\/p>\n\n\n\n<p>Us convidem a con\u00e8ixer m\u00e9s detalls sobre aquestes i altres iniciatives a la mem\u00f2ria completa, que reflecteix el comprom\u00eds del nostre centre amb l\u2019excel\u00b7l\u00e8ncia assistencial i la millora cont\u00ednua al servei de la salut mental.<\/p>\n\n\n\n<p>Podeu trobar la memoria aqu\u00ed: <a href=\"https:\/\/fundaciohospitalariesmartorell.org\/wp-content\/uploads\/2024\/12\/2024_11_27_memo_corp_SagratCor_2023_CAT.pdf\">2024_11_27_memo_corp_SagratCor_2023_CAT.pdf<\/a> <\/p>\n","protected":false},"excerpt":{"rendered":"<p>Ens complau informar-vos que ja est\u00e0 disponible la mem\u00f2ria 2023 del nostre hospital i podeu consultar-la \u00edntegrament a trav\u00e9s del web del centre. Aquest document recull les principals actuacions i aven\u00e7os del darrer any, amb una fita especialment destacada: la inauguraci\u00f3 del nou edifici assistencial de l\u2019Hospital. Amb una superf\u00edcie de 8.000 m\u00b2 distribu\u00efts en [&hellip;]<\/p>\n","protected":false},"author":2,"featured_media":10547,"comment_status":"closed","ping_status":"closed","sticky":false,"template":"","format":"standard","meta":{"footnotes":""},"categories":[27],"tags":[],"class_list":["post-10543","post","type-post","status-publish","format-standard","has-post-thumbnail","hentry","category-actualitat"],"blocksy_meta":[],"featured_image_urls_v2":{"full":["https:\/\/fundaciohospitalariesmartorell.org\/entre-tots\/wp-content\/uploads\/2024\/12\/Captura-de-pantalla-2024-12-12-a-las-17.16.33-1536x1090-1.png",1536,1090,false],"thumbnail":["https:\/\/fundaciohospitalariesmartorell.org\/entre-tots\/wp-content\/uploads\/2024\/12\/Captura-de-pantalla-2024-12-12-a-las-17.16.33-1536x1090-1-150x150.png",150,150,true],"medium":["https:\/\/fundaciohospitalariesmartorell.org\/entre-tots\/wp-content\/uploads\/2024\/12\/Captura-de-pantalla-2024-12-12-a-las-17.16.33-1536x1090-1-300x213.png",300,213,true],"medium_large":["https:\/\/fundaciohospitalariesmartorell.org\/entre-tots\/wp-content\/uploads\/2024\/12\/Captura-de-pantalla-2024-12-12-a-las-17.16.33-1536x1090-1-768x545.png",768,545,true],"large":["https:\/\/fundaciohospitalariesmartorell.org\/entre-tots\/wp-content\/uploads\/2024\/12\/Captura-de-pantalla-2024-12-12-a-las-17.16.33-1536x1090-1-1024x727.png",1024,727,true],"1536x1536":["https:\/\/fundaciohospitalariesmartorell.org\/entre-tots\/wp-content\/uploads\/2024\/12\/Captura-de-pantalla-2024-12-12-a-las-17.16.33-1536x1090-1.png",1536,1090,false],"2048x2048":["https:\/\/fundaciohospitalariesmartorell.org\/entre-tots\/wp-content\/uploads\/2024\/12\/Captura-de-pantalla-2024-12-12-a-las-17.16.33-1536x1090-1.png",1536,1090,false],"mailpoet_newsletter_max":["https:\/\/fundaciohospitalariesmartorell.org\/entre-tots\/wp-content\/uploads\/2024\/12\/Captura-de-pantalla-2024-12-12-a-las-17.16.33-1536x1090-1-1320x937.png",1320,937,true]},"post_excerpt_stackable_v2":"<p>Ens complau informar-vos que ja est\u00e0 disponible la mem\u00f2ria 2023 del nostre hospital i podeu consultar-la \u00edntegrament a trav\u00e9s del web del centre. Aquest document recull les principals actuacions i aven\u00e7os del darrer any, amb una fita especialment destacada: la inauguraci\u00f3 del nou edifici assistencial de l\u2019Hospital. Amb una superf\u00edcie de 8.000 m\u00b2 distribu\u00efts en quatre plantes i una inversi\u00f3 de 15 milions d\u2019euros provinents de recursos propis del centre, aquesta infraestructura suposa un pas endavant en la nostra capacitat assistencial. L\u2019acte inaugural va comptar amb la pres\u00e8ncia del conseller de Salut, Manel Balcells, el doctor Jes\u00fas Ezquerra, director gerent,&hellip;<\/p>\n","category_list_v2":"<a href=\"https:\/\/fundaciohospitalariesmartorell.org\/entre-tots\/category\/actualitat\/\" rel=\"category tag\">ACTUALITAT<\/a>","author_info_v2":{"name":"Sagrat Cor","url":"https:\/\/fundaciohospitalariesmartorell.org\/entre-tots\/author\/daniel\/"},"comments_num_v2":"0 comments","_links":{"self":[{"href":"https:\/\/fundaciohospitalariesmartorell.org\/entre-tots\/wp-json\/wp\/v2\/posts\/10543","targetHints":{"allow":["GET"]}}],"collection":[{"href":"https:\/\/fundaciohospitalariesmartorell.org\/entre-tots\/wp-json\/wp\/v2\/posts"}],"about":[{"href":"https:\/\/fundaciohospitalariesmartorell.org\/entre-tots\/wp-json\/wp\/v2\/types\/post"}],"author":[{"embeddable":true,"href":"https:\/\/fundaciohospitalariesmartorell.org\/entre-tots\/wp-json\/wp\/v2\/users\/2"}],"replies":[{"embeddable":true,"href":"https:\/\/fundaciohospitalariesmartorell.org\/entre-tots\/wp-json\/wp\/v2\/comments?post=10543"}],"version-history":[{"count":9,"href":"https:\/\/fundaciohospitalariesmartorell.org\/entre-tots\/wp-json\/wp\/v2\/posts\/10543\/revisions"}],"predecessor-version":[{"id":12321,"href":"https:\/\/fundaciohospitalariesmartorell.org\/entre-tots\/wp-json\/wp\/v2\/posts\/10543\/revisions\/12321"}],"wp:featuredmedia":[{"embeddable":true,"href":"https:\/\/fundaciohospitalariesmartorell.org\/entre-tots\/wp-json\/wp\/v2\/media\/10547"}],"wp:attachment":[{"href":"https:\/\/fundaciohospitalariesmartorell.org\/entre-tots\/wp-json\/wp\/v2\/media?parent=10543"}],"wp:term":[{"taxonomy":"category","embeddable":true,"href":"https:\/\/fundaciohospitalariesmartorell.org\/entre-tots\/wp-json\/wp\/v2\/categories?post=10543"},{"taxonomy":"post_tag","embeddable":true,"href":"https:\/\/fundaciohospitalariesmartorell.org\/entre-tots\/wp-json\/wp\/v2\/tags?post=10543"}],"curies":[{"name":"wp","href":"https:\/\/api.w.org\/{rel}","templated":true}]}}