{"id":10551,"date":"2024-12-24T12:01:12","date_gmt":"2024-12-24T11:01:12","guid":{"rendered":"https:\/\/hospitalsagratcormartorell.org\/entre-tots\/?p=10551"},"modified":"2024-12-24T12:08:04","modified_gmt":"2024-12-24T11:08:04","slug":"lhospital-sagrat-cor-participa-en-la-direccio-clinica-de-la-tesi-avaluacio-del-dolor-en-el-deteriorament-cognitiu-especialment-en-la-demencia","status":"publish","type":"post","link":"https:\/\/fundaciohospitalariesmartorell.org\/entre-tots\/2024\/12\/lhospital-sagrat-cor-participa-en-la-direccio-clinica-de-la-tesi-avaluacio-del-dolor-en-el-deteriorament-cognitiu-especialment-en-la-demencia\/","title":{"rendered":"L\u2019Hospital Sagrat Cor participa en la direcci\u00f3 cl\u00ednica de la tesi \u2019Avaluaci\u00f3 del dolor en el deteriorament cognitiu, especialment en la dem\u00e8ncia\u201d"},"content":{"rendered":"<figure class=\"wp-block-post-featured-image\"><img loading=\"lazy\" decoding=\"async\" width=\"804\" height=\"602\" src=\"https:\/\/fundaciohospitalariesmartorell.org\/entre-tots\/wp-content\/uploads\/2024\/12\/Captura-de-Pantalla-2024-12-04-a-las-3.10.35-p.m.png\" class=\"attachment-post-thumbnail size-post-thumbnail wp-post-image\" alt=\"\" style=\"object-fit:cover;\" srcset=\"https:\/\/fundaciohospitalariesmartorell.org\/entre-tots\/wp-content\/uploads\/2024\/12\/Captura-de-Pantalla-2024-12-04-a-las-3.10.35-p.m.png 804w, https:\/\/fundaciohospitalariesmartorell.org\/entre-tots\/wp-content\/uploads\/2024\/12\/Captura-de-Pantalla-2024-12-04-a-las-3.10.35-p.m-300x225.png 300w, https:\/\/fundaciohospitalariesmartorell.org\/entre-tots\/wp-content\/uploads\/2024\/12\/Captura-de-Pantalla-2024-12-04-a-las-3.10.35-p.m-768x575.png 768w\" sizes=\"auto, (max-width: 804px) 100vw, 804px\" \/><\/figure>\n\n\n<p>L\u2019Hospital Sagrat Cor ha col\u00b7laborat en la direcci\u00f3 cl\u00ednica del projecte en el que s\u2019ha basat la tesi doctoral de la UAB, \u201cAvaluaci\u00f3 del dolor en el deteriorament cognitiu, especialment en la dem\u00e8ncia\u201d liderada Lydia Gim\u00e9nez Llort, Catedr\u00e0tica del Departament de Psiquiatria i Medicina Legal de la Universitat Aut\u00f2noma de Barcelona (UAB), en el marc del Programa de Doctorat en Psiquiatria, i que es va presentar el passat divendres. El Dr. Manel Sanchez, ha participat en la direcci\u00f3 cl\u00ednica del projecte, juntament amb el Dr. Monllau i les infermeres Laura Pajuelo i Isabel Moriana, tots membres de l\u2019Hospital Sagrat Cor de Martorell.<\/p>\n\n\n\n<p>Aquesta tesi ha estat sota la direcci\u00f3 del Professor Antoni Bulbena Vilarrasa, catedr\u00e0tic de Psiquiatria de la UAB i Director de Doc\u00e8ncia i Investigaci\u00f3 del INAD, Institut de Neuropsiquiatria i Addiccions del Parc de Salut Mar de Barcelona, i ha assolit un punt d\u2019inflexi\u00f3 en l\u2019\u00e0mbit de l\u2019atenci\u00f3 a persones amb deteriorament cognitiu i dem\u00e8ncia. Aquest estudi posa de manifest no nom\u00e9s la import\u00e0ncia de les escales observacionals per avaluar el dolor en aquestes poblacions, sin\u00f3 que tamb\u00e9 ofereix solucions pr\u00e0ctiques i basades en evid\u00e8ncia per millorar-ne l\u2019aplicaci\u00f3.<\/p>\n\n\n\n<p>L\u2019estudi assenyala l\u2019esc\u00e0s \u00fas d\u2019eines observacionals a Espanya, sovint atribu\u00efble a la seva complexitat i a la manca de temps per realitzar les avaluacions. Malgrat aquestes barreres, la investigaci\u00f3 identifica que els \u00edtems \u201cExpressi\u00f3 facial\u201d i \u201cVerbalitzaci\u00f3\u201d s\u00f3n considerats essencials i \u00fatils, respectivament, pels professionals sanitaris espanyols, diferenciant-se d\u2019altres pa\u00efsos europeus.<\/p>\n\n\n\n<p>La recerca, que consta de diversos estudis (observacionals, experimentals i de validaci\u00f3), conclou que les expressions facials s\u00f3n indicadors sensibles de la intensitat del dolor i presenten una alta fiabilitat, fins i tot sense una formaci\u00f3 espec\u00edfica exhaustiva. Un dels grans \u00e8xits del treball ha estat la reducci\u00f3 de l\u2019escala original de 36 \u00edtems a una versi\u00f3 m\u00e9s pr\u00e0ctica de 15 \u00edtems (PAIC15) per al seu \u00fas cl\u00ednic. Aquesta eina estandarditzada ofereix un m\u00e8tode fiable per avaluar el dolor en pacients amb dem\u00e8ncia, fins i tot en contextos multiculturals.<\/p>\n\n\n\n<p>Entre els resultats m\u00e9s destacats hi apareixen l\u2019alta fiabilitat intraobservador i interobservador, especialment a Espanya, on les observacions relacionades amb l\u2019expressi\u00f3 facial van obtenir els nivells m\u00e9s alts de precisi\u00f3. Les accions facials davant est\u00edmuls dolorosos, com ara \u201cboca oberta\u201d o \u201ccenyit\u201d, van demostrar ser indicadors v\u00e0lids de diferents intensitats de dolor. En persones amb discapacitat intel\u00b7lectual i del desenvolupament (DID), les respostes facials al dolor van ser m\u00e9s intenses en comparaci\u00f3 amb altres tipus de deteriorament cognitiu.<\/p>\n\n\n\n<p>En aquest sentit, la recerca no nom\u00e9s va generar dades valuoses, sin\u00f3 que tamb\u00e9 va propiciar canvis pr\u00e0ctics. Mitjan\u00e7ant sessions formatives, els participants van millorar la seva autoconfian\u00e7a i la percepci\u00f3 sobre la utilitat de les escales observacionals, especialment en relaci\u00f3 amb l\u2019expressi\u00f3 facial. Aquest aven\u00e7 respon a necessitats detectades pr\u00e8viament en estudis tant a nivell nacional com europeu.<\/p>\n\n\n\n<p>L\u2019estudi posa en valor la necessitat d\u2019escales breus, com la PAIC15, que puguin aplicar-se en entorns cl\u00ednics en menys de cinc minuts, incloent-hi fases de rep\u00f2s i moviment del pacient. Tot i les limitacions, com ara la mida de la mostra i les difer\u00e8ncies culturals, aquest treball representa un aven\u00e7 significatiu per abordar els reptes en l\u2019avaluaci\u00f3 del dolor en una poblaci\u00f3 cada cop m\u00e9s vulnerable. Amb el suport continu de la recerca i la formaci\u00f3, eines com la PAIC15 poden transformar la pr\u00e0ctica cl\u00ednica i millorar la qualitat de vida de les persones amb dem\u00e8ncia.<\/p>\n\n\n\n<div class=\"wp-block-getwid-images-slider has-arrows-inside has-dots-inside has-images-center has-fitted-images\"><div class=\"wp-block-getwid-images-slider__wrapper\" data-effect=\"slide\" data-slides-show=\"1\" data-slides-show-laptop=\"1\" data-slides-show-tablet=\"1\" data-slides-show-mobile=\"1\" data-slides-scroll=\"1\" data-autoplay=\"false\" data-pause-hover=\"false\" data-autoplay-speed=\"6000\" data-infinite=\"true\" data-animation-speed=\"800\" data-center-mode=\"false\" data-variable-width=\"false\" data-arrows=\"inside\" data-dots=\"inside\" data-spacing=\"none\"><div class=\"wp-block-getwid-images-slider__item\"><figure><img loading=\"lazy\" decoding=\"async\" width=\"796\" height=\"1028\" src=\"https:\/\/hospitalsagratcormartorell.org\/entre-tots\/wp-content\/uploads\/2024\/12\/Captura-de-Pantalla-2024-12-04-a-las-3.10.13-p.m.png\" data-id=\"10556\" data-link=\"https:\/\/hospitalsagratcormartorell.org\/entre-tots\/2024\/12\/lhospital-sagrat-cor-participa-en-la-direccio-clinica-de-la-tesi-avaluacio-del-dolor-en-el-deteriorament-cognitiu-especialment-en-la-demencia\/captura-de-pantalla-2024-12-04-a-las-3-10-13-p-m\/\" data-original-link=\"https:\/\/hospitalsagratcormartorell.org\/entre-tots\/wp-content\/uploads\/2024\/12\/Captura-de-Pantalla-2024-12-04-a-las-3.10.13-p.m.png\" class=\"wp-block-getwid-images-slider__image wp-image-10556\" srcset=\"https:\/\/fundaciohospitalariesmartorell.org\/entre-tots\/wp-content\/uploads\/2024\/12\/Captura-de-Pantalla-2024-12-04-a-las-3.10.13-p.m.png 796w, https:\/\/fundaciohospitalariesmartorell.org\/entre-tots\/wp-content\/uploads\/2024\/12\/Captura-de-Pantalla-2024-12-04-a-las-3.10.13-p.m-232x300.png 232w, https:\/\/fundaciohospitalariesmartorell.org\/entre-tots\/wp-content\/uploads\/2024\/12\/Captura-de-Pantalla-2024-12-04-a-las-3.10.13-p.m-793x1024.png 793w, https:\/\/fundaciohospitalariesmartorell.org\/entre-tots\/wp-content\/uploads\/2024\/12\/Captura-de-Pantalla-2024-12-04-a-las-3.10.13-p.m-768x992.png 768w\" sizes=\"auto, (max-width: 796px) 100vw, 796px\" \/><\/figure><\/div><div class=\"wp-block-getwid-images-slider__item\"><figure><img loading=\"lazy\" decoding=\"async\" width=\"804\" height=\"600\" src=\"https:\/\/hospitalsagratcormartorell.org\/entre-tots\/wp-content\/uploads\/2024\/12\/Captura-de-Pantalla-2024-12-04-a-las-3.11.31-p.m.png\" data-id=\"10553\" data-link=\"https:\/\/hospitalsagratcormartorell.org\/entre-tots\/2024\/12\/lhospital-sagrat-cor-participa-en-la-direccio-clinica-de-la-tesi-avaluacio-del-dolor-en-el-deteriorament-cognitiu-especialment-en-la-demencia\/captura-de-pantalla-2024-12-04-a-las-3-11-31-p-m\/\" data-original-link=\"https:\/\/hospitalsagratcormartorell.org\/entre-tots\/wp-content\/uploads\/2024\/12\/Captura-de-Pantalla-2024-12-04-a-las-3.11.31-p.m.png\" class=\"wp-block-getwid-images-slider__image wp-image-10553\" srcset=\"https:\/\/fundaciohospitalariesmartorell.org\/entre-tots\/wp-content\/uploads\/2024\/12\/Captura-de-Pantalla-2024-12-04-a-las-3.11.31-p.m.png 804w, https:\/\/fundaciohospitalariesmartorell.org\/entre-tots\/wp-content\/uploads\/2024\/12\/Captura-de-Pantalla-2024-12-04-a-las-3.11.31-p.m-300x224.png 300w, https:\/\/fundaciohospitalariesmartorell.org\/entre-tots\/wp-content\/uploads\/2024\/12\/Captura-de-Pantalla-2024-12-04-a-las-3.11.31-p.m-768x573.png 768w\" sizes=\"auto, (max-width: 804px) 100vw, 804px\" \/><\/figure><\/div><div class=\"wp-block-getwid-images-slider__item\"><figure><img loading=\"lazy\" decoding=\"async\" width=\"766\" height=\"608\" src=\"https:\/\/hospitalsagratcormartorell.org\/entre-tots\/wp-content\/uploads\/2024\/12\/Captura-de-Pantalla-2024-12-04-a-las-3.11.09-p.m.png\" data-id=\"10554\" data-link=\"https:\/\/hospitalsagratcormartorell.org\/entre-tots\/2024\/12\/lhospital-sagrat-cor-participa-en-la-direccio-clinica-de-la-tesi-avaluacio-del-dolor-en-el-deteriorament-cognitiu-especialment-en-la-demencia\/captura-de-pantalla-2024-12-04-a-las-3-11-09-p-m\/\" data-original-link=\"https:\/\/hospitalsagratcormartorell.org\/entre-tots\/wp-content\/uploads\/2024\/12\/Captura-de-Pantalla-2024-12-04-a-las-3.11.09-p.m.png\" class=\"wp-block-getwid-images-slider__image wp-image-10554\" srcset=\"https:\/\/fundaciohospitalariesmartorell.org\/entre-tots\/wp-content\/uploads\/2024\/12\/Captura-de-Pantalla-2024-12-04-a-las-3.11.09-p.m.png 766w, https:\/\/fundaciohospitalariesmartorell.org\/entre-tots\/wp-content\/uploads\/2024\/12\/Captura-de-Pantalla-2024-12-04-a-las-3.11.09-p.m-300x238.png 300w\" sizes=\"auto, (max-width: 766px) 100vw, 766px\" \/><\/figure><\/div><\/div><\/div>\n","protected":false},"excerpt":{"rendered":"<p>L\u2019Hospital Sagrat Cor ha col\u00b7laborat en la direcci\u00f3 cl\u00ednica del projecte en el que s\u2019ha basat la tesi doctoral de la UAB, \u201cAvaluaci\u00f3 del dolor en el deteriorament cognitiu, especialment en la dem\u00e8ncia\u201d liderada Lydia Gim\u00e9nez Llort, Catedr\u00e0tica del Departament de Psiquiatria i Medicina Legal de la Universitat Aut\u00f2noma de Barcelona (UAB), en el marc [&hellip;]<\/p>\n","protected":false},"author":2,"featured_media":10555,"comment_status":"closed","ping_status":"closed","sticky":false,"template":"","format":"standard","meta":{"footnotes":""},"categories":[27],"tags":[],"class_list":["post-10551","post","type-post","status-publish","format-standard","has-post-thumbnail","hentry","category-actualitat"],"blocksy_meta":[],"featured_image_urls_v2":{"full":["https:\/\/fundaciohospitalariesmartorell.org\/entre-tots\/wp-content\/uploads\/2024\/12\/Captura-de-Pantalla-2024-12-04-a-las-3.10.35-p.m.png",804,602,false],"thumbnail":["https:\/\/fundaciohospitalariesmartorell.org\/entre-tots\/wp-content\/uploads\/2024\/12\/Captura-de-Pantalla-2024-12-04-a-las-3.10.35-p.m-150x150.png",150,150,true],"medium":["https:\/\/fundaciohospitalariesmartorell.org\/entre-tots\/wp-content\/uploads\/2024\/12\/Captura-de-Pantalla-2024-12-04-a-las-3.10.35-p.m-300x225.png",300,225,true],"medium_large":["https:\/\/fundaciohospitalariesmartorell.org\/entre-tots\/wp-content\/uploads\/2024\/12\/Captura-de-Pantalla-2024-12-04-a-las-3.10.35-p.m-768x575.png",768,575,true],"large":["https:\/\/fundaciohospitalariesmartorell.org\/entre-tots\/wp-content\/uploads\/2024\/12\/Captura-de-Pantalla-2024-12-04-a-las-3.10.35-p.m.png",804,602,false],"1536x1536":["https:\/\/fundaciohospitalariesmartorell.org\/entre-tots\/wp-content\/uploads\/2024\/12\/Captura-de-Pantalla-2024-12-04-a-las-3.10.35-p.m.png",804,602,false],"2048x2048":["https:\/\/fundaciohospitalariesmartorell.org\/entre-tots\/wp-content\/uploads\/2024\/12\/Captura-de-Pantalla-2024-12-04-a-las-3.10.35-p.m.png",804,602,false],"mailpoet_newsletter_max":["https:\/\/fundaciohospitalariesmartorell.org\/entre-tots\/wp-content\/uploads\/2024\/12\/Captura-de-Pantalla-2024-12-04-a-las-3.10.35-p.m.png",804,602,false]},"post_excerpt_stackable_v2":"<p>L\u2019Hospital Sagrat Cor ha col\u00b7laborat en la direcci\u00f3 cl\u00ednica del projecte en el que s\u2019ha basat la tesi doctoral de la UAB, \u201cAvaluaci\u00f3 del dolor en el deteriorament cognitiu, especialment en la dem\u00e8ncia\u201d liderada Lydia Gim\u00e9nez Llort, Catedr\u00e0tica del Departament de Psiquiatria i Medicina Legal de la Universitat Aut\u00f2noma de Barcelona (UAB), en el marc del Programa de Doctorat en Psiquiatria, i que es va presentar el passat divendres. El Dr. Manel Sanchez, ha participat en la direcci\u00f3 cl\u00ednica del projecte, juntament amb el Dr. Monllau i les infermeres Laura Pajuelo i Isabel Moriana, tots membres de l\u2019Hospital Sagrat Cor&hellip;<\/p>\n","category_list_v2":"<a href=\"https:\/\/fundaciohospitalariesmartorell.org\/entre-tots\/category\/actualitat\/\" rel=\"category tag\">ACTUALITAT<\/a>","author_info_v2":{"name":"Sagrat Cor","url":"https:\/\/fundaciohospitalariesmartorell.org\/entre-tots\/author\/daniel\/"},"comments_num_v2":"0 comments","_links":{"self":[{"href":"https:\/\/fundaciohospitalariesmartorell.org\/entre-tots\/wp-json\/wp\/v2\/posts\/10551","targetHints":{"allow":["GET"]}}],"collection":[{"href":"https:\/\/fundaciohospitalariesmartorell.org\/entre-tots\/wp-json\/wp\/v2\/posts"}],"about":[{"href":"https:\/\/fundaciohospitalariesmartorell.org\/entre-tots\/wp-json\/wp\/v2\/types\/post"}],"author":[{"embeddable":true,"href":"https:\/\/fundaciohospitalariesmartorell.org\/entre-tots\/wp-json\/wp\/v2\/users\/2"}],"replies":[{"embeddable":true,"href":"https:\/\/fundaciohospitalariesmartorell.org\/entre-tots\/wp-json\/wp\/v2\/comments?post=10551"}],"version-history":[{"count":5,"href":"https:\/\/fundaciohospitalariesmartorell.org\/entre-tots\/wp-json\/wp\/v2\/posts\/10551\/revisions"}],"predecessor-version":[{"id":10560,"href":"https:\/\/fundaciohospitalariesmartorell.org\/entre-tots\/wp-json\/wp\/v2\/posts\/10551\/revisions\/10560"}],"wp:featuredmedia":[{"embeddable":true,"href":"https:\/\/fundaciohospitalariesmartorell.org\/entre-tots\/wp-json\/wp\/v2\/media\/10555"}],"wp:attachment":[{"href":"https:\/\/fundaciohospitalariesmartorell.org\/entre-tots\/wp-json\/wp\/v2\/media?parent=10551"}],"wp:term":[{"taxonomy":"category","embeddable":true,"href":"https:\/\/fundaciohospitalariesmartorell.org\/entre-tots\/wp-json\/wp\/v2\/categories?post=10551"},{"taxonomy":"post_tag","embeddable":true,"href":"https:\/\/fundaciohospitalariesmartorell.org\/entre-tots\/wp-json\/wp\/v2\/tags?post=10551"}],"curies":[{"name":"wp","href":"https:\/\/api.w.org\/{rel}","templated":true}]}}