{"id":10593,"date":"2024-12-24T13:28:30","date_gmt":"2024-12-24T12:28:30","guid":{"rendered":"https:\/\/hospitalsagratcormartorell.org\/entre-tots\/?p=10593"},"modified":"2024-12-24T13:28:31","modified_gmt":"2024-12-24T12:28:31","slug":"lactivitat-esportiva-sincorpora-a-la-unitat-daguts-i-es-reorganitzen-tots-els-grups-segons-interessos-i-capacitats-de-les-persones-ateses","status":"publish","type":"post","link":"https:\/\/fundaciohospitalariesmartorell.org\/entre-tots\/2024\/12\/lactivitat-esportiva-sincorpora-a-la-unitat-daguts-i-es-reorganitzen-tots-els-grups-segons-interessos-i-capacitats-de-les-persones-ateses\/","title":{"rendered":"L\u2019activitat esportiva s\u2019incorpora a la Unitat d\u2019Aguts i es reorganitzen tots els grups segons interessos i capacitats de les persones ateses"},"content":{"rendered":"<figure class=\"wp-block-post-featured-image\"><img loading=\"lazy\" decoding=\"async\" width=\"2000\" height=\"1500\" src=\"https:\/\/fundaciohospitalariesmartorell.org\/entre-tots\/wp-content\/uploads\/2024\/12\/24_11_SAGRAT-COR_-ESPORT-AGUTS1.jpg\" class=\"attachment-post-thumbnail size-post-thumbnail wp-post-image\" alt=\"\" style=\"object-fit:cover;\" srcset=\"https:\/\/fundaciohospitalariesmartorell.org\/entre-tots\/wp-content\/uploads\/2024\/12\/24_11_SAGRAT-COR_-ESPORT-AGUTS1.jpg 2000w, https:\/\/fundaciohospitalariesmartorell.org\/entre-tots\/wp-content\/uploads\/2024\/12\/24_11_SAGRAT-COR_-ESPORT-AGUTS1-300x225.jpg 300w, https:\/\/fundaciohospitalariesmartorell.org\/entre-tots\/wp-content\/uploads\/2024\/12\/24_11_SAGRAT-COR_-ESPORT-AGUTS1-1024x768.jpg 1024w, https:\/\/fundaciohospitalariesmartorell.org\/entre-tots\/wp-content\/uploads\/2024\/12\/24_11_SAGRAT-COR_-ESPORT-AGUTS1-768x576.jpg 768w, https:\/\/fundaciohospitalariesmartorell.org\/entre-tots\/wp-content\/uploads\/2024\/12\/24_11_SAGRAT-COR_-ESPORT-AGUTS1-1536x1152.jpg 1536w, https:\/\/fundaciohospitalariesmartorell.org\/entre-tots\/wp-content\/uploads\/2024\/12\/24_11_SAGRAT-COR_-ESPORT-AGUTS1-1320x990.jpg 1320w\" sizes=\"auto, (max-width: 2000px) 100vw, 2000px\" \/><\/figure>\n\n\n<p>Amb l&#8217;objectiu de promoure la pr\u00e0ctica esportiva adaptada a les capacitats i interessos de cada\u00a0persona usu\u00e0ria, l&#8217;Hospital Sagrat Cor ha impulsat una transformaci\u00f3 profunda en l&#8217;enfocament de l&#8217;activitat f\u00edsica que s&#8217;ofereix al centre. Aquesta iniciativa busca millorar la qualitat de vida dels i les pacients, personalitzant les propostes d&#8217;activitat f\u00edsica d&#8217;acord amb les necessitats i condicions individuals de cada persona.<\/p>\n\n\n\n<h2 class=\"wp-block-heading\">L&#8217;activitat esportiva ja est\u00e0 disponible per a les persones ingressades a Aguts\u2028<\/h2>\n\n\n\n<p>Un dels canvis m\u00e9s destacats ha estat la incorporaci\u00f3 de l&#8217;activitat esportiva a la unitat d&#8217;Aguts de l&#8217;Hospital. Aquesta iniciativa respon a la necessitat de millorar la salut f\u00edsica i emocional dels i les pacients ingressats en situacions de m\u00e9s vulnerabilitat. Els resultats obtinguts en els darrers mesos han demostrat que iniciar la pr\u00e0ctica esportiva des del moment de l&#8217;ingr\u00e9s afavoreix notablement la seva recuperaci\u00f3, millorant el seu benestar general i facilitant la seva rehabilitaci\u00f3..\u2028<\/p>\n\n\n\n<h2 class=\"wp-block-heading\">Es reestructuren els grups d&#8217;activitat segons interessos i capacitats<\/h2>\n\n\n\n<p>\u2028A m\u00e9s, s&#8217;ha revisat i optimitzat l&#8217;estrat\u00e8gia esportiva a totes les unitats de Salut Mental. Aquest nou enfocament implica que els grups d&#8217;activitat f\u00edsica ja no es configuraran exclusivament en funci\u00f3 de les unitats o diagn\u00f2stics dels i les pacients, sin\u00f3 tenint en compte les seves capacitats individuals i els seus interessos personals. Aquest model personalitzat facilita la integraci\u00f3 dels i les pacients en activitats comunit\u00e0ries, promovent la normalitzaci\u00f3 de la seva participaci\u00f3, refor\u00e7ant la seva autoestima i contribuint a la superaci\u00f3 dels estigmes associats a les malalties mentals.<\/p>\n\n\n\n<blockquote class=\"wp-block-quote is-layout-flow wp-block-quote-is-layout-flow\">\n<p><strong>&#8220;Passar de pensar-se com a usuari a veure&#8217;s com a esportista transforma radicalment la seva perspectiva i el seu futur&#8221;<\/strong><\/p>\n<\/blockquote>\n\n\n\n<figure class=\"wp-block-image size-large\"><img loading=\"lazy\" decoding=\"async\" width=\"1024\" height=\"768\" src=\"https:\/\/hospitalsagratcormartorell.org\/entre-tots\/wp-content\/uploads\/2024\/12\/24_11_SAGRAT-COR_-ESPORT-AGUTS-2-1024x768.jpg\" alt=\"\" class=\"wp-image-10595\" srcset=\"https:\/\/fundaciohospitalariesmartorell.org\/entre-tots\/wp-content\/uploads\/2024\/12\/24_11_SAGRAT-COR_-ESPORT-AGUTS-2-1024x768.jpg 1024w, https:\/\/fundaciohospitalariesmartorell.org\/entre-tots\/wp-content\/uploads\/2024\/12\/24_11_SAGRAT-COR_-ESPORT-AGUTS-2-300x225.jpg 300w, https:\/\/fundaciohospitalariesmartorell.org\/entre-tots\/wp-content\/uploads\/2024\/12\/24_11_SAGRAT-COR_-ESPORT-AGUTS-2-768x576.jpg 768w, https:\/\/fundaciohospitalariesmartorell.org\/entre-tots\/wp-content\/uploads\/2024\/12\/24_11_SAGRAT-COR_-ESPORT-AGUTS-2-1536x1152.jpg 1536w, https:\/\/fundaciohospitalariesmartorell.org\/entre-tots\/wp-content\/uploads\/2024\/12\/24_11_SAGRAT-COR_-ESPORT-AGUTS-2-1320x990.jpg 1320w, https:\/\/fundaciohospitalariesmartorell.org\/entre-tots\/wp-content\/uploads\/2024\/12\/24_11_SAGRAT-COR_-ESPORT-AGUTS-2.jpg 2000w\" sizes=\"auto, (max-width: 1024px) 100vw, 1024px\" \/><\/figure>\n\n\n\n<p>L&#8217;activitat f\u00edsica ajuda a combatre el sedentarisme, reduint el risc de malalties metab\u00f2liques, i fomenta el comprom\u00eds i la const\u00e0ncia. Jes\u00fas\u00a0Lago, entrenador\u00a0d&#8217;Sport2live, explica que &#8220;al principi, els i les pacients poden tenir dificultats per vincular-s&#8217;hi, per\u00f2 aviat s\u00f3n ells i elles mateixes els que volen continuar participant&#8221;. Aix\u00f2 demostra com l&#8217;esport pot motivar els i les pacients a comprometre&#8217;s amb el seu proc\u00e9s de recuperaci\u00f3.<\/p>\n\n\n\n<h2 class=\"wp-block-heading\">Beneficis emocionals i socials: un treball en equip que afavoreix la confian\u00e7a<\/h2>\n\n\n\n<p>L&#8217;activitat esportiva tamb\u00e9 fomenta el treball en equip, la companyonia i la confian\u00e7a m\u00fatua. Segons els experts, formar part d&#8217;un grup esportiu ajuda a combatre l&#8217;a\u00efllament social que sovint acompanya les malalties mentals, creant una xarxa de suport entre els i les participants. Aquesta interacci\u00f3, a m\u00e9s de millorar el benestar emocional, facilita la reintegraci\u00f3 social i ajuda a reduir la percepci\u00f3 d&#8217;a\u00efllament i exclusi\u00f3.\u2028\u2028<\/p>\n\n\n\n<h2 class=\"wp-block-heading\">Reptes i futur del projecte<\/h2>\n\n\n\n<p>\u2028El projecte continua evolucionant i afronta nous reptes amb optimisme. Un dels principals \u00e9s la implementaci\u00f3 de l&#8217;activitat f\u00edsica amb els i les pacients que presenten Trastorns de Conducta Aliment\u00e0ria (TCA). En aquests casos, l&#8217;esport es treballa amb una sensibilitat i un enfocament especial, amb l&#8217;objectiu de garantir que la pr\u00e0ctica f\u00edsica sigui una eina positiva en la seva recuperaci\u00f3, promovent el benestar i l&#8217;equilibri sense que esdevingui un factor disfuncional. Aquest enfocament personalitzat permet a cada pacient i a cada pacient gaudir dels beneficis de l&#8217;esport d&#8217;una manera saludable i segura.\u2028\u2028<\/p>\n\n\n\n<p>La col\u00b7laboraci\u00f3 entre l&#8217;Hospital i\u00a0Sport2live\u00a0\u00e9s clau per garantir la continu\u00eftat i l&#8217;adaptaci\u00f3 del projecte a les necessitats canviants dels i les pacients.\u2028Jes\u00fas\u00a0Lago\u00a0destaca que aquesta entesa ha perm\u00e8s desenvolupar una infraestructura esportiva que, tot i ser complexa, s&#8217;ha anat ajustant als recursos disponibles.\u2028\u2028<\/p>\n\n\n\n<p>Integrar l&#8217;esport en el tractament d&#8217;usuaris i usu\u00e0ries amb malalties mentals agudes representa un gran pas endavant per lluitar contra l&#8217;estigma i promocionar una vida m\u00e9s saludable i plena. Aquest projecte de l&#8217;Hospital Sagrat Cor no nom\u00e9s demostra la seva efectivitat, sin\u00f3 que tamb\u00e9 evidencia el comprom\u00eds de tot el personal sanitari per oferir noves oportunitats als i les pacients. Amb aquest esfor\u00e7 col\u00b7lectiu, l&#8217;Hospital es posiciona com un referent en la integraci\u00f3 d&#8217;intervencions innovadores en l&#8217;\u00e0mbit de la salut mental.<\/p>\n","protected":false},"excerpt":{"rendered":"<p>Amb l&#8217;objectiu de promoure la pr\u00e0ctica esportiva adaptada a les capacitats i interessos de cada\u00a0persona usu\u00e0ria, l&#8217;Hospital Sagrat Cor ha impulsat una transformaci\u00f3 profunda en l&#8217;enfocament de l&#8217;activitat f\u00edsica que s&#8217;ofereix al centre. Aquesta iniciativa busca millorar la qualitat de vida dels i les pacients, personalitzant les propostes d&#8217;activitat f\u00edsica d&#8217;acord amb les necessitats i [&hellip;]<\/p>\n","protected":false},"author":2,"featured_media":10596,"comment_status":"closed","ping_status":"closed","sticky":false,"template":"","format":"standard","meta":{"footnotes":""},"categories":[28],"tags":[],"class_list":["post-10593","post","type-post","status-publish","format-standard","has-post-thumbnail","hentry","category-tot-aixo-es-nostre"],"blocksy_meta":[],"featured_image_urls_v2":{"full":["https:\/\/fundaciohospitalariesmartorell.org\/entre-tots\/wp-content\/uploads\/2024\/12\/24_11_SAGRAT-COR_-ESPORT-AGUTS1.jpg",2000,1500,false],"thumbnail":["https:\/\/fundaciohospitalariesmartorell.org\/entre-tots\/wp-content\/uploads\/2024\/12\/24_11_SAGRAT-COR_-ESPORT-AGUTS1-150x150.jpg",150,150,true],"medium":["https:\/\/fundaciohospitalariesmartorell.org\/entre-tots\/wp-content\/uploads\/2024\/12\/24_11_SAGRAT-COR_-ESPORT-AGUTS1-300x225.jpg",300,225,true],"medium_large":["https:\/\/fundaciohospitalariesmartorell.org\/entre-tots\/wp-content\/uploads\/2024\/12\/24_11_SAGRAT-COR_-ESPORT-AGUTS1-768x576.jpg",768,576,true],"large":["https:\/\/fundaciohospitalariesmartorell.org\/entre-tots\/wp-content\/uploads\/2024\/12\/24_11_SAGRAT-COR_-ESPORT-AGUTS1-1024x768.jpg",1024,768,true],"1536x1536":["https:\/\/fundaciohospitalariesmartorell.org\/entre-tots\/wp-content\/uploads\/2024\/12\/24_11_SAGRAT-COR_-ESPORT-AGUTS1-1536x1152.jpg",1536,1152,true],"2048x2048":["https:\/\/fundaciohospitalariesmartorell.org\/entre-tots\/wp-content\/uploads\/2024\/12\/24_11_SAGRAT-COR_-ESPORT-AGUTS1.jpg",2000,1500,false],"mailpoet_newsletter_max":["https:\/\/fundaciohospitalariesmartorell.org\/entre-tots\/wp-content\/uploads\/2024\/12\/24_11_SAGRAT-COR_-ESPORT-AGUTS1-1320x990.jpg",1320,990,true]},"post_excerpt_stackable_v2":"<p>Amb l&#8217;objectiu de promoure la pr\u00e0ctica esportiva adaptada a les capacitats i interessos de cada\u00a0persona usu\u00e0ria, l&#8217;Hospital Sagrat Cor ha impulsat una transformaci\u00f3 profunda en l&#8217;enfocament de l&#8217;activitat f\u00edsica que s&#8217;ofereix al centre. Aquesta iniciativa busca millorar la qualitat de vida dels i les pacients, personalitzant les propostes d&#8217;activitat f\u00edsica d&#8217;acord amb les necessitats i condicions individuals de cada persona. L&#8217;activitat esportiva ja est\u00e0 disponible per a les persones ingressades a Aguts\u2028 Un dels canvis m\u00e9s destacats ha estat la incorporaci\u00f3 de l&#8217;activitat esportiva a la unitat d&#8217;Aguts de l&#8217;Hospital. Aquesta iniciativa respon a la necessitat de millorar la salut&hellip;<\/p>\n","category_list_v2":"<a href=\"https:\/\/fundaciohospitalariesmartorell.org\/entre-tots\/category\/tot-aixo-es-nostre\/\" rel=\"category tag\">TOT AIX\u00d2 \u00c9S NOSTRE<\/a>","author_info_v2":{"name":"Sagrat Cor","url":"https:\/\/fundaciohospitalariesmartorell.org\/entre-tots\/author\/daniel\/"},"comments_num_v2":"0 comments","_links":{"self":[{"href":"https:\/\/fundaciohospitalariesmartorell.org\/entre-tots\/wp-json\/wp\/v2\/posts\/10593","targetHints":{"allow":["GET"]}}],"collection":[{"href":"https:\/\/fundaciohospitalariesmartorell.org\/entre-tots\/wp-json\/wp\/v2\/posts"}],"about":[{"href":"https:\/\/fundaciohospitalariesmartorell.org\/entre-tots\/wp-json\/wp\/v2\/types\/post"}],"author":[{"embeddable":true,"href":"https:\/\/fundaciohospitalariesmartorell.org\/entre-tots\/wp-json\/wp\/v2\/users\/2"}],"replies":[{"embeddable":true,"href":"https:\/\/fundaciohospitalariesmartorell.org\/entre-tots\/wp-json\/wp\/v2\/comments?post=10593"}],"version-history":[{"count":2,"href":"https:\/\/fundaciohospitalariesmartorell.org\/entre-tots\/wp-json\/wp\/v2\/posts\/10593\/revisions"}],"predecessor-version":[{"id":10597,"href":"https:\/\/fundaciohospitalariesmartorell.org\/entre-tots\/wp-json\/wp\/v2\/posts\/10593\/revisions\/10597"}],"wp:featuredmedia":[{"embeddable":true,"href":"https:\/\/fundaciohospitalariesmartorell.org\/entre-tots\/wp-json\/wp\/v2\/media\/10596"}],"wp:attachment":[{"href":"https:\/\/fundaciohospitalariesmartorell.org\/entre-tots\/wp-json\/wp\/v2\/media?parent=10593"}],"wp:term":[{"taxonomy":"category","embeddable":true,"href":"https:\/\/fundaciohospitalariesmartorell.org\/entre-tots\/wp-json\/wp\/v2\/categories?post=10593"},{"taxonomy":"post_tag","embeddable":true,"href":"https:\/\/fundaciohospitalariesmartorell.org\/entre-tots\/wp-json\/wp\/v2\/tags?post=10593"}],"curies":[{"name":"wp","href":"https:\/\/api.w.org\/{rel}","templated":true}]}}