{"id":10659,"date":"2025-01-15T11:31:38","date_gmt":"2025-01-15T10:31:38","guid":{"rendered":"https:\/\/fundaciohospitalariesmartorell.org\/entre-tots\/?p=10659"},"modified":"2025-01-15T11:32:42","modified_gmt":"2025-01-15T10:32:42","slug":"som-centre-jubilar-una-invitacio-a-reafirmar-la-nostra-hospitalitat-oberta-i-esperancadora","status":"publish","type":"post","link":"https:\/\/fundaciohospitalariesmartorell.org\/entre-tots\/2025\/01\/som-centre-jubilar-una-invitacio-a-reafirmar-la-nostra-hospitalitat-oberta-i-esperancadora\/","title":{"rendered":"Som centre Jubilar, una invitaci\u00f3 a reafirmar la nostra hospitalitat oberta i esperan\u00e7adora"},"content":{"rendered":"\n<p>Aquest 2025 \u00e9s un<a href=\"https:\/\/bisbatsantfeliu.cat\/jubileu-2025\/\"> Any Jubilar<\/a>, un esdeveniment extraordinari de renovaci\u00f3 espiritual, perd\u00f3 i reconciliaci\u00f3 promogut per l\u2019Esgl\u00e9sia cat\u00f2lica. Enguany, sota el lema &#8220;Pelegrins d\u2019esperan\u00e7a&#8221;, es posa \u00e8mfasi en la import\u00e0ncia de l\u2019esperan\u00e7a davant els grans reptes globals.<\/p>\n\n\n\n<p>El nostre centre ha estat designat per la Di\u00f2cesi de Sant Feliu com a centre jubilar, un lloc on, des de la pr\u00e0ctica de l&#8217;hospitalitat \u2013 servei, acollida, visita i cura \u2013, podem viure i oferir una experi\u00e8ncia de renovaci\u00f3 personal i espiritual.<\/p>\n\n\n\n<h4 class=\"wp-block-heading\">Significat de ser centre jubilar<\/h4>\n\n\n\n<p>Ser reconeguts com a centre jubilar significa que el nostre hospital esdev\u00e9 un espai on els fidels poden accedir a la celebraci\u00f3 del perd\u00f3 i la reconciliaci\u00f3, obtenint la indulg\u00e8ncia pr\u00f2pia de l\u2019Any Sant. Per\u00f2, a m\u00e9s, \u00e9s una invitaci\u00f3 a viure els valors de la miseric\u00f2rdia, la solidaritat i l\u2019esperan\u00e7a en el nostre dia a dia.<\/p>\n\n\n\n<p>Al llarg d\u2019aquest any, es proposaran diverses activitats i celebracions per reafirmar el nostre comprom\u00eds amb l&#8217;hospitalitat compassiva, tant amb les persones usu\u00e0ries i les seves fam\u00edlies com amb tota la comunitat hospital\u00e0ria.<\/p>\n\n\n\n<p>El primer gest d\u2019aquest Any Jubilar ha estat la col\u00b7locaci\u00f3 d\u2019un cartell commemoratiu a la Capella del nostre centre. Aquest s\u00edmbol ens presidir\u00e0 durant tot l\u2019any, recordant el que desitgem viure i celebrar junts com a comunitat.<\/p>\n\n\n\n<figure class=\"wp-block-image size-large\"><img loading=\"lazy\" decoding=\"async\" width=\"724\" height=\"1024\" src=\"https:\/\/fundaciohospitalariesmartorell.org\/entre-tots\/wp-content\/uploads\/2025\/01\/Pastoral-724x1024.png\" alt=\"\" class=\"wp-image-10660\" srcset=\"https:\/\/fundaciohospitalariesmartorell.org\/entre-tots\/wp-content\/uploads\/2025\/01\/Pastoral-724x1024.png 724w, https:\/\/fundaciohospitalariesmartorell.org\/entre-tots\/wp-content\/uploads\/2025\/01\/Pastoral-212x300.png 212w, https:\/\/fundaciohospitalariesmartorell.org\/entre-tots\/wp-content\/uploads\/2025\/01\/Pastoral-768x1086.png 768w, https:\/\/fundaciohospitalariesmartorell.org\/entre-tots\/wp-content\/uploads\/2025\/01\/Pastoral-1086x1536.png 1086w, https:\/\/fundaciohospitalariesmartorell.org\/entre-tots\/wp-content\/uploads\/2025\/01\/Pastoral-1320x1867.png 1320w, https:\/\/fundaciohospitalariesmartorell.org\/entre-tots\/wp-content\/uploads\/2025\/01\/Pastoral.png 1414w\" sizes=\"auto, (max-width: 724px) 100vw, 724px\" \/><\/figure>\n\n\n\n<p><\/p>\n","protected":false},"excerpt":{"rendered":"<p>Aquest 2025 \u00e9s un Any Jubilar, un esdeveniment extraordinari de renovaci\u00f3 espiritual, perd\u00f3 i reconciliaci\u00f3 promogut per l\u2019Esgl\u00e9sia cat\u00f2lica. Enguany, sota el lema &#8220;Pelegrins d\u2019esperan\u00e7a&#8221;, es posa \u00e8mfasi en la import\u00e0ncia de l\u2019esperan\u00e7a davant els grans reptes globals. El nostre centre ha estat designat per la Di\u00f2cesi de Sant Feliu com a centre jubilar, un [&hellip;]<\/p>\n","protected":false},"author":5,"featured_media":10661,"comment_status":"closed","ping_status":"closed","sticky":false,"template":"","format":"standard","meta":{"footnotes":""},"categories":[27,61],"tags":[],"class_list":["post-10659","post","type-post","status-publish","format-standard","has-post-thumbnail","hentry","category-actualitat","category-societat"],"blocksy_meta":[],"featured_image_urls_v2":{"full":["https:\/\/fundaciohospitalariesmartorell.org\/entre-tots\/wp-content\/uploads\/2025\/01\/Jubileu.png",479,328,false],"thumbnail":["https:\/\/fundaciohospitalariesmartorell.org\/entre-tots\/wp-content\/uploads\/2025\/01\/Jubileu-150x150.png",150,150,true],"medium":["https:\/\/fundaciohospitalariesmartorell.org\/entre-tots\/wp-content\/uploads\/2025\/01\/Jubileu-300x205.png",300,205,true],"medium_large":["https:\/\/fundaciohospitalariesmartorell.org\/entre-tots\/wp-content\/uploads\/2025\/01\/Jubileu.png",479,328,false],"large":["https:\/\/fundaciohospitalariesmartorell.org\/entre-tots\/wp-content\/uploads\/2025\/01\/Jubileu.png",479,328,false],"1536x1536":["https:\/\/fundaciohospitalariesmartorell.org\/entre-tots\/wp-content\/uploads\/2025\/01\/Jubileu.png",479,328,false],"2048x2048":["https:\/\/fundaciohospitalariesmartorell.org\/entre-tots\/wp-content\/uploads\/2025\/01\/Jubileu.png",479,328,false],"mailpoet_newsletter_max":["https:\/\/fundaciohospitalariesmartorell.org\/entre-tots\/wp-content\/uploads\/2025\/01\/Jubileu.png",479,328,false]},"post_excerpt_stackable_v2":"<p>Aquest 2025 \u00e9s un Any Jubilar, un esdeveniment extraordinari de renovaci\u00f3 espiritual, perd\u00f3 i reconciliaci\u00f3 promogut per l\u2019Esgl\u00e9sia cat\u00f2lica. Enguany, sota el lema &#8220;Pelegrins d\u2019esperan\u00e7a&#8221;, es posa \u00e8mfasi en la import\u00e0ncia de l\u2019esperan\u00e7a davant els grans reptes globals. El nostre centre ha estat designat per la Di\u00f2cesi de Sant Feliu com a centre jubilar, un lloc on, des de la pr\u00e0ctica de l&#8217;hospitalitat \u2013 servei, acollida, visita i cura \u2013, podem viure i oferir una experi\u00e8ncia de renovaci\u00f3 personal i espiritual. Significat de ser centre jubilar Ser reconeguts com a centre jubilar significa que el nostre hospital esdev\u00e9 un espai&hellip;<\/p>\n","category_list_v2":"<a href=\"https:\/\/fundaciohospitalariesmartorell.org\/entre-tots\/category\/actualitat\/\" rel=\"category tag\">ACTUALITAT<\/a>, <a href=\"https:\/\/fundaciohospitalariesmartorell.org\/entre-tots\/category\/actualitat\/societat\/\" rel=\"category tag\">SOCIETAT<\/a>","author_info_v2":{"name":"Alba Felip","url":"https:\/\/fundaciohospitalariesmartorell.org\/entre-tots\/author\/afelipr\/"},"comments_num_v2":"0 comments","_links":{"self":[{"href":"https:\/\/fundaciohospitalariesmartorell.org\/entre-tots\/wp-json\/wp\/v2\/posts\/10659","targetHints":{"allow":["GET"]}}],"collection":[{"href":"https:\/\/fundaciohospitalariesmartorell.org\/entre-tots\/wp-json\/wp\/v2\/posts"}],"about":[{"href":"https:\/\/fundaciohospitalariesmartorell.org\/entre-tots\/wp-json\/wp\/v2\/types\/post"}],"author":[{"embeddable":true,"href":"https:\/\/fundaciohospitalariesmartorell.org\/entre-tots\/wp-json\/wp\/v2\/users\/5"}],"replies":[{"embeddable":true,"href":"https:\/\/fundaciohospitalariesmartorell.org\/entre-tots\/wp-json\/wp\/v2\/comments?post=10659"}],"version-history":[{"count":2,"href":"https:\/\/fundaciohospitalariesmartorell.org\/entre-tots\/wp-json\/wp\/v2\/posts\/10659\/revisions"}],"predecessor-version":[{"id":10663,"href":"https:\/\/fundaciohospitalariesmartorell.org\/entre-tots\/wp-json\/wp\/v2\/posts\/10659\/revisions\/10663"}],"wp:featuredmedia":[{"embeddable":true,"href":"https:\/\/fundaciohospitalariesmartorell.org\/entre-tots\/wp-json\/wp\/v2\/media\/10661"}],"wp:attachment":[{"href":"https:\/\/fundaciohospitalariesmartorell.org\/entre-tots\/wp-json\/wp\/v2\/media?parent=10659"}],"wp:term":[{"taxonomy":"category","embeddable":true,"href":"https:\/\/fundaciohospitalariesmartorell.org\/entre-tots\/wp-json\/wp\/v2\/categories?post=10659"},{"taxonomy":"post_tag","embeddable":true,"href":"https:\/\/fundaciohospitalariesmartorell.org\/entre-tots\/wp-json\/wp\/v2\/tags?post=10659"}],"curies":[{"name":"wp","href":"https:\/\/api.w.org\/{rel}","templated":true}]}}