{"id":10664,"date":"2025-01-15T12:26:20","date_gmt":"2025-01-15T11:26:20","guid":{"rendered":"https:\/\/fundaciohospitalariesmartorell.org\/entre-tots\/?p=10664"},"modified":"2025-01-24T13:25:02","modified_gmt":"2025-01-24T12:25:02","slug":"visita-dels-reis-mags-a-les-persones-usuaries-de-lhospital","status":"publish","type":"post","link":"https:\/\/fundaciohospitalariesmartorell.org\/entre-tots\/2025\/01\/visita-dels-reis-mags-a-les-persones-usuaries-de-lhospital\/","title":{"rendered":"Visita dels Reis d&#8217;Orient a les persones usu\u00e0ries de l&#8217;hospital"},"content":{"rendered":"\n<figure class=\"wp-block-image size-large\"><img loading=\"lazy\" decoding=\"async\" width=\"1024\" height=\"768\" src=\"https:\/\/fundaciohospitalariesmartorell.org\/entre-tots\/wp-content\/uploads\/2025\/01\/WhatsApp-Image-2025-01-05-at-18.17.30-3-1024x768.jpeg\" alt=\"\" class=\"wp-image-10665\" srcset=\"https:\/\/fundaciohospitalariesmartorell.org\/entre-tots\/wp-content\/uploads\/2025\/01\/WhatsApp-Image-2025-01-05-at-18.17.30-3-1024x768.jpeg 1024w, https:\/\/fundaciohospitalariesmartorell.org\/entre-tots\/wp-content\/uploads\/2025\/01\/WhatsApp-Image-2025-01-05-at-18.17.30-3-300x225.jpeg 300w, https:\/\/fundaciohospitalariesmartorell.org\/entre-tots\/wp-content\/uploads\/2025\/01\/WhatsApp-Image-2025-01-05-at-18.17.30-3-768x576.jpeg 768w, https:\/\/fundaciohospitalariesmartorell.org\/entre-tots\/wp-content\/uploads\/2025\/01\/WhatsApp-Image-2025-01-05-at-18.17.30-3-1536x1152.jpeg 1536w, https:\/\/fundaciohospitalariesmartorell.org\/entre-tots\/wp-content\/uploads\/2025\/01\/WhatsApp-Image-2025-01-05-at-18.17.30-3-1320x990.jpeg 1320w, https:\/\/fundaciohospitalariesmartorell.org\/entre-tots\/wp-content\/uploads\/2025\/01\/WhatsApp-Image-2025-01-05-at-18.17.30-3.jpeg 2048w\" sizes=\"auto, (max-width: 1024px) 100vw, 1024px\" \/><\/figure>\n\n\n\n<p>Un any m\u00e9s, els Reis d&#8217;Orient van fer parada al nostre hospital, omplint els passadissos d\u2019il\u00b7lusi\u00f3 i de m\u00e0gia. Aquesta tradici\u00f3, que ja suma m\u00e9s de 30 anys d\u2019hist\u00f2ria, \u00e9s un moment per fer una pausa en el dia a dia hospitalari i crear un espai ple de calidesa, alegria i un missatge d\u2019esperan\u00e7a compartida entre persones usu\u00e0ries, familiars i personal col\u00b7laborador.<\/p>\n\n\n\n<p>En la visita tamb\u00e9 hi van participar l\u2019alcalde de Martorell, Xavier Fonollosa, i altres representants municipals, que van estar acompanyats per sor Isabel Bl\u00e1zquez, superiora local, Pilar Herrero, directora d&#8217;infermeria i David Juanes, coordinador de l&#8217;\u00c0rea de Rehabilitaci\u00f3 en Salut Mental.<\/p>\n\n\n\n<div class=\"wp-block-getwid-images-slider has-arrows-inside has-dots-inside has-images-center has-cropped-images\"><div class=\"wp-block-getwid-images-slider__wrapper\" data-effect=\"slide\" data-slides-show=\"1\" data-slides-show-laptop=\"1\" data-slides-show-tablet=\"1\" data-slides-show-mobile=\"1\" data-slides-scroll=\"1\" data-autoplay=\"false\" data-pause-hover=\"false\" data-autoplay-speed=\"6000\" data-infinite=\"true\" data-animation-speed=\"800\" data-center-mode=\"false\" data-variable-width=\"false\" data-arrows=\"inside\" data-dots=\"inside\" data-spacing=\"none\"><div class=\"wp-block-getwid-images-slider__item\"><figure><img loading=\"lazy\" decoding=\"async\" width=\"2048\" height=\"1536\" src=\"https:\/\/fundaciohospitalariesmartorell.org\/entre-tots\/wp-content\/uploads\/2025\/01\/WhatsApp-Image-2025-01-05-at-18.17.31.jpeg\" data-id=\"10666\" data-link=\"https:\/\/fundaciohospitalariesmartorell.org\/entre-tots\/?attachment_id=10666\" data-original-link=\"https:\/\/fundaciohospitalariesmartorell.org\/entre-tots\/wp-content\/uploads\/2025\/01\/WhatsApp-Image-2025-01-05-at-18.17.31.jpeg\" class=\"wp-block-getwid-images-slider__image wp-image-10666\" srcset=\"https:\/\/fundaciohospitalariesmartorell.org\/entre-tots\/wp-content\/uploads\/2025\/01\/WhatsApp-Image-2025-01-05-at-18.17.31.jpeg 2048w, https:\/\/fundaciohospitalariesmartorell.org\/entre-tots\/wp-content\/uploads\/2025\/01\/WhatsApp-Image-2025-01-05-at-18.17.31-300x225.jpeg 300w, https:\/\/fundaciohospitalariesmartorell.org\/entre-tots\/wp-content\/uploads\/2025\/01\/WhatsApp-Image-2025-01-05-at-18.17.31-1024x768.jpeg 1024w, https:\/\/fundaciohospitalariesmartorell.org\/entre-tots\/wp-content\/uploads\/2025\/01\/WhatsApp-Image-2025-01-05-at-18.17.31-768x576.jpeg 768w, https:\/\/fundaciohospitalariesmartorell.org\/entre-tots\/wp-content\/uploads\/2025\/01\/WhatsApp-Image-2025-01-05-at-18.17.31-1536x1152.jpeg 1536w, https:\/\/fundaciohospitalariesmartorell.org\/entre-tots\/wp-content\/uploads\/2025\/01\/WhatsApp-Image-2025-01-05-at-18.17.31-1320x990.jpeg 1320w\" sizes=\"auto, (max-width: 2048px) 100vw, 2048px\" \/><\/figure><\/div><div class=\"wp-block-getwid-images-slider__item\"><figure><img loading=\"lazy\" decoding=\"async\" width=\"2048\" height=\"1536\" src=\"https:\/\/fundaciohospitalariesmartorell.org\/entre-tots\/wp-content\/uploads\/2025\/01\/WhatsApp-Image-2025-01-05-at-18.17.30.jpeg\" data-id=\"10668\" data-link=\"https:\/\/fundaciohospitalariesmartorell.org\/entre-tots\/?attachment_id=10668\" data-original-link=\"https:\/\/fundaciohospitalariesmartorell.org\/entre-tots\/wp-content\/uploads\/2025\/01\/WhatsApp-Image-2025-01-05-at-18.17.30.jpeg\" class=\"wp-block-getwid-images-slider__image wp-image-10668\" srcset=\"https:\/\/fundaciohospitalariesmartorell.org\/entre-tots\/wp-content\/uploads\/2025\/01\/WhatsApp-Image-2025-01-05-at-18.17.30.jpeg 2048w, https:\/\/fundaciohospitalariesmartorell.org\/entre-tots\/wp-content\/uploads\/2025\/01\/WhatsApp-Image-2025-01-05-at-18.17.30-300x225.jpeg 300w, https:\/\/fundaciohospitalariesmartorell.org\/entre-tots\/wp-content\/uploads\/2025\/01\/WhatsApp-Image-2025-01-05-at-18.17.30-1024x768.jpeg 1024w, https:\/\/fundaciohospitalariesmartorell.org\/entre-tots\/wp-content\/uploads\/2025\/01\/WhatsApp-Image-2025-01-05-at-18.17.30-768x576.jpeg 768w, https:\/\/fundaciohospitalariesmartorell.org\/entre-tots\/wp-content\/uploads\/2025\/01\/WhatsApp-Image-2025-01-05-at-18.17.30-1536x1152.jpeg 1536w, https:\/\/fundaciohospitalariesmartorell.org\/entre-tots\/wp-content\/uploads\/2025\/01\/WhatsApp-Image-2025-01-05-at-18.17.30-1320x990.jpeg 1320w\" sizes=\"auto, (max-width: 2048px) 100vw, 2048px\" \/><\/figure><\/div><div class=\"wp-block-getwid-images-slider__item\"><figure><img loading=\"lazy\" decoding=\"async\" width=\"2048\" height=\"1536\" src=\"https:\/\/fundaciohospitalariesmartorell.org\/entre-tots\/wp-content\/uploads\/2025\/01\/WhatsApp-Image-2025-01-05-at-18.17.30-2.jpeg\" data-id=\"10667\" data-link=\"https:\/\/fundaciohospitalariesmartorell.org\/entre-tots\/?attachment_id=10667\" data-original-link=\"https:\/\/fundaciohospitalariesmartorell.org\/entre-tots\/wp-content\/uploads\/2025\/01\/WhatsApp-Image-2025-01-05-at-18.17.30-2.jpeg\" class=\"wp-block-getwid-images-slider__image wp-image-10667\" srcset=\"https:\/\/fundaciohospitalariesmartorell.org\/entre-tots\/wp-content\/uploads\/2025\/01\/WhatsApp-Image-2025-01-05-at-18.17.30-2.jpeg 2048w, https:\/\/fundaciohospitalariesmartorell.org\/entre-tots\/wp-content\/uploads\/2025\/01\/WhatsApp-Image-2025-01-05-at-18.17.30-2-300x225.jpeg 300w, https:\/\/fundaciohospitalariesmartorell.org\/entre-tots\/wp-content\/uploads\/2025\/01\/WhatsApp-Image-2025-01-05-at-18.17.30-2-1024x768.jpeg 1024w, https:\/\/fundaciohospitalariesmartorell.org\/entre-tots\/wp-content\/uploads\/2025\/01\/WhatsApp-Image-2025-01-05-at-18.17.30-2-768x576.jpeg 768w, https:\/\/fundaciohospitalariesmartorell.org\/entre-tots\/wp-content\/uploads\/2025\/01\/WhatsApp-Image-2025-01-05-at-18.17.30-2-1536x1152.jpeg 1536w, https:\/\/fundaciohospitalariesmartorell.org\/entre-tots\/wp-content\/uploads\/2025\/01\/WhatsApp-Image-2025-01-05-at-18.17.30-2-1320x990.jpeg 1320w\" sizes=\"auto, (max-width: 2048px) 100vw, 2048px\" \/><\/figure><\/div><div class=\"wp-block-getwid-images-slider__item\"><figure><img loading=\"lazy\" decoding=\"async\" width=\"2048\" height=\"1536\" src=\"https:\/\/fundaciohospitalariesmartorell.org\/entre-tots\/wp-content\/uploads\/2025\/01\/WhatsApp-Image-2025-01-05-at-18.17.30-4.jpeg\" data-id=\"10669\" data-link=\"https:\/\/fundaciohospitalariesmartorell.org\/entre-tots\/?attachment_id=10669\" data-original-link=\"https:\/\/fundaciohospitalariesmartorell.org\/entre-tots\/wp-content\/uploads\/2025\/01\/WhatsApp-Image-2025-01-05-at-18.17.30-4.jpeg\" class=\"wp-block-getwid-images-slider__image wp-image-10669\" srcset=\"https:\/\/fundaciohospitalariesmartorell.org\/entre-tots\/wp-content\/uploads\/2025\/01\/WhatsApp-Image-2025-01-05-at-18.17.30-4.jpeg 2048w, https:\/\/fundaciohospitalariesmartorell.org\/entre-tots\/wp-content\/uploads\/2025\/01\/WhatsApp-Image-2025-01-05-at-18.17.30-4-300x225.jpeg 300w, https:\/\/fundaciohospitalariesmartorell.org\/entre-tots\/wp-content\/uploads\/2025\/01\/WhatsApp-Image-2025-01-05-at-18.17.30-4-1024x768.jpeg 1024w, https:\/\/fundaciohospitalariesmartorell.org\/entre-tots\/wp-content\/uploads\/2025\/01\/WhatsApp-Image-2025-01-05-at-18.17.30-4-768x576.jpeg 768w, https:\/\/fundaciohospitalariesmartorell.org\/entre-tots\/wp-content\/uploads\/2025\/01\/WhatsApp-Image-2025-01-05-at-18.17.30-4-1536x1152.jpeg 1536w, https:\/\/fundaciohospitalariesmartorell.org\/entre-tots\/wp-content\/uploads\/2025\/01\/WhatsApp-Image-2025-01-05-at-18.17.30-4-1320x990.jpeg 1320w\" sizes=\"auto, (max-width: 2048px) 100vw, 2048px\" \/><\/figure><\/div><\/div><\/div>\n","protected":false},"excerpt":{"rendered":"<p>Un any m\u00e9s, els Reis d&#8217;Orient van fer parada al nostre hospital, omplint els passadissos d\u2019il\u00b7lusi\u00f3 i de m\u00e0gia. Aquesta tradici\u00f3, que ja suma m\u00e9s de 30 anys d\u2019hist\u00f2ria, \u00e9s un moment per fer una pausa en el dia a dia hospitalari i crear un espai ple de calidesa, alegria i un missatge d\u2019esperan\u00e7a compartida [&hellip;]<\/p>\n","protected":false},"author":5,"featured_media":10668,"comment_status":"closed","ping_status":"closed","sticky":false,"template":"","format":"standard","meta":{"footnotes":""},"categories":[27,61],"tags":[],"class_list":["post-10664","post","type-post","status-publish","format-standard","has-post-thumbnail","hentry","category-actualitat","category-societat"],"blocksy_meta":[],"featured_image_urls_v2":{"full":["https:\/\/fundaciohospitalariesmartorell.org\/entre-tots\/wp-content\/uploads\/2025\/01\/WhatsApp-Image-2025-01-05-at-18.17.30.jpeg",2048,1536,false],"thumbnail":["https:\/\/fundaciohospitalariesmartorell.org\/entre-tots\/wp-content\/uploads\/2025\/01\/WhatsApp-Image-2025-01-05-at-18.17.30-150x150.jpeg",150,150,true],"medium":["https:\/\/fundaciohospitalariesmartorell.org\/entre-tots\/wp-content\/uploads\/2025\/01\/WhatsApp-Image-2025-01-05-at-18.17.30-300x225.jpeg",300,225,true],"medium_large":["https:\/\/fundaciohospitalariesmartorell.org\/entre-tots\/wp-content\/uploads\/2025\/01\/WhatsApp-Image-2025-01-05-at-18.17.30-768x576.jpeg",768,576,true],"large":["https:\/\/fundaciohospitalariesmartorell.org\/entre-tots\/wp-content\/uploads\/2025\/01\/WhatsApp-Image-2025-01-05-at-18.17.30-1024x768.jpeg",1024,768,true],"1536x1536":["https:\/\/fundaciohospitalariesmartorell.org\/entre-tots\/wp-content\/uploads\/2025\/01\/WhatsApp-Image-2025-01-05-at-18.17.30-1536x1152.jpeg",1536,1152,true],"2048x2048":["https:\/\/fundaciohospitalariesmartorell.org\/entre-tots\/wp-content\/uploads\/2025\/01\/WhatsApp-Image-2025-01-05-at-18.17.30.jpeg",2048,1536,false],"mailpoet_newsletter_max":["https:\/\/fundaciohospitalariesmartorell.org\/entre-tots\/wp-content\/uploads\/2025\/01\/WhatsApp-Image-2025-01-05-at-18.17.30-1320x990.jpeg",1320,990,true]},"post_excerpt_stackable_v2":"<p>Un any m\u00e9s, els Reis d&#8217;Orient van fer parada al nostre hospital, omplint els passadissos d\u2019il\u00b7lusi\u00f3 i de m\u00e0gia. Aquesta tradici\u00f3, que ja suma m\u00e9s de 30 anys d\u2019hist\u00f2ria, \u00e9s un moment per fer una pausa en el dia a dia hospitalari i crear un espai ple de calidesa, alegria i un missatge d\u2019esperan\u00e7a compartida entre persones usu\u00e0ries, familiars i personal col\u00b7laborador. En la visita tamb\u00e9 hi van participar l\u2019alcalde de Martorell, Xavier Fonollosa, i altres representants municipals, que van estar acompanyats per sor Isabel Bl\u00e1zquez, superiora local, Pilar Herrero, directora d&#8217;infermeria i David Juanes, coordinador de l&#8217;\u00c0rea de Rehabilitaci\u00f3&hellip;<\/p>\n","category_list_v2":"<a href=\"https:\/\/fundaciohospitalariesmartorell.org\/entre-tots\/category\/actualitat\/\" rel=\"category tag\">ACTUALITAT<\/a>, <a href=\"https:\/\/fundaciohospitalariesmartorell.org\/entre-tots\/category\/actualitat\/societat\/\" rel=\"category tag\">SOCIETAT<\/a>","author_info_v2":{"name":"Alba Felip","url":"https:\/\/fundaciohospitalariesmartorell.org\/entre-tots\/author\/afelipr\/"},"comments_num_v2":"0 comments","_links":{"self":[{"href":"https:\/\/fundaciohospitalariesmartorell.org\/entre-tots\/wp-json\/wp\/v2\/posts\/10664","targetHints":{"allow":["GET"]}}],"collection":[{"href":"https:\/\/fundaciohospitalariesmartorell.org\/entre-tots\/wp-json\/wp\/v2\/posts"}],"about":[{"href":"https:\/\/fundaciohospitalariesmartorell.org\/entre-tots\/wp-json\/wp\/v2\/types\/post"}],"author":[{"embeddable":true,"href":"https:\/\/fundaciohospitalariesmartorell.org\/entre-tots\/wp-json\/wp\/v2\/users\/5"}],"replies":[{"embeddable":true,"href":"https:\/\/fundaciohospitalariesmartorell.org\/entre-tots\/wp-json\/wp\/v2\/comments?post=10664"}],"version-history":[{"count":3,"href":"https:\/\/fundaciohospitalariesmartorell.org\/entre-tots\/wp-json\/wp\/v2\/posts\/10664\/revisions"}],"predecessor-version":[{"id":10723,"href":"https:\/\/fundaciohospitalariesmartorell.org\/entre-tots\/wp-json\/wp\/v2\/posts\/10664\/revisions\/10723"}],"wp:featuredmedia":[{"embeddable":true,"href":"https:\/\/fundaciohospitalariesmartorell.org\/entre-tots\/wp-json\/wp\/v2\/media\/10668"}],"wp:attachment":[{"href":"https:\/\/fundaciohospitalariesmartorell.org\/entre-tots\/wp-json\/wp\/v2\/media?parent=10664"}],"wp:term":[{"taxonomy":"category","embeddable":true,"href":"https:\/\/fundaciohospitalariesmartorell.org\/entre-tots\/wp-json\/wp\/v2\/categories?post=10664"},{"taxonomy":"post_tag","embeddable":true,"href":"https:\/\/fundaciohospitalariesmartorell.org\/entre-tots\/wp-json\/wp\/v2\/tags?post=10664"}],"curies":[{"name":"wp","href":"https:\/\/api.w.org\/{rel}","templated":true}]}}