{"id":10672,"date":"2025-01-15T12:29:58","date_gmt":"2025-01-15T11:29:58","guid":{"rendered":"https:\/\/fundaciohospitalariesmartorell.org\/entre-tots\/?p=10672"},"modified":"2025-01-15T12:30:28","modified_gmt":"2025-01-15T11:30:28","slug":"simpulsa-un-grup-balint-per-donar-suport-als-i-les-professionals-de-cures-palliatives-i-pades","status":"publish","type":"post","link":"https:\/\/fundaciohospitalariesmartorell.org\/entre-tots\/2025\/01\/simpulsa-un-grup-balint-per-donar-suport-als-i-les-professionals-de-cures-palliatives-i-pades\/","title":{"rendered":"S&#8217;impulsa un Grup Balint per donar suport als i les professionals de Cures Pal\u00b7liatives i PADES"},"content":{"rendered":"\n<p>A partir del mes de febrer, la Fundaci\u00f3 Hospital\u00e0ries Martorell incorporar\u00e0 un Grup Balint amb l&#8217;objectiu de donar suport als i les professionals de la Unitat de Cures Pal\u00b7liatives i el PADES. Aquesta iniciativa t\u00e9 com a objectiu abordar la complexitat emocional&nbsp;que sovint acompanya els casos cl\u00ednics m\u00e9s delicats, prevenir el burnout&nbsp;i oferir un espai de reflexi\u00f3 i an\u00e0lisi.<\/p>\n\n\n\n<p>El Grup Balint&nbsp;consistir\u00e0 en una trobada mensual facilitada per un equip extern de professionals especialitzats en salut mental, on es discutir\u00e0 i es comprendran millor les implicacions emocionals i relacionals que es generen entre el personal col\u00b7laborador, les persones usu\u00e0ries i els seus familiars. Aquest treball ha de permetre als i les participants trobar un equilibri entre el seu rol professional i la seva identitat personal, gestionant la c\u00e0rrega emocional derivada del tractament de pacients en situacions complexes.<\/p>\n\n\n\n<p>Les sessions, que es realitzaran de febrer a juny el segon dimarts de mes, de 13:30 a 15:00. seran confidencials i es treballar\u00e0 des de l\u2019an\u00e0lisi de casos reals que han generat impacte emocional, conflictes \u00e8tics o dilemes professionals. La data d&#8217;inici ser\u00e0 l&#8217;11 de febrer.<\/p>\n\n\n\n<p>S&#8217;espera que&nbsp;les persones participants aprenguin a gestionar millor les emocions i les contradiccions&nbsp;que sorgeixen en la relaci\u00f3 amb pacients i familiars, acceptar els l\u00edmits del seu rol professional, disminuint l\u2019exig\u00e8ncia i la frustraci\u00f3 i enfortir la cohesi\u00f3 d\u2019equip mitjan\u00e7ant l\u2019intercanvi d\u2019experi\u00e8ncies i perspectives.<\/p>\n\n\n\n<p>Tenint en compte que&nbsp;<strong>les places s\u00f3n limitades a 15<\/strong>, es recomana al personal col\u00b7laborador d&#8217;aquests serveis que facin la sol\u00b7licitud de participaci\u00f3 a trav\u00e9s dels seus respectius coordinadors via mail.<\/p>\n","protected":false},"excerpt":{"rendered":"<p>A partir del mes de febrer, la Fundaci\u00f3 Hospital\u00e0ries Martorell incorporar\u00e0 un Grup Balint amb l&#8217;objectiu de donar suport als i les professionals de la Unitat de Cures Pal\u00b7liatives i el PADES. Aquesta iniciativa t\u00e9 com a objectiu abordar la complexitat emocional&nbsp;que sovint acompanya els casos cl\u00ednics m\u00e9s delicats, prevenir el burnout&nbsp;i oferir un espai [&hellip;]<\/p>\n","protected":false},"author":5,"featured_media":9920,"comment_status":"closed","ping_status":"closed","sticky":false,"template":"","format":"standard","meta":{"footnotes":""},"categories":[27],"tags":[],"class_list":["post-10672","post","type-post","status-publish","format-standard","has-post-thumbnail","hentry","category-actualitat"],"blocksy_meta":[],"featured_image_urls_v2":{"full":["https:\/\/fundaciohospitalariesmartorell.org\/entre-tots\/wp-content\/uploads\/2024\/10\/paliatius-edited.png",728,410,false],"thumbnail":["https:\/\/fundaciohospitalariesmartorell.org\/entre-tots\/wp-content\/uploads\/2024\/10\/paliatius-edited-150x150.png",150,150,true],"medium":["https:\/\/fundaciohospitalariesmartorell.org\/entre-tots\/wp-content\/uploads\/2024\/10\/paliatius-edited-300x169.png",300,169,true],"medium_large":["https:\/\/fundaciohospitalariesmartorell.org\/entre-tots\/wp-content\/uploads\/2024\/10\/paliatius-edited.png",728,410,false],"large":["https:\/\/fundaciohospitalariesmartorell.org\/entre-tots\/wp-content\/uploads\/2024\/10\/paliatius-edited.png",728,410,false],"1536x1536":["https:\/\/fundaciohospitalariesmartorell.org\/entre-tots\/wp-content\/uploads\/2024\/10\/paliatius-edited.png",728,410,false],"2048x2048":["https:\/\/fundaciohospitalariesmartorell.org\/entre-tots\/wp-content\/uploads\/2024\/10\/paliatius-edited.png",728,410,false],"mailpoet_newsletter_max":["https:\/\/fundaciohospitalariesmartorell.org\/entre-tots\/wp-content\/uploads\/2024\/10\/paliatius-edited.png",728,410,false]},"post_excerpt_stackable_v2":"<p>A partir del mes de febrer, la Fundaci\u00f3 Hospital\u00e0ries Martorell incorporar\u00e0 un Grup Balint amb l&#8217;objectiu de donar suport als i les professionals de la Unitat de Cures Pal\u00b7liatives i el PADES. Aquesta iniciativa t\u00e9 com a objectiu abordar la complexitat emocional&nbsp;que sovint acompanya els casos cl\u00ednics m\u00e9s delicats, prevenir el burnout&nbsp;i oferir un espai de reflexi\u00f3 i an\u00e0lisi. El Grup Balint&nbsp;consistir\u00e0 en una trobada mensual facilitada per un equip extern de professionals especialitzats en salut mental, on es discutir\u00e0 i es comprendran millor les implicacions emocionals i relacionals que es generen entre el personal col\u00b7laborador, les persones usu\u00e0ries i&hellip;<\/p>\n","category_list_v2":"<a href=\"https:\/\/fundaciohospitalariesmartorell.org\/entre-tots\/category\/actualitat\/\" rel=\"category tag\">ACTUALITAT<\/a>","author_info_v2":{"name":"Alba Felip","url":"https:\/\/fundaciohospitalariesmartorell.org\/entre-tots\/author\/afelipr\/"},"comments_num_v2":"0 comments","_links":{"self":[{"href":"https:\/\/fundaciohospitalariesmartorell.org\/entre-tots\/wp-json\/wp\/v2\/posts\/10672","targetHints":{"allow":["GET"]}}],"collection":[{"href":"https:\/\/fundaciohospitalariesmartorell.org\/entre-tots\/wp-json\/wp\/v2\/posts"}],"about":[{"href":"https:\/\/fundaciohospitalariesmartorell.org\/entre-tots\/wp-json\/wp\/v2\/types\/post"}],"author":[{"embeddable":true,"href":"https:\/\/fundaciohospitalariesmartorell.org\/entre-tots\/wp-json\/wp\/v2\/users\/5"}],"replies":[{"embeddable":true,"href":"https:\/\/fundaciohospitalariesmartorell.org\/entre-tots\/wp-json\/wp\/v2\/comments?post=10672"}],"version-history":[{"count":1,"href":"https:\/\/fundaciohospitalariesmartorell.org\/entre-tots\/wp-json\/wp\/v2\/posts\/10672\/revisions"}],"predecessor-version":[{"id":10673,"href":"https:\/\/fundaciohospitalariesmartorell.org\/entre-tots\/wp-json\/wp\/v2\/posts\/10672\/revisions\/10673"}],"wp:featuredmedia":[{"embeddable":true,"href":"https:\/\/fundaciohospitalariesmartorell.org\/entre-tots\/wp-json\/wp\/v2\/media\/9920"}],"wp:attachment":[{"href":"https:\/\/fundaciohospitalariesmartorell.org\/entre-tots\/wp-json\/wp\/v2\/media?parent=10672"}],"wp:term":[{"taxonomy":"category","embeddable":true,"href":"https:\/\/fundaciohospitalariesmartorell.org\/entre-tots\/wp-json\/wp\/v2\/categories?post=10672"},{"taxonomy":"post_tag","embeddable":true,"href":"https:\/\/fundaciohospitalariesmartorell.org\/entre-tots\/wp-json\/wp\/v2\/tags?post=10672"}],"curies":[{"name":"wp","href":"https:\/\/api.w.org\/{rel}","templated":true}]}}