{"id":10680,"date":"2025-01-16T15:19:35","date_gmt":"2025-01-16T14:19:35","guid":{"rendered":"https:\/\/fundaciohospitalariesmartorell.org\/entre-tots\/?p=10680"},"modified":"2025-01-31T13:12:56","modified_gmt":"2025-01-31T12:12:56","slug":"neix-fundacio-hospitalaries-un-cor-renovat-per-a-lobra-assistencial-de-germanes-hospitalaries","status":"publish","type":"post","link":"https:\/\/fundaciohospitalariesmartorell.org\/entre-tots\/2025\/01\/neix-fundacio-hospitalaries-un-cor-renovat-per-a-lobra-assistencial-de-germanes-hospitalaries\/","title":{"rendered":"Neix la Fundaci\u00f3 Hospital\u00e0ries: un cor renovat per a l\u2019obra assistencial de Germanes Hospital\u00e0ries"},"content":{"rendered":"\n<figure class=\"wp-block-image size-large\"><img loading=\"lazy\" decoding=\"async\" width=\"1024\" height=\"256\" src=\"https:\/\/fundaciohospitalariesmartorell.org\/entre-tots\/wp-content\/uploads\/2025\/01\/Martorell-encbezado-linkedin-1024x256.jpg\" alt=\"\" class=\"wp-image-10682\" srcset=\"https:\/\/fundaciohospitalariesmartorell.org\/entre-tots\/wp-content\/uploads\/2025\/01\/Martorell-encbezado-linkedin-1024x256.jpg 1024w, https:\/\/fundaciohospitalariesmartorell.org\/entre-tots\/wp-content\/uploads\/2025\/01\/Martorell-encbezado-linkedin-300x75.jpg 300w, https:\/\/fundaciohospitalariesmartorell.org\/entre-tots\/wp-content\/uploads\/2025\/01\/Martorell-encbezado-linkedin-768x192.jpg 768w, https:\/\/fundaciohospitalariesmartorell.org\/entre-tots\/wp-content\/uploads\/2025\/01\/Martorell-encbezado-linkedin-1536x384.jpg 1536w, https:\/\/fundaciohospitalariesmartorell.org\/entre-tots\/wp-content\/uploads\/2025\/01\/Martorell-encbezado-linkedin-1320x330.jpg 1320w, https:\/\/fundaciohospitalariesmartorell.org\/entre-tots\/wp-content\/uploads\/2025\/01\/Martorell-encbezado-linkedin.jpg 1584w\" sizes=\"auto, (max-width: 1024px) 100vw, 1024px\" \/><\/figure>\n\n\n\n<p>Amb molta il\u00b7lusi\u00f3, iniciem una nova etapa a la nostra hist\u00f2ria: a partir d\u2019ara som\u00a0la <strong>Fundaci\u00f3 Hospital\u00e0ries<\/strong>, una fundaci\u00f3 can\u00f2nica de recent creaci\u00f3 que acollir\u00e0 tota l\u2019activitat assistencial desenvolupada per Germanes Hospital\u00e0ries arreu de l\u2019Estat. A la primera fase, els centres de Castella i Lle\u00f3 no s\u2019integraran a la Fundaci\u00f3, tot i que ho faran al llarg d&#8217;aquest any.<\/p>\n\n\n\n<p>Des dels seus inicis, la Congregaci\u00f3 Germanes Hospital\u00e0ries del Sagrat Cor de Jes\u00fas va optar per treballar en estreta col\u00b7laboraci\u00f3 amb professionals profundament implicats en la instituci\u00f3, amb els quals compartim valors i missi\u00f3<\/p>\n\n\n\n<p>En aquest context, la Fundaci\u00f3 Hospital\u00e0ries neix com un projecte ple d\u2019il\u00b7lusi\u00f3 i comprom\u00eds, que garanteix la sostenibilitat de la important tasca que desenvolupem per a millorar la qualitat de vida de milers de persones.<\/p>\n\n\n\n<p>La Fundaci\u00f3 ens permetr\u00e0 mantenir vius els valors que ens han guiat durant 143 anys:&nbsp;<strong>hospitalitat, sensibilitat, servei, acollida alliberadora, salut integral, qualitat professional, humanitat, \u00e8tica i consci\u00e8ncia hist\u00f2rica<\/strong>. I, a la vegada, podrem donar continu\u00eftat a la nostra labor hospital\u00e0ria amb les persones a qui atenem: persones amb problemes de salut mental, nens i adults amb dany cerebral, amb discapacitat intel\u00b7lectual, persones grans amb trastorns de salut mental i altres trastorns neurol\u00f2gics, pacients amb necessitats de cures pal\u00b7liatives, persones amb altres malalties\u2026<\/p>\n\n\n\n<p>Aix\u00ed, la Fundaci\u00f3 mantindr\u00e0 la mateixa missi\u00f3: acompanyar a persones vulnerables cap a la recuperaci\u00f3 de les seves vides, integrant-les com a ciutadans de ple dret a la nostra societat; i ho farem amb una imatge diferent, un cor renovat amb el qual ens adaptem als nous temps.<\/p>\n\n\n\n<figure class=\"wp-block-embed is-type-video is-provider-youtube wp-block-embed-youtube wp-embed-aspect-16-9 wp-has-aspect-ratio\"><div class=\"wp-block-embed__wrapper\">\n<iframe loading=\"lazy\" title=\"Neix la Fundaci\u00f3 Hospital\u00e0ries\" width=\"1290\" height=\"726\" src=\"https:\/\/www.youtube.com\/embed\/QcWmKXWQhW8?feature=oembed\" frameborder=\"0\" allow=\"accelerometer; autoplay; clipboard-write; encrypted-media; gyroscope; picture-in-picture; web-share\" referrerpolicy=\"strict-origin-when-cross-origin\" allowfullscreen><\/iframe>\n<\/div><\/figure>\n\n\n\n<p>Al cor de Jes\u00fas, s\u00edmbol de la nostra identitat, s\u2019obre ara un espai central que acull a totes les persones que ens necessiten, sense distinci\u00f3 de races, cultures, g\u00e8nere o classe social. Aquest lloc tamb\u00e9 reuneix als nostres col\u00b7laboradors, voluntaris i, per descomptat, a les Germanes, formant una gran comunitat hospital\u00e0ria.<\/p>\n\n\n\n<p>Avui dia, Congregaci\u00f3 i Fundaci\u00f3 compten amb m\u00e9s de 9.000 professionals i atenen a m\u00e9s de 360.000 persones als seus centres de tot l\u2019Estat.<\/p>\n\n\n\n<p>La congregaci\u00f3 Germanes Hospital\u00e0ries continuar\u00e0 fent \u00fas del logotip anterior, per\u00f2 tota l\u2019obra hospital\u00e0ria, que passa a estar sota titularitat de la Fundaci\u00f3 Hospital\u00e0ries, utilitzar\u00e0 una nova imatge.<\/p>\n\n\n\n<h2 class=\"wp-block-heading\"><strong>El patronat de la Fundaci\u00f3 Hospital\u00e0ries<\/strong><\/h2>\n\n\n\n<p>El patronat de la Fundaci\u00f3 Hospital\u00e0ries estar\u00e0 compost per:<\/p>\n\n\n\n<ul class=\"wp-block-list\">\n<li>Luz Divina S\u00e1nchez Rodr\u00edguez HSC \u2013 Presidenta<\/li>\n\n\n\n<li>Antonio G\u00f3mez Rodr\u00edguez \u2013 Vicepresident<\/li>\n\n\n\n<li>Mar\u00eda Esther Berruete Lanz HSC \u2013 Vocal<\/li>\n\n\n\n<li>Antonio Bulbena Vilarrasa \u2013 Vocal<\/li>\n\n\n\n<li>Mar\u00eda Isabel Marijuan Angulo \u2013 Vocal<\/li>\n\n\n\n<li>Mar\u00eda del Carmen Mart\u00edn Garc\u00eda HSC \u2013 Vocal<\/li>\n\n\n\n<li>Fuencisla Mart\u00edn Mart\u00edn HSC \u2013 Vocal<\/li>\n\n\n\n<li>Mar\u00eda de los \u00c1ngeles Perdomo P\u00edo HSC \u2013 Vocal<\/li>\n\n\n\n<li>Paolo Pietrogrande \u2013 Vocal<\/li>\n\n\n\n<li>Jos\u00e9 Pablo Toquero \u2013 Secretari<\/li>\n<\/ul>\n\n\n\n<h2 class=\"wp-block-heading\">D&#8217;Hospital Sagrat Cor a Fundaci\u00f3 Hospital\u00e0ries Martorell<\/h2>\n\n\n\n<p>Amb el pas a la Fundaci\u00f3, l&#8217;Hospital Sagrat Cor de Germanes Hospital\u00e0ries ha passat a denominar-se&nbsp;<strong>Fundaci\u00f3 Hospital\u00e0ries Martorell<\/strong>. Aquest canvi de nom consolida el nostre Hospital de Salut Mental i Atenci\u00f3 Interm\u00e8dia com a unitat de gesti\u00f3, integrant tant el centre de Martorell com els dispositius comunitaris que fins ara tamb\u00e9 formaven part del Sagrat Cor.<\/p>\n\n\n\n<p>Amb aquest canvi, i seguint les directrius del Departament de Salut, els Hospitals de Dia Sociosanitaris de Martorell i Sant Feliu passen a denominar-se&nbsp;<strong>Hospitals de Dia d&#8217;Atenci\u00f3 Interm\u00e8dia<\/strong>. La resta de dispositius (CSMA, CSMIJ, HD, SRC) mantindran el seu nom original, que habitualment combina l&#8217;acr\u00f2nim del servei amb el nom de la poblaci\u00f3 on es troben.<\/p>\n\n\n\n<p>Per tal de garantir una transici\u00f3 suau i sostenible, les dues marques (Sagrat Cor i Fundaci\u00f3 Hospital\u00e0ries Martorell) conviuran durant un per\u00edode de temps. Aix\u00f2 facilitar\u00e0 una adaptaci\u00f3 progressiva per a tot el personal col\u00b7laborador i les persones usuaries. <\/p>\n\n\n\n<figure class=\"wp-block-image size-full\"><img loading=\"lazy\" decoding=\"async\" width=\"877\" height=\"845\" src=\"https:\/\/fundaciohospitalariesmartorell.org\/entre-tots\/wp-content\/uploads\/2025\/01\/image-1.png\" alt=\"\" class=\"wp-image-10684\" srcset=\"https:\/\/fundaciohospitalariesmartorell.org\/entre-tots\/wp-content\/uploads\/2025\/01\/image-1.png 877w, https:\/\/fundaciohospitalariesmartorell.org\/entre-tots\/wp-content\/uploads\/2025\/01\/image-1-300x289.png 300w, https:\/\/fundaciohospitalariesmartorell.org\/entre-tots\/wp-content\/uploads\/2025\/01\/image-1-768x740.png 768w\" sizes=\"auto, (max-width: 877px) 100vw, 877px\" \/><\/figure>\n","protected":false},"excerpt":{"rendered":"<p>Amb molta il\u00b7lusi\u00f3, iniciem una nova etapa a la nostra hist\u00f2ria: a partir d\u2019ara som\u00a0la Fundaci\u00f3 Hospital\u00e0ries, una fundaci\u00f3 can\u00f2nica de recent creaci\u00f3 que acollir\u00e0 tota l\u2019activitat assistencial desenvolupada per Germanes Hospital\u00e0ries arreu de l\u2019Estat. A la primera fase, els centres de Castella i Lle\u00f3 no s\u2019integraran a la Fundaci\u00f3, tot i que ho faran [&hellip;]<\/p>\n","protected":false},"author":5,"featured_media":10683,"comment_status":"closed","ping_status":"closed","sticky":false,"template":"","format":"standard","meta":{"footnotes":""},"categories":[27,56],"tags":[],"class_list":["post-10680","post","type-post","status-publish","format-standard","has-post-thumbnail","hentry","category-actualitat","category-bon-govern"],"blocksy_meta":[],"featured_image_urls_v2":{"full":["https:\/\/fundaciohospitalariesmartorell.org\/entre-tots\/wp-content\/uploads\/2025\/01\/Martorell-cabecera-youtube.jpg",2048,1152,false],"thumbnail":["https:\/\/fundaciohospitalariesmartorell.org\/entre-tots\/wp-content\/uploads\/2025\/01\/Martorell-cabecera-youtube-150x150.jpg",150,150,true],"medium":["https:\/\/fundaciohospitalariesmartorell.org\/entre-tots\/wp-content\/uploads\/2025\/01\/Martorell-cabecera-youtube-300x169.jpg",300,169,true],"medium_large":["https:\/\/fundaciohospitalariesmartorell.org\/entre-tots\/wp-content\/uploads\/2025\/01\/Martorell-cabecera-youtube-768x432.jpg",768,432,true],"large":["https:\/\/fundaciohospitalariesmartorell.org\/entre-tots\/wp-content\/uploads\/2025\/01\/Martorell-cabecera-youtube-1024x576.jpg",1024,576,true],"1536x1536":["https:\/\/fundaciohospitalariesmartorell.org\/entre-tots\/wp-content\/uploads\/2025\/01\/Martorell-cabecera-youtube-1536x864.jpg",1536,864,true],"2048x2048":["https:\/\/fundaciohospitalariesmartorell.org\/entre-tots\/wp-content\/uploads\/2025\/01\/Martorell-cabecera-youtube.jpg",2048,1152,false],"mailpoet_newsletter_max":["https:\/\/fundaciohospitalariesmartorell.org\/entre-tots\/wp-content\/uploads\/2025\/01\/Martorell-cabecera-youtube-1320x743.jpg",1320,743,true]},"post_excerpt_stackable_v2":"<p>Amb molta il\u00b7lusi\u00f3, iniciem una nova etapa a la nostra hist\u00f2ria: a partir d\u2019ara som\u00a0la Fundaci\u00f3 Hospital\u00e0ries, una fundaci\u00f3 can\u00f2nica de recent creaci\u00f3 que acollir\u00e0 tota l\u2019activitat assistencial desenvolupada per Germanes Hospital\u00e0ries arreu de l\u2019Estat. A la primera fase, els centres de Castella i Lle\u00f3 no s\u2019integraran a la Fundaci\u00f3, tot i que ho faran al llarg d&#8217;aquest any. Des dels seus inicis, la Congregaci\u00f3 Germanes Hospital\u00e0ries del Sagrat Cor de Jes\u00fas va optar per treballar en estreta col\u00b7laboraci\u00f3 amb professionals profundament implicats en la instituci\u00f3, amb els quals compartim valors i missi\u00f3 En aquest context, la Fundaci\u00f3 Hospital\u00e0ries neix&hellip;<\/p>\n","category_list_v2":"<a href=\"https:\/\/fundaciohospitalariesmartorell.org\/entre-tots\/category\/actualitat\/\" rel=\"category tag\">ACTUALITAT<\/a>, <a href=\"https:\/\/fundaciohospitalariesmartorell.org\/entre-tots\/category\/actualitat\/bon-govern\/\" rel=\"category tag\">BON GOVERN<\/a>","author_info_v2":{"name":"Alba Felip","url":"https:\/\/fundaciohospitalariesmartorell.org\/entre-tots\/author\/afelipr\/"},"comments_num_v2":"0 comments","_links":{"self":[{"href":"https:\/\/fundaciohospitalariesmartorell.org\/entre-tots\/wp-json\/wp\/v2\/posts\/10680","targetHints":{"allow":["GET"]}}],"collection":[{"href":"https:\/\/fundaciohospitalariesmartorell.org\/entre-tots\/wp-json\/wp\/v2\/posts"}],"about":[{"href":"https:\/\/fundaciohospitalariesmartorell.org\/entre-tots\/wp-json\/wp\/v2\/types\/post"}],"author":[{"embeddable":true,"href":"https:\/\/fundaciohospitalariesmartorell.org\/entre-tots\/wp-json\/wp\/v2\/users\/5"}],"replies":[{"embeddable":true,"href":"https:\/\/fundaciohospitalariesmartorell.org\/entre-tots\/wp-json\/wp\/v2\/comments?post=10680"}],"version-history":[{"count":4,"href":"https:\/\/fundaciohospitalariesmartorell.org\/entre-tots\/wp-json\/wp\/v2\/posts\/10680\/revisions"}],"predecessor-version":[{"id":10831,"href":"https:\/\/fundaciohospitalariesmartorell.org\/entre-tots\/wp-json\/wp\/v2\/posts\/10680\/revisions\/10831"}],"wp:featuredmedia":[{"embeddable":true,"href":"https:\/\/fundaciohospitalariesmartorell.org\/entre-tots\/wp-json\/wp\/v2\/media\/10683"}],"wp:attachment":[{"href":"https:\/\/fundaciohospitalariesmartorell.org\/entre-tots\/wp-json\/wp\/v2\/media?parent=10680"}],"wp:term":[{"taxonomy":"category","embeddable":true,"href":"https:\/\/fundaciohospitalariesmartorell.org\/entre-tots\/wp-json\/wp\/v2\/categories?post=10680"},{"taxonomy":"post_tag","embeddable":true,"href":"https:\/\/fundaciohospitalariesmartorell.org\/entre-tots\/wp-json\/wp\/v2\/tags?post=10680"}],"curies":[{"name":"wp","href":"https:\/\/api.w.org\/{rel}","templated":true}]}}