{"id":10686,"date":"2025-01-20T11:15:24","date_gmt":"2025-01-20T10:15:24","guid":{"rendered":"https:\/\/fundaciohospitalariesmartorell.org\/entre-tots\/?p=10686"},"modified":"2025-01-20T11:16:24","modified_gmt":"2025-01-20T10:16:24","slug":"el-nostre-hospital-rep-la-certificacio-de-la-xarxa-internacional-dhospitals-i-serveis-promotors-de-la-salut","status":"publish","type":"post","link":"https:\/\/fundaciohospitalariesmartorell.org\/entre-tots\/2025\/01\/el-nostre-hospital-rep-la-certificacio-de-la-xarxa-internacional-dhospitals-i-serveis-promotors-de-la-salut\/","title":{"rendered":"El nostre hospital rep la certificaci\u00f3 de la Xarxa Internacional d\u2019Hospitals i Serveis Promotors de la Salut"},"content":{"rendered":"\n<div class=\"wp-block-stackable-text stk-block-text stk-block stk-04650d6\" data-block-id=\"04650d6\"><style>.stk-04650d6 .stk-block-text__text{font-size:14px !important;}@media screen and (max-width:999px){.stk-04650d6 .stk-block-text__text{font-size:14px !important;}}<\/style><p class=\"stk-block-text__text\"><em>Autora: Neida Fern\u00e1ndez Benages. Infermera de Salut Mental. CSMIJ Martorell<\/em><\/p><\/div>\n\n\n\n<figure class=\"wp-block-image size-large\"><img loading=\"lazy\" decoding=\"async\" width=\"1024\" height=\"555\" src=\"https:\/\/fundaciohospitalariesmartorell.org\/entre-tots\/wp-content\/uploads\/2025\/01\/image-3-1024x555.png\" alt=\"\" class=\"wp-image-10690\" srcset=\"https:\/\/fundaciohospitalariesmartorell.org\/entre-tots\/wp-content\/uploads\/2025\/01\/image-3-1024x555.png 1024w, https:\/\/fundaciohospitalariesmartorell.org\/entre-tots\/wp-content\/uploads\/2025\/01\/image-3-300x163.png 300w, https:\/\/fundaciohospitalariesmartorell.org\/entre-tots\/wp-content\/uploads\/2025\/01\/image-3-768x416.png 768w, https:\/\/fundaciohospitalariesmartorell.org\/entre-tots\/wp-content\/uploads\/2025\/01\/image-3.png 1096w\" sizes=\"auto, (max-width: 1024px) 100vw, 1024px\" \/><\/figure>\n\n\n\n<p>La <a href=\"https:\/\/promociodelasaluthph.cat\/\">Xarxa Catalana d\u2019Hospitals i Centres Promotors de la Salut <\/a>(HPH Catalunya) \u00e9s una xarxa formada per centres del territori catal\u00e0 que col\u00b7laboren per promoure el coneixement de les persones sobre la seva salut, millorar la comunicaci\u00f3 entre els professionals de la salut i pacients, aconseguir un entorn laboral m\u00e9s saludable i tenir implantat un sistema de treball que promogui la salut en les organitzacions sanit\u00e0ries. L\u2019objectiu \u00e9s arribar a tots els ciutadans i particularment als grups m\u00e9s vulnerables (infants, adolescents, gent gran i poblaci\u00f3 amb risc social).<\/p>\n\n\n\n<p>HPH Catalunya va n\u00e9ixer l\u2019any 2008 i, el 2011, es va constituir com una associaci\u00f3 cient\u00edfica sense \u00e0nim de lucre que segueix els principis de promoci\u00f3 de la salut establerts a la Carta d\u2019Ottawa i les recomanacions de Viena dels Hospitals Promotors de la Salut.<\/p>\n\n\n\n<p>El desembre de 2022, l\u2019Hospital Sagrat Cor de Martorell, actualment Fundaci\u00f3 Hospital\u00e0ries Martorell, es va adherir a la Xarxa Catalana d\u2019Hospitals i Centres Promotors de la Salut amb l\u2019objectiu de participar activament, fomentar i millorar tots aquells aspectes en mat\u00e8ria de promoci\u00f3 i prevenci\u00f3 de la salut dels seu personal col\u00b7laborador, persones usu\u00e0ries i els seu entorn.<\/p>\n\n\n\n<p>Aix\u00ed mateix, la pertinen\u00e7a a la HPH ens permet el reconeixement i la distinci\u00f3 de ser un dels membres que formem part de la Xarxa Internacional d\u2019Hospitals i Centres Promotors de la Salut.<\/p>\n\n\n\n<figure class=\"wp-block-image size-full\"><img loading=\"lazy\" decoding=\"async\" width=\"603\" height=\"345\" src=\"https:\/\/fundaciohospitalariesmartorell.org\/entre-tots\/wp-content\/uploads\/2025\/01\/Captura-de-pantalla-2025-01-20-105417.png\" alt=\"\" class=\"wp-image-10687\" srcset=\"https:\/\/fundaciohospitalariesmartorell.org\/entre-tots\/wp-content\/uploads\/2025\/01\/Captura-de-pantalla-2025-01-20-105417.png 603w, https:\/\/fundaciohospitalariesmartorell.org\/entre-tots\/wp-content\/uploads\/2025\/01\/Captura-de-pantalla-2025-01-20-105417-300x172.png 300w\" sizes=\"auto, (max-width: 603px) 100vw, 603px\" \/><\/figure>\n","protected":false},"excerpt":{"rendered":"<p>Autora: Neida Fern\u00e1ndez Benages. Infermera de Salut Mental. CSMIJ Martorell La Xarxa Catalana d\u2019Hospitals i Centres Promotors de la Salut (HPH Catalunya) \u00e9s una xarxa formada per centres del territori catal\u00e0 que col\u00b7laboren per promoure el coneixement de les persones sobre la seva salut, millorar la comunicaci\u00f3 entre els professionals de la salut i pacients, [&hellip;]<\/p>\n","protected":false},"author":5,"featured_media":10688,"comment_status":"closed","ping_status":"closed","sticky":false,"template":"","format":"standard","meta":{"footnotes":""},"categories":[27,61],"tags":[],"class_list":["post-10686","post","type-post","status-publish","format-standard","has-post-thumbnail","hentry","category-actualitat","category-societat"],"blocksy_meta":[],"featured_image_urls_v2":{"full":["https:\/\/fundaciohospitalariesmartorell.org\/entre-tots\/wp-content\/uploads\/2025\/01\/image-2.png",934,630,false],"thumbnail":["https:\/\/fundaciohospitalariesmartorell.org\/entre-tots\/wp-content\/uploads\/2025\/01\/image-2-150x150.png",150,150,true],"medium":["https:\/\/fundaciohospitalariesmartorell.org\/entre-tots\/wp-content\/uploads\/2025\/01\/image-2-300x202.png",300,202,true],"medium_large":["https:\/\/fundaciohospitalariesmartorell.org\/entre-tots\/wp-content\/uploads\/2025\/01\/image-2-768x518.png",768,518,true],"large":["https:\/\/fundaciohospitalariesmartorell.org\/entre-tots\/wp-content\/uploads\/2025\/01\/image-2.png",934,630,false],"1536x1536":["https:\/\/fundaciohospitalariesmartorell.org\/entre-tots\/wp-content\/uploads\/2025\/01\/image-2.png",934,630,false],"2048x2048":["https:\/\/fundaciohospitalariesmartorell.org\/entre-tots\/wp-content\/uploads\/2025\/01\/image-2.png",934,630,false],"mailpoet_newsletter_max":["https:\/\/fundaciohospitalariesmartorell.org\/entre-tots\/wp-content\/uploads\/2025\/01\/image-2.png",934,630,false]},"post_excerpt_stackable_v2":"<p>Autora: Neida Fern\u00e1ndez Benages. Infermera de Salut Mental. CSMIJ Martorell La Xarxa Catalana d\u2019Hospitals i Centres Promotors de la Salut (HPH Catalunya) \u00e9s una xarxa formada per centres del territori catal\u00e0 que col\u00b7laboren per promoure el coneixement de les persones sobre la seva salut, millorar la comunicaci\u00f3 entre els professionals de la salut i pacients, aconseguir un entorn laboral m\u00e9s saludable i tenir implantat un sistema de treball que promogui la salut en les organitzacions sanit\u00e0ries. L\u2019objectiu \u00e9s arribar a tots els ciutadans i particularment als grups m\u00e9s vulnerables (infants, adolescents, gent gran i poblaci\u00f3 amb risc social). HPH Catalunya&hellip;<\/p>\n","category_list_v2":"<a href=\"https:\/\/fundaciohospitalariesmartorell.org\/entre-tots\/category\/actualitat\/\" rel=\"category tag\">ACTUALITAT<\/a>, <a href=\"https:\/\/fundaciohospitalariesmartorell.org\/entre-tots\/category\/actualitat\/societat\/\" rel=\"category tag\">SOCIETAT<\/a>","author_info_v2":{"name":"Alba Felip","url":"https:\/\/fundaciohospitalariesmartorell.org\/entre-tots\/author\/afelipr\/"},"comments_num_v2":"0 comments","_links":{"self":[{"href":"https:\/\/fundaciohospitalariesmartorell.org\/entre-tots\/wp-json\/wp\/v2\/posts\/10686","targetHints":{"allow":["GET"]}}],"collection":[{"href":"https:\/\/fundaciohospitalariesmartorell.org\/entre-tots\/wp-json\/wp\/v2\/posts"}],"about":[{"href":"https:\/\/fundaciohospitalariesmartorell.org\/entre-tots\/wp-json\/wp\/v2\/types\/post"}],"author":[{"embeddable":true,"href":"https:\/\/fundaciohospitalariesmartorell.org\/entre-tots\/wp-json\/wp\/v2\/users\/5"}],"replies":[{"embeddable":true,"href":"https:\/\/fundaciohospitalariesmartorell.org\/entre-tots\/wp-json\/wp\/v2\/comments?post=10686"}],"version-history":[{"count":2,"href":"https:\/\/fundaciohospitalariesmartorell.org\/entre-tots\/wp-json\/wp\/v2\/posts\/10686\/revisions"}],"predecessor-version":[{"id":10692,"href":"https:\/\/fundaciohospitalariesmartorell.org\/entre-tots\/wp-json\/wp\/v2\/posts\/10686\/revisions\/10692"}],"wp:featuredmedia":[{"embeddable":true,"href":"https:\/\/fundaciohospitalariesmartorell.org\/entre-tots\/wp-json\/wp\/v2\/media\/10688"}],"wp:attachment":[{"href":"https:\/\/fundaciohospitalariesmartorell.org\/entre-tots\/wp-json\/wp\/v2\/media?parent=10686"}],"wp:term":[{"taxonomy":"category","embeddable":true,"href":"https:\/\/fundaciohospitalariesmartorell.org\/entre-tots\/wp-json\/wp\/v2\/categories?post=10686"},{"taxonomy":"post_tag","embeddable":true,"href":"https:\/\/fundaciohospitalariesmartorell.org\/entre-tots\/wp-json\/wp\/v2\/tags?post=10686"}],"curies":[{"name":"wp","href":"https:\/\/api.w.org\/{rel}","templated":true}]}}