{"id":10698,"date":"2025-01-20T15:30:20","date_gmt":"2025-01-20T14:30:20","guid":{"rendered":"https:\/\/fundaciohospitalariesmartorell.org\/entre-tots\/?p=10698"},"modified":"2025-01-31T13:10:46","modified_gmt":"2025-01-31T12:10:46","slug":"la-uab-i-fundacio-hospitalaries-signen-un-conveni-per-a-la-creacio-de-la-catedra-de-psicogeriatria","status":"publish","type":"post","link":"https:\/\/fundaciohospitalariesmartorell.org\/entre-tots\/2025\/01\/la-uab-i-fundacio-hospitalaries-signen-un-conveni-per-a-la-creacio-de-la-catedra-de-psicogeriatria\/","title":{"rendered":"La UAB i la Fundaci\u00f3 Hospital\u00e0ries signen un conveni per a la creaci\u00f3 de la C\u00e0tedra de Psicogeriatria"},"content":{"rendered":"\n<figure class=\"wp-block-image size-large\"><img loading=\"lazy\" decoding=\"async\" width=\"1600\" height=\"900\" src=\"https:\/\/fundaciohospitalariesmartorell.org\/entre-tots\/wp-content\/uploads\/2025\/01\/image-4-edited.png\" alt=\"\" class=\"wp-image-10700\" srcset=\"https:\/\/fundaciohospitalariesmartorell.org\/entre-tots\/wp-content\/uploads\/2025\/01\/image-4-edited.png 1600w, https:\/\/fundaciohospitalariesmartorell.org\/entre-tots\/wp-content\/uploads\/2025\/01\/image-4-edited-300x169.png 300w, https:\/\/fundaciohospitalariesmartorell.org\/entre-tots\/wp-content\/uploads\/2025\/01\/image-4-edited-1024x576.png 1024w, https:\/\/fundaciohospitalariesmartorell.org\/entre-tots\/wp-content\/uploads\/2025\/01\/image-4-edited-768x432.png 768w, https:\/\/fundaciohospitalariesmartorell.org\/entre-tots\/wp-content\/uploads\/2025\/01\/image-4-edited-1536x864.png 1536w, https:\/\/fundaciohospitalariesmartorell.org\/entre-tots\/wp-content\/uploads\/2025\/01\/image-4-edited-1320x743.png 1320w\" sizes=\"auto, (max-width: 1600px) 100vw, 1600px\" \/><\/figure>\n\n\n\n<p>La Universitat Aut\u00f2noma de Barcelona (UAB) i la Fundaci\u00f3 Hospital\u00e0ries han acordat establir una col\u00b7laboraci\u00f3 &#8220;estrat\u00e8gica i duradora&#8221; per impulsar activitats d\u2019investigaci\u00f3, formaci\u00f3, col\u00b7laboraci\u00f3 cient\u00edfica i desenvolupament en l&#8217;\u00e0mbit de la Psicogeriatria. Aquesta col\u00b7laboraci\u00f3 es concreta amb la creaci\u00f3 d\u2019una nova C\u00e0tedra de recerca en aquest camp, que promour\u00e0 el desenvolupament de coneixement especialitzat sobre la salut mental de les persones grans.<\/p>\n\n\n\n<h2 class=\"wp-block-heading\">Objectius de la c\u00e0tedra<\/h2>\n\n\n\n<p>La nova C\u00e0tedra en Psicogeriatria t\u00e9 com a finalitat portar a terme diverses iniciatives, entre les quals destaquen:<\/p>\n\n\n\n<ul class=\"wp-block-list\">\n<li>Desenvolupar programes d\u2019investigaci\u00f3 orientats a la salut mental de les persones grans.<\/li>\n\n\n\n<li>Generar coneixement i divulgar-lo, en el seu \u00e0mbit espec\u00edfic d\u2019actuaci\u00f3.<\/li>\n\n\n\n<li>Participar i fomentar activitats culturals i formatives, (seminaris, jornades, cursos o cicles de confer\u00e8ncies), per difondre els avan\u00e7os en recerca i formaci\u00f3.<\/li>\n\n\n\n<li>Vincular l\u2019activitat docent amb el M\u00e0ster de Psicogeriatria, impartit per la UAB des de 1998 en col\u00b7laboraci\u00f3 amb la Fundaci\u00f3 Hospital\u00e0ries Martorell, antic Hospital Sagrat Cor de Germanes Hospital\u00e0ries.<\/li>\n<\/ul>\n\n\n\n<p>Dirigida pel Dr. Manel S\u00e1nchez, cap de l&#8217;\u00c0rea de Gesti\u00f3 del Coneixement de la Fundaci\u00f3 Hospital\u00e0ries Martorell, Coordinador de la Unitat de Psiquiatria Geri\u00e0trica i director del m\u00e0ster de psicogeriatria, amb aquesta nova C\u00e0tedra, la UAB i la Fundaci\u00f3 Hospital\u00e0ries reforcen el seu comprom\u00eds amb la recerca i la formaci\u00f3 en un camp de gran rellev\u00e0ncia social com \u00e9s la psicogeriatria. Aquest projecte suposa un pas endavant per abordar els reptes de salut mental que enfronten les persones grans i promoure un enfocament integral i interdisciplinari en la seva atenci\u00f3.<\/p>\n\n\n\n<p>En paraules del Dr. S\u00e1nchez, \u201caquesta \u00e9s una oportunitat \u00fanica per recon\u00e8ixer la tasca realitzada durant molts anys des del Sagrat Cor, en favor de l\u2019assist\u00e8ncia i la doc\u00e8ncia en psiquiatria geri\u00e0trica, i per contribuir des de l\u2019\u00e0mbit acad\u00e8mic a fer cr\u00e9ixer el coneixement cl\u00ednic i l\u2019evid\u00e8ncia cient\u00edfica, en una \u00e0rea de la salut mental que no ha deixat de cr\u00e9ixer i que ocupa cada cop un espai m\u00e9s important en l\u2019assist\u00e8ncia del dia a dia\u201d.<\/p>\n\n\n\n<p><\/p>\n","protected":false},"excerpt":{"rendered":"<p>La Universitat Aut\u00f2noma de Barcelona (UAB) i la Fundaci\u00f3 Hospital\u00e0ries han acordat establir una col\u00b7laboraci\u00f3 &#8220;estrat\u00e8gica i duradora&#8221; per impulsar activitats d\u2019investigaci\u00f3, formaci\u00f3, col\u00b7laboraci\u00f3 cient\u00edfica i desenvolupament en l&#8217;\u00e0mbit de la Psicogeriatria. Aquesta col\u00b7laboraci\u00f3 es concreta amb la creaci\u00f3 d\u2019una nova C\u00e0tedra de recerca en aquest camp, que promour\u00e0 el desenvolupament de coneixement especialitzat sobre [&hellip;]<\/p>\n","protected":false},"author":5,"featured_media":10699,"comment_status":"closed","ping_status":"closed","sticky":false,"template":"","format":"standard","meta":{"footnotes":""},"categories":[27,61],"tags":[],"class_list":["post-10698","post","type-post","status-publish","format-standard","has-post-thumbnail","hentry","category-actualitat","category-societat"],"blocksy_meta":[],"featured_image_urls_v2":{"full":["https:\/\/fundaciohospitalariesmartorell.org\/entre-tots\/wp-content\/uploads\/2025\/01\/image-4.png",1600,1200,false],"thumbnail":["https:\/\/fundaciohospitalariesmartorell.org\/entre-tots\/wp-content\/uploads\/2025\/01\/image-4-150x150.png",150,150,true],"medium":["https:\/\/fundaciohospitalariesmartorell.org\/entre-tots\/wp-content\/uploads\/2025\/01\/image-4-300x225.png",300,225,true],"medium_large":["https:\/\/fundaciohospitalariesmartorell.org\/entre-tots\/wp-content\/uploads\/2025\/01\/image-4-768x576.png",768,576,true],"large":["https:\/\/fundaciohospitalariesmartorell.org\/entre-tots\/wp-content\/uploads\/2025\/01\/image-4-1024x768.png",1024,768,true],"1536x1536":["https:\/\/fundaciohospitalariesmartorell.org\/entre-tots\/wp-content\/uploads\/2025\/01\/image-4-1536x1152.png",1536,1152,true],"2048x2048":["https:\/\/fundaciohospitalariesmartorell.org\/entre-tots\/wp-content\/uploads\/2025\/01\/image-4.png",1600,1200,false],"mailpoet_newsletter_max":["https:\/\/fundaciohospitalariesmartorell.org\/entre-tots\/wp-content\/uploads\/2025\/01\/image-4-1320x990.png",1320,990,true]},"post_excerpt_stackable_v2":"<p>La Universitat Aut\u00f2noma de Barcelona (UAB) i la Fundaci\u00f3 Hospital\u00e0ries han acordat establir una col\u00b7laboraci\u00f3 &#8220;estrat\u00e8gica i duradora&#8221; per impulsar activitats d\u2019investigaci\u00f3, formaci\u00f3, col\u00b7laboraci\u00f3 cient\u00edfica i desenvolupament en l&#8217;\u00e0mbit de la Psicogeriatria. Aquesta col\u00b7laboraci\u00f3 es concreta amb la creaci\u00f3 d\u2019una nova C\u00e0tedra de recerca en aquest camp, que promour\u00e0 el desenvolupament de coneixement especialitzat sobre la salut mental de les persones grans. Objectius de la c\u00e0tedra La nova C\u00e0tedra en Psicogeriatria t\u00e9 com a finalitat portar a terme diverses iniciatives, entre les quals destaquen: Desenvolupar programes d\u2019investigaci\u00f3 orientats a la salut mental de les persones grans. Generar coneixement i divulgar-lo,&hellip;<\/p>\n","category_list_v2":"<a href=\"https:\/\/fundaciohospitalariesmartorell.org\/entre-tots\/category\/actualitat\/\" rel=\"category tag\">ACTUALITAT<\/a>, <a href=\"https:\/\/fundaciohospitalariesmartorell.org\/entre-tots\/category\/actualitat\/societat\/\" rel=\"category tag\">SOCIETAT<\/a>","author_info_v2":{"name":"Alba Felip","url":"https:\/\/fundaciohospitalariesmartorell.org\/entre-tots\/author\/afelipr\/"},"comments_num_v2":"0 comments","_links":{"self":[{"href":"https:\/\/fundaciohospitalariesmartorell.org\/entre-tots\/wp-json\/wp\/v2\/posts\/10698","targetHints":{"allow":["GET"]}}],"collection":[{"href":"https:\/\/fundaciohospitalariesmartorell.org\/entre-tots\/wp-json\/wp\/v2\/posts"}],"about":[{"href":"https:\/\/fundaciohospitalariesmartorell.org\/entre-tots\/wp-json\/wp\/v2\/types\/post"}],"author":[{"embeddable":true,"href":"https:\/\/fundaciohospitalariesmartorell.org\/entre-tots\/wp-json\/wp\/v2\/users\/5"}],"replies":[{"embeddable":true,"href":"https:\/\/fundaciohospitalariesmartorell.org\/entre-tots\/wp-json\/wp\/v2\/comments?post=10698"}],"version-history":[{"count":2,"href":"https:\/\/fundaciohospitalariesmartorell.org\/entre-tots\/wp-json\/wp\/v2\/posts\/10698\/revisions"}],"predecessor-version":[{"id":10830,"href":"https:\/\/fundaciohospitalariesmartorell.org\/entre-tots\/wp-json\/wp\/v2\/posts\/10698\/revisions\/10830"}],"wp:featuredmedia":[{"embeddable":true,"href":"https:\/\/fundaciohospitalariesmartorell.org\/entre-tots\/wp-json\/wp\/v2\/media\/10699"}],"wp:attachment":[{"href":"https:\/\/fundaciohospitalariesmartorell.org\/entre-tots\/wp-json\/wp\/v2\/media?parent=10698"}],"wp:term":[{"taxonomy":"category","embeddable":true,"href":"https:\/\/fundaciohospitalariesmartorell.org\/entre-tots\/wp-json\/wp\/v2\/categories?post=10698"},{"taxonomy":"post_tag","embeddable":true,"href":"https:\/\/fundaciohospitalariesmartorell.org\/entre-tots\/wp-json\/wp\/v2\/tags?post=10698"}],"curies":[{"name":"wp","href":"https:\/\/api.w.org\/{rel}","templated":true}]}}