{"id":10702,"date":"2025-01-22T11:26:26","date_gmt":"2025-01-22T10:26:26","guid":{"rendered":"https:\/\/fundaciohospitalariesmartorell.org\/entre-tots\/?p=10702"},"modified":"2025-01-22T11:26:27","modified_gmt":"2025-01-22T10:26:27","slug":"roger-ballesca-hauriem-dintentar-reduir-al-maxim-la-medicacio-durant-la-infancia-i-ladolescencia","status":"publish","type":"post","link":"https:\/\/fundaciohospitalariesmartorell.org\/entre-tots\/2025\/01\/roger-ballesca-hauriem-dintentar-reduir-al-maxim-la-medicacio-durant-la-infancia-i-ladolescencia\/","title":{"rendered":"Roger Ballesc\u00e0: \u201cHaur\u00edem d\u2019intentar reduir al m\u00e0xim la medicaci\u00f3 durant la inf\u00e0ncia i l\u2019adolesc\u00e8ncia\u201d"},"content":{"rendered":"\n<figure class=\"wp-block-image size-full\"><img loading=\"lazy\" decoding=\"async\" width=\"662\" height=\"373\" src=\"https:\/\/fundaciohospitalariesmartorell.org\/entre-tots\/wp-content\/uploads\/2025\/01\/image-5.png\" alt=\"\" class=\"wp-image-10703\" srcset=\"https:\/\/fundaciohospitalariesmartorell.org\/entre-tots\/wp-content\/uploads\/2025\/01\/image-5.png 662w, https:\/\/fundaciohospitalariesmartorell.org\/entre-tots\/wp-content\/uploads\/2025\/01\/image-5-300x169.png 300w\" sizes=\"auto, (max-width: 662px) 100vw, 662px\" \/><\/figure>\n\n\n\n<p>&#8220;Haur\u00edem d\u2019intentar reduir al m\u00e0xim la medicaci\u00f3 durant la inf\u00e0ncia i l\u2019adolesc\u00e8ncia, afavorint que els joves desenvolupin recursos propis per gestionar el seu dia a dia, aix\u00ed com les pors i l\u2019ansietat que puguin experimentar&#8221;, assegura <a href=\"https:\/\/www.linkedin.com\/in\/ACoAABZJFaABTJZN3QSRAXztGGTPaodPF1P2agc\"><\/a>Roger Ballesc\u00e0, coordinador de l&#8217;\u00c0rea de Salut Mental Infanto-juvenil de la Fundaci\u00f3 Hospital\u00e0ries Martorell.<br><br>Us recomanem aquesta interessant tert\u00falia de Betev\u00e9 sobre l&#8217;\u00fas de medicaci\u00f3 en les primeres etapes de la vida, i que tamb\u00e9 ha comptat amb Eduard Vieta, cap del Servei de Psiquiatria i Psicologia de l\u2019Hospital Cl\u00ednic de Barcelona.<br><br><a href=\"https:\/\/beteve.cat\/societat\/alerten-risc-normalitzar-problemes-salut-mental-joves\/\" target=\"_blank\" rel=\"noreferrer noopener\">Veure el v\u00eddeo, aqu\u00ed.<\/a><\/p>\n","protected":false},"excerpt":{"rendered":"<p>&#8220;Haur\u00edem d\u2019intentar reduir al m\u00e0xim la medicaci\u00f3 durant la inf\u00e0ncia i l\u2019adolesc\u00e8ncia, afavorint que els joves desenvolupin recursos propis per gestionar el seu dia a dia, aix\u00ed com les pors i l\u2019ansietat que puguin experimentar&#8221;, assegura Roger Ballesc\u00e0, coordinador de l&#8217;\u00c0rea de Salut Mental Infanto-juvenil de la Fundaci\u00f3 Hospital\u00e0ries Martorell. Us recomanem aquesta interessant tert\u00falia [&hellip;]<\/p>\n","protected":false},"author":5,"featured_media":0,"comment_status":"closed","ping_status":"closed","sticky":false,"template":"","format":"standard","meta":{"footnotes":""},"categories":[44],"tags":[],"class_list":["post-10702","post","type-post","status-publish","format-standard","hentry","category-entre-noticies"],"blocksy_meta":[],"featured_image_urls_v2":{"full":"","thumbnail":"","medium":"","medium_large":"","large":"","1536x1536":"","2048x2048":"","mailpoet_newsletter_max":""},"post_excerpt_stackable_v2":"<p>&#8220;Haur\u00edem d\u2019intentar reduir al m\u00e0xim la medicaci\u00f3 durant la inf\u00e0ncia i l\u2019adolesc\u00e8ncia, afavorint que els joves desenvolupin recursos propis per gestionar el seu dia a dia, aix\u00ed com les pors i l\u2019ansietat que puguin experimentar&#8221;, assegura Roger Ballesc\u00e0, coordinador de l&#8217;\u00c0rea de Salut Mental Infanto-juvenil de la Fundaci\u00f3 Hospital\u00e0ries Martorell.Us recomanem aquesta interessant tert\u00falia de Betev\u00e9 sobre l&#8217;\u00fas de medicaci\u00f3 en les primeres etapes de la vida, i que tamb\u00e9 ha comptat amb Eduard Vieta, cap del Servei de Psiquiatria i Psicologia de l\u2019Hospital Cl\u00ednic de Barcelona.Veure el v\u00eddeo, aqu\u00ed.<\/p>\n","category_list_v2":"<a href=\"https:\/\/fundaciohospitalariesmartorell.org\/entre-tots\/category\/entre-noticies\/\" rel=\"category tag\">ENTRE NOT\u00cdCIES<\/a>","author_info_v2":{"name":"Alba Felip","url":"https:\/\/fundaciohospitalariesmartorell.org\/entre-tots\/author\/afelipr\/"},"comments_num_v2":"0 comments","_links":{"self":[{"href":"https:\/\/fundaciohospitalariesmartorell.org\/entre-tots\/wp-json\/wp\/v2\/posts\/10702","targetHints":{"allow":["GET"]}}],"collection":[{"href":"https:\/\/fundaciohospitalariesmartorell.org\/entre-tots\/wp-json\/wp\/v2\/posts"}],"about":[{"href":"https:\/\/fundaciohospitalariesmartorell.org\/entre-tots\/wp-json\/wp\/v2\/types\/post"}],"author":[{"embeddable":true,"href":"https:\/\/fundaciohospitalariesmartorell.org\/entre-tots\/wp-json\/wp\/v2\/users\/5"}],"replies":[{"embeddable":true,"href":"https:\/\/fundaciohospitalariesmartorell.org\/entre-tots\/wp-json\/wp\/v2\/comments?post=10702"}],"version-history":[{"count":1,"href":"https:\/\/fundaciohospitalariesmartorell.org\/entre-tots\/wp-json\/wp\/v2\/posts\/10702\/revisions"}],"predecessor-version":[{"id":10704,"href":"https:\/\/fundaciohospitalariesmartorell.org\/entre-tots\/wp-json\/wp\/v2\/posts\/10702\/revisions\/10704"}],"wp:attachment":[{"href":"https:\/\/fundaciohospitalariesmartorell.org\/entre-tots\/wp-json\/wp\/v2\/media?parent=10702"}],"wp:term":[{"taxonomy":"category","embeddable":true,"href":"https:\/\/fundaciohospitalariesmartorell.org\/entre-tots\/wp-json\/wp\/v2\/categories?post=10702"},{"taxonomy":"post_tag","embeddable":true,"href":"https:\/\/fundaciohospitalariesmartorell.org\/entre-tots\/wp-json\/wp\/v2\/tags?post=10702"}],"curies":[{"name":"wp","href":"https:\/\/api.w.org\/{rel}","templated":true}]}}