{"id":10705,"date":"2025-01-22T11:28:29","date_gmt":"2025-01-22T10:28:29","guid":{"rendered":"https:\/\/fundaciohospitalariesmartorell.org\/entre-tots\/?p=10705"},"modified":"2025-01-22T11:28:30","modified_gmt":"2025-01-22T10:28:30","slug":"vilaweb-trencar-el-tabu-els-trastorns-alimentaris-mes-enlla-de-quaranta-anys","status":"publish","type":"post","link":"https:\/\/fundaciohospitalariesmartorell.org\/entre-tots\/2025\/01\/vilaweb-trencar-el-tabu-els-trastorns-alimentaris-mes-enlla-de-quaranta-anys\/","title":{"rendered":"Vilaweb | Trencar el tab\u00fa: els trastorns alimentaris m\u00e9s enll\u00e0 de quaranta anys"},"content":{"rendered":"\n<figure class=\"wp-block-image size-full\"><img loading=\"lazy\" decoding=\"async\" width=\"993\" height=\"561\" src=\"https:\/\/fundaciohospitalariesmartorell.org\/entre-tots\/wp-content\/uploads\/2025\/01\/image-7.png\" alt=\"\" class=\"wp-image-10707\" srcset=\"https:\/\/fundaciohospitalariesmartorell.org\/entre-tots\/wp-content\/uploads\/2025\/01\/image-7.png 993w, https:\/\/fundaciohospitalariesmartorell.org\/entre-tots\/wp-content\/uploads\/2025\/01\/image-7-300x169.png 300w, https:\/\/fundaciohospitalariesmartorell.org\/entre-tots\/wp-content\/uploads\/2025\/01\/image-7-768x434.png 768w\" sizes=\"auto, (max-width: 993px) 100vw, 993px\" \/><\/figure>\n\n\n\n<p>&#8220;Quan van diagnosticar-m\u2019ho, vaig al\u00b7lucinar. No m\u2019esperava que em diguessin que tenia anor\u00e8xia&#8221;. A l\u2019Elena li van diagnosticar anor\u00e8xia nerviosa als 42 anys, una edat on sovint costa recon\u00e8ixer aquest trastorn per la percepci\u00f3 que es tracta d\u2019una malaltia &#8220;d\u2019adolescents&#8221;.<br><br>Des de la Unitat Integral de Recuperaci\u00f3 dels TCA de la Fundaci\u00f3 Hospital\u00e0ries Martorell &#8211; Hospital Universitari de Bellvitge, l\u2019Elena comparteix el seu testimoni per trencar estigmes i fer visible una realitat poc coneguda.<br><br>En pacients adults, el desencadenant de l\u2019anor\u00e8xia no sol ser l\u2019entorn \u2013com poden ser els ideals de bellesa o la pressi\u00f3 social\u2013 sin\u00f3 situacions vitals complexes. Factors com la p\u00e8rdua de feina, el dol per \u00e9ssers estimats, entrebancs econ\u00f2mics o situacions inesperades, com un confinament, poden desencadenar un TCA, explica <a href=\"https:\/\/www.linkedin.com\/in\/ACoAADHvTo8BW6aXZnfmJWLK1EvDC55AaRXKe_s\"><\/a>Fernando Fernandez-Aranda, director de la Unitat, <a href=\"https:\/\/www.vilaweb.cat\/noticies\/trencar-tabu-transtorns-alimentaris-mes-quaranta-anys\/\">en aquest reportatge de VilaWeb<\/a>.<\/p>\n","protected":false},"excerpt":{"rendered":"<p>&#8220;Quan van diagnosticar-m\u2019ho, vaig al\u00b7lucinar. No m\u2019esperava que em diguessin que tenia anor\u00e8xia&#8221;. A l\u2019Elena li van diagnosticar anor\u00e8xia nerviosa als 42 anys, una edat on sovint costa recon\u00e8ixer aquest trastorn per la percepci\u00f3 que es tracta d\u2019una malaltia &#8220;d\u2019adolescents&#8221;. Des de la Unitat Integral de Recuperaci\u00f3 dels TCA de la Fundaci\u00f3 Hospital\u00e0ries Martorell &#8211; [&hellip;]<\/p>\n","protected":false},"author":5,"featured_media":0,"comment_status":"closed","ping_status":"closed","sticky":false,"template":"","format":"standard","meta":{"footnotes":""},"categories":[44],"tags":[],"class_list":["post-10705","post","type-post","status-publish","format-standard","hentry","category-entre-noticies"],"blocksy_meta":[],"featured_image_urls_v2":{"full":"","thumbnail":"","medium":"","medium_large":"","large":"","1536x1536":"","2048x2048":"","mailpoet_newsletter_max":""},"post_excerpt_stackable_v2":"<p>&#8220;Quan van diagnosticar-m\u2019ho, vaig al\u00b7lucinar. No m\u2019esperava que em diguessin que tenia anor\u00e8xia&#8221;. A l\u2019Elena li van diagnosticar anor\u00e8xia nerviosa als 42 anys, una edat on sovint costa recon\u00e8ixer aquest trastorn per la percepci\u00f3 que es tracta d\u2019una malaltia &#8220;d\u2019adolescents&#8221;.Des de la Unitat Integral de Recuperaci\u00f3 dels TCA de la Fundaci\u00f3 Hospital\u00e0ries Martorell &#8211; Hospital Universitari de Bellvitge, l\u2019Elena comparteix el seu testimoni per trencar estigmes i fer visible una realitat poc coneguda.En pacients adults, el desencadenant de l\u2019anor\u00e8xia no sol ser l\u2019entorn \u2013com poden ser els ideals de bellesa o la pressi\u00f3 social\u2013 sin\u00f3 situacions vitals complexes. Factors com&hellip;<\/p>\n","category_list_v2":"<a href=\"https:\/\/fundaciohospitalariesmartorell.org\/entre-tots\/category\/entre-noticies\/\" rel=\"category tag\">ENTRE NOT\u00cdCIES<\/a>","author_info_v2":{"name":"Alba Felip","url":"https:\/\/fundaciohospitalariesmartorell.org\/entre-tots\/author\/afelipr\/"},"comments_num_v2":"0 comments","_links":{"self":[{"href":"https:\/\/fundaciohospitalariesmartorell.org\/entre-tots\/wp-json\/wp\/v2\/posts\/10705","targetHints":{"allow":["GET"]}}],"collection":[{"href":"https:\/\/fundaciohospitalariesmartorell.org\/entre-tots\/wp-json\/wp\/v2\/posts"}],"about":[{"href":"https:\/\/fundaciohospitalariesmartorell.org\/entre-tots\/wp-json\/wp\/v2\/types\/post"}],"author":[{"embeddable":true,"href":"https:\/\/fundaciohospitalariesmartorell.org\/entre-tots\/wp-json\/wp\/v2\/users\/5"}],"replies":[{"embeddable":true,"href":"https:\/\/fundaciohospitalariesmartorell.org\/entre-tots\/wp-json\/wp\/v2\/comments?post=10705"}],"version-history":[{"count":1,"href":"https:\/\/fundaciohospitalariesmartorell.org\/entre-tots\/wp-json\/wp\/v2\/posts\/10705\/revisions"}],"predecessor-version":[{"id":10708,"href":"https:\/\/fundaciohospitalariesmartorell.org\/entre-tots\/wp-json\/wp\/v2\/posts\/10705\/revisions\/10708"}],"wp:attachment":[{"href":"https:\/\/fundaciohospitalariesmartorell.org\/entre-tots\/wp-json\/wp\/v2\/media?parent=10705"}],"wp:term":[{"taxonomy":"category","embeddable":true,"href":"https:\/\/fundaciohospitalariesmartorell.org\/entre-tots\/wp-json\/wp\/v2\/categories?post=10705"},{"taxonomy":"post_tag","embeddable":true,"href":"https:\/\/fundaciohospitalariesmartorell.org\/entre-tots\/wp-json\/wp\/v2\/tags?post=10705"}],"curies":[{"name":"wp","href":"https:\/\/api.w.org\/{rel}","templated":true}]}}