{"id":10714,"date":"2025-01-24T12:45:19","date_gmt":"2025-01-24T11:45:19","guid":{"rendered":"https:\/\/fundaciohospitalariesmartorell.org\/entre-tots\/?p=10714"},"modified":"2025-01-27T13:51:25","modified_gmt":"2025-01-27T12:51:25","slug":"martorell-acull-la-presentacio-dels-pga-dels-centres-de-fundacio-hospitalaries-a-catalunya","status":"publish","type":"post","link":"https:\/\/fundaciohospitalariesmartorell.org\/entre-tots\/2025\/01\/martorell-acull-la-presentacio-dels-pga-dels-centres-de-fundacio-hospitalaries-a-catalunya\/","title":{"rendered":"Martorell acull la presentaci\u00f3 dels PGA dels centres de Fundaci\u00f3 Hospital\u00e0ries a Catalunya"},"content":{"rendered":"\n<figure class=\"wp-block-image size-large\"><img loading=\"lazy\" decoding=\"async\" width=\"1024\" height=\"569\" src=\"https:\/\/fundaciohospitalariesmartorell.org\/entre-tots\/wp-content\/uploads\/2025\/01\/image-8-1024x569.png\" alt=\"\" class=\"wp-image-10715\" srcset=\"https:\/\/fundaciohospitalariesmartorell.org\/entre-tots\/wp-content\/uploads\/2025\/01\/image-8-1024x569.png 1024w, https:\/\/fundaciohospitalariesmartorell.org\/entre-tots\/wp-content\/uploads\/2025\/01\/image-8-300x167.png 300w, https:\/\/fundaciohospitalariesmartorell.org\/entre-tots\/wp-content\/uploads\/2025\/01\/image-8-768x427.png 768w, https:\/\/fundaciohospitalariesmartorell.org\/entre-tots\/wp-content\/uploads\/2025\/01\/image-8-1536x853.png 1536w, https:\/\/fundaciohospitalariesmartorell.org\/entre-tots\/wp-content\/uploads\/2025\/01\/image-8-1320x733.png 1320w, https:\/\/fundaciohospitalariesmartorell.org\/entre-tots\/wp-content\/uploads\/2025\/01\/image-8.png 1600w\" sizes=\"auto, (max-width: 1024px) 100vw, 1024px\" \/><\/figure>\n\n\n\n<p>El nostre hospital va acollir, el passat 23 de gener, la presentaci\u00f3 dels PGA dels centres de Fundaci\u00f3 Hospital\u00e0ries a Catalunya. L&#8217;acte va estar presidit per Alberto Mart\u00edn de la Mata, director General de la Fundaci\u00f3 Hospital\u00e0ries, Sor Luz Divina S\u00e1nchez, presidenta del Patronat de la Fundaci\u00f3 i Sor Fuencisla Mart\u00edn, Superiora Provincial de les Germanes Hospitalaries a Espanya.Hospitalarias Espa\u00f1a. Tots ells van estar acompanyats pels seus respectius equips directius. <\/p>\n\n\n\n<p>La superiora local de Martorell, Sor Isabel Bl\u00e1zquez, va obrir l&#8217;acte amb unes paraules de benvinguda, seguides per la intervenci\u00f3 del nostre gerent, Jes\u00fas Ezquerra, que va explicar l&#8217;\u00e0mplia pres\u00e8ncia territorial de Fundaci\u00f3 Hospital\u00e0ries Martorell. Acte seguit es van presentar els plans de gesti\u00f3 anuals pel 2025 de la Fundaci\u00f3 Hospital\u00e0ries Sant Boi, Barcelona, Martorell, Barcelona Nord i Caldes de Malavella.<\/p>\n\n\n\n<figure class=\"wp-block-image size-large\"><img loading=\"lazy\" decoding=\"async\" width=\"1024\" height=\"768\" src=\"https:\/\/fundaciohospitalariesmartorell.org\/entre-tots\/wp-content\/uploads\/2025\/01\/image-9-1024x768.png\" alt=\"\" class=\"wp-image-10716\" srcset=\"https:\/\/fundaciohospitalariesmartorell.org\/entre-tots\/wp-content\/uploads\/2025\/01\/image-9-1024x768.png 1024w, https:\/\/fundaciohospitalariesmartorell.org\/entre-tots\/wp-content\/uploads\/2025\/01\/image-9-300x225.png 300w, https:\/\/fundaciohospitalariesmartorell.org\/entre-tots\/wp-content\/uploads\/2025\/01\/image-9-768x576.png 768w, https:\/\/fundaciohospitalariesmartorell.org\/entre-tots\/wp-content\/uploads\/2025\/01\/image-9-1536x1152.png 1536w, https:\/\/fundaciohospitalariesmartorell.org\/entre-tots\/wp-content\/uploads\/2025\/01\/image-9-1320x990.png 1320w, https:\/\/fundaciohospitalariesmartorell.org\/entre-tots\/wp-content\/uploads\/2025\/01\/image-9.png 2000w\" sizes=\"auto, (max-width: 1024px) 100vw, 1024px\" \/><\/figure>\n\n\n\n<p>El director general, Alberto Mart\u00edn de la Mata, va destacar la gran aposta per la renovaci\u00f3 d&#8217;infraestructures a Catalunya, amb importants inversions per millorar les instal\u00b7lacions dels diferent centres. A m\u00e9s, va esmentar els diversos projectes a desenvolupar en els propers anys que contribuiran al creixement i a la qualitat dels serveis sanitaris al pa\u00eds.<\/p>\n\n\n\n<p>Aquesta trobada tamb\u00e9 va servir per abordar q\u00fcestions relacionades amb la transici\u00f3 a la nova situaci\u00f3 jur\u00eddica dels centres, un proc\u00e9s que implica adaptar-se a les noves normatives i estructures legals vigents.<\/p>\n\n\n\n<figure class=\"wp-block-image size-large\"><img loading=\"lazy\" decoding=\"async\" width=\"1024\" height=\"768\" src=\"https:\/\/fundaciohospitalariesmartorell.org\/entre-tots\/wp-content\/uploads\/2025\/01\/image-10-1024x768.png\" alt=\"\" class=\"wp-image-10717\" srcset=\"https:\/\/fundaciohospitalariesmartorell.org\/entre-tots\/wp-content\/uploads\/2025\/01\/image-10-1024x768.png 1024w, https:\/\/fundaciohospitalariesmartorell.org\/entre-tots\/wp-content\/uploads\/2025\/01\/image-10-300x225.png 300w, https:\/\/fundaciohospitalariesmartorell.org\/entre-tots\/wp-content\/uploads\/2025\/01\/image-10-768x576.png 768w, https:\/\/fundaciohospitalariesmartorell.org\/entre-tots\/wp-content\/uploads\/2025\/01\/image-10-1536x1152.png 1536w, https:\/\/fundaciohospitalariesmartorell.org\/entre-tots\/wp-content\/uploads\/2025\/01\/image-10-1320x990.png 1320w, https:\/\/fundaciohospitalariesmartorell.org\/entre-tots\/wp-content\/uploads\/2025\/01\/image-10.png 2000w\" sizes=\"auto, (max-width: 1024px) 100vw, 1024px\" \/><\/figure>\n","protected":false},"excerpt":{"rendered":"<p>El nostre hospital va acollir, el passat 23 de gener, la presentaci\u00f3 dels PGA dels centres de Fundaci\u00f3 Hospital\u00e0ries a Catalunya. L&#8217;acte va estar presidit per Alberto Mart\u00edn de la Mata, director General de la Fundaci\u00f3 Hospital\u00e0ries, Sor Luz Divina S\u00e1nchez, presidenta del Patronat de la Fundaci\u00f3 i Sor Fuencisla Mart\u00edn, Superiora Provincial de les [&hellip;]<\/p>\n","protected":false},"author":5,"featured_media":10717,"comment_status":"closed","ping_status":"closed","sticky":false,"template":"","format":"standard","meta":{"footnotes":""},"categories":[27,56],"tags":[],"class_list":["post-10714","post","type-post","status-publish","format-standard","has-post-thumbnail","hentry","category-actualitat","category-bon-govern"],"blocksy_meta":[],"featured_image_urls_v2":{"full":["https:\/\/fundaciohospitalariesmartorell.org\/entre-tots\/wp-content\/uploads\/2025\/01\/image-10.png",2000,1500,false],"thumbnail":["https:\/\/fundaciohospitalariesmartorell.org\/entre-tots\/wp-content\/uploads\/2025\/01\/image-10-150x150.png",150,150,true],"medium":["https:\/\/fundaciohospitalariesmartorell.org\/entre-tots\/wp-content\/uploads\/2025\/01\/image-10-300x225.png",300,225,true],"medium_large":["https:\/\/fundaciohospitalariesmartorell.org\/entre-tots\/wp-content\/uploads\/2025\/01\/image-10-768x576.png",768,576,true],"large":["https:\/\/fundaciohospitalariesmartorell.org\/entre-tots\/wp-content\/uploads\/2025\/01\/image-10-1024x768.png",1024,768,true],"1536x1536":["https:\/\/fundaciohospitalariesmartorell.org\/entre-tots\/wp-content\/uploads\/2025\/01\/image-10-1536x1152.png",1536,1152,true],"2048x2048":["https:\/\/fundaciohospitalariesmartorell.org\/entre-tots\/wp-content\/uploads\/2025\/01\/image-10.png",2000,1500,false],"mailpoet_newsletter_max":["https:\/\/fundaciohospitalariesmartorell.org\/entre-tots\/wp-content\/uploads\/2025\/01\/image-10-1320x990.png",1320,990,true]},"post_excerpt_stackable_v2":"<p>El nostre hospital va acollir, el passat 23 de gener, la presentaci\u00f3 dels PGA dels centres de Fundaci\u00f3 Hospital\u00e0ries a Catalunya. L&#8217;acte va estar presidit per Alberto Mart\u00edn de la Mata, director General de la Fundaci\u00f3 Hospital\u00e0ries, Sor Luz Divina S\u00e1nchez, presidenta del Patronat de la Fundaci\u00f3 i Sor Fuencisla Mart\u00edn, Superiora Provincial de les Germanes Hospitalaries a Espanya.Hospitalarias Espa\u00f1a. Tots ells van estar acompanyats pels seus respectius equips directius. La superiora local de Martorell, Sor Isabel Bl\u00e1zquez, va obrir l&#8217;acte amb unes paraules de benvinguda, seguides per la intervenci\u00f3 del nostre gerent, Jes\u00fas Ezquerra, que va explicar l&#8217;\u00e0mplia pres\u00e8ncia&hellip;<\/p>\n","category_list_v2":"<a href=\"https:\/\/fundaciohospitalariesmartorell.org\/entre-tots\/category\/actualitat\/\" rel=\"category tag\">ACTUALITAT<\/a>, <a href=\"https:\/\/fundaciohospitalariesmartorell.org\/entre-tots\/category\/actualitat\/bon-govern\/\" rel=\"category tag\">BON GOVERN<\/a>","author_info_v2":{"name":"Alba Felip","url":"https:\/\/fundaciohospitalariesmartorell.org\/entre-tots\/author\/afelipr\/"},"comments_num_v2":"0 comments","_links":{"self":[{"href":"https:\/\/fundaciohospitalariesmartorell.org\/entre-tots\/wp-json\/wp\/v2\/posts\/10714","targetHints":{"allow":["GET"]}}],"collection":[{"href":"https:\/\/fundaciohospitalariesmartorell.org\/entre-tots\/wp-json\/wp\/v2\/posts"}],"about":[{"href":"https:\/\/fundaciohospitalariesmartorell.org\/entre-tots\/wp-json\/wp\/v2\/types\/post"}],"author":[{"embeddable":true,"href":"https:\/\/fundaciohospitalariesmartorell.org\/entre-tots\/wp-json\/wp\/v2\/users\/5"}],"replies":[{"embeddable":true,"href":"https:\/\/fundaciohospitalariesmartorell.org\/entre-tots\/wp-json\/wp\/v2\/comments?post=10714"}],"version-history":[{"count":1,"href":"https:\/\/fundaciohospitalariesmartorell.org\/entre-tots\/wp-json\/wp\/v2\/posts\/10714\/revisions"}],"predecessor-version":[{"id":10718,"href":"https:\/\/fundaciohospitalariesmartorell.org\/entre-tots\/wp-json\/wp\/v2\/posts\/10714\/revisions\/10718"}],"wp:featuredmedia":[{"embeddable":true,"href":"https:\/\/fundaciohospitalariesmartorell.org\/entre-tots\/wp-json\/wp\/v2\/media\/10717"}],"wp:attachment":[{"href":"https:\/\/fundaciohospitalariesmartorell.org\/entre-tots\/wp-json\/wp\/v2\/media?parent=10714"}],"wp:term":[{"taxonomy":"category","embeddable":true,"href":"https:\/\/fundaciohospitalariesmartorell.org\/entre-tots\/wp-json\/wp\/v2\/categories?post=10714"},{"taxonomy":"post_tag","embeddable":true,"href":"https:\/\/fundaciohospitalariesmartorell.org\/entre-tots\/wp-json\/wp\/v2\/tags?post=10714"}],"curies":[{"name":"wp","href":"https:\/\/api.w.org\/{rel}","templated":true}]}}