{"id":10744,"date":"2025-01-27T14:50:54","date_gmt":"2025-01-27T13:50:54","guid":{"rendered":"https:\/\/fundaciohospitalariesmartorell.org\/entre-tots\/?p=10744"},"modified":"2025-01-27T14:53:02","modified_gmt":"2025-01-27T13:53:02","slug":"radio4-en-tres-anys-shan-triplicat-les-receptes-dantidepressius-entre-menors-de-15-anys","status":"publish","type":"post","link":"https:\/\/fundaciohospitalariesmartorell.org\/entre-tots\/2025\/01\/radio4-en-tres-anys-shan-triplicat-les-receptes-dantidepressius-entre-menors-de-15-anys\/","title":{"rendered":"R\u00e0dio4 | En tres anys s\u2019han triplicat les receptes d\u2019antidepressius entre menors de 15 anys"},"content":{"rendered":"\n<p>En tres anys s\u2019han triplicat les receptes d\u2019antidepressius entre menors de 15 anys, segons dades del Departament de Salut. Aquest increment posa de manifest un augment preocupant del malestar emocional en la nostra societat, especialment en la inf\u00e0ncia i l\u2019adolesc\u00e8ncia, i evidencia la necessitat d\u2019un sistema de salut capa\u00e7 de donar una resposta m\u00e9s adequada a aquestes demandes, prioritzant intervencions menys farmacol\u00f2giques.<\/p>\n\n\n\n<p>Roger Ballesc\u00e0, coordinador de l\u2019\u00c0rea de Salut Mental Infanto-juvenil de la Fundaci\u00f3 Hospital\u00e0ries Martorell, analitza a Radio4 de Radiotelevisi\u00f3n Espa\u00f1ola els m\u00faltiples factors que han contribu\u00eft a aquest augment i apunta possibles l\u00ednies d\u2019acci\u00f3 per abordar el problema de manera m\u00e9s integral i preventiva.<\/p>\n\n\n\n<p><a href=\"https:\/\/www.rtve.es\/play\/audios\/son-4-dies\/son-4-dies-don-venim-antidepressius-menors-15-anys\/16412464\">https:\/\/www.rtve.es\/play\/audios\/son-4-dies\/son-4-dies-don-venim-antidepressius-menors-15-anys\/16412464<\/a><\/p>\n\n\n\n<p><\/p>\n","protected":false},"excerpt":{"rendered":"<p>En tres anys s\u2019han triplicat les receptes d\u2019antidepressius entre menors de 15 anys, segons dades del Departament de Salut. Aquest increment posa de manifest un augment preocupant del malestar emocional en la nostra societat, especialment en la inf\u00e0ncia i l\u2019adolesc\u00e8ncia, i evidencia la necessitat d\u2019un sistema de salut capa\u00e7 de donar una resposta m\u00e9s adequada [&hellip;]<\/p>\n","protected":false},"author":5,"featured_media":0,"comment_status":"closed","ping_status":"closed","sticky":false,"template":"","format":"standard","meta":{"footnotes":""},"categories":[44],"tags":[],"class_list":["post-10744","post","type-post","status-publish","format-standard","hentry","category-entre-noticies"],"blocksy_meta":[],"featured_image_urls_v2":{"full":"","thumbnail":"","medium":"","medium_large":"","large":"","1536x1536":"","2048x2048":"","mailpoet_newsletter_max":""},"post_excerpt_stackable_v2":"<p>En tres anys s\u2019han triplicat les receptes d\u2019antidepressius entre menors de 15 anys, segons dades del Departament de Salut. Aquest increment posa de manifest un augment preocupant del malestar emocional en la nostra societat, especialment en la inf\u00e0ncia i l\u2019adolesc\u00e8ncia, i evidencia la necessitat d\u2019un sistema de salut capa\u00e7 de donar una resposta m\u00e9s adequada a aquestes demandes, prioritzant intervencions menys farmacol\u00f2giques. Roger Ballesc\u00e0, coordinador de l\u2019\u00c0rea de Salut Mental Infanto-juvenil de la Fundaci\u00f3 Hospital\u00e0ries Martorell, analitza a Radio4 de Radiotelevisi\u00f3n Espa\u00f1ola els m\u00faltiples factors que han contribu\u00eft a aquest augment i apunta possibles l\u00ednies d\u2019acci\u00f3 per abordar el problema&hellip;<\/p>\n","category_list_v2":"<a href=\"https:\/\/fundaciohospitalariesmartorell.org\/entre-tots\/category\/entre-noticies\/\" rel=\"category tag\">ENTRE NOT\u00cdCIES<\/a>","author_info_v2":{"name":"Alba Felip","url":"https:\/\/fundaciohospitalariesmartorell.org\/entre-tots\/author\/afelipr\/"},"comments_num_v2":"0 comments","_links":{"self":[{"href":"https:\/\/fundaciohospitalariesmartorell.org\/entre-tots\/wp-json\/wp\/v2\/posts\/10744","targetHints":{"allow":["GET"]}}],"collection":[{"href":"https:\/\/fundaciohospitalariesmartorell.org\/entre-tots\/wp-json\/wp\/v2\/posts"}],"about":[{"href":"https:\/\/fundaciohospitalariesmartorell.org\/entre-tots\/wp-json\/wp\/v2\/types\/post"}],"author":[{"embeddable":true,"href":"https:\/\/fundaciohospitalariesmartorell.org\/entre-tots\/wp-json\/wp\/v2\/users\/5"}],"replies":[{"embeddable":true,"href":"https:\/\/fundaciohospitalariesmartorell.org\/entre-tots\/wp-json\/wp\/v2\/comments?post=10744"}],"version-history":[{"count":1,"href":"https:\/\/fundaciohospitalariesmartorell.org\/entre-tots\/wp-json\/wp\/v2\/posts\/10744\/revisions"}],"predecessor-version":[{"id":10745,"href":"https:\/\/fundaciohospitalariesmartorell.org\/entre-tots\/wp-json\/wp\/v2\/posts\/10744\/revisions\/10745"}],"wp:attachment":[{"href":"https:\/\/fundaciohospitalariesmartorell.org\/entre-tots\/wp-json\/wp\/v2\/media?parent=10744"}],"wp:term":[{"taxonomy":"category","embeddable":true,"href":"https:\/\/fundaciohospitalariesmartorell.org\/entre-tots\/wp-json\/wp\/v2\/categories?post=10744"},{"taxonomy":"post_tag","embeddable":true,"href":"https:\/\/fundaciohospitalariesmartorell.org\/entre-tots\/wp-json\/wp\/v2\/tags?post=10744"}],"curies":[{"name":"wp","href":"https:\/\/api.w.org\/{rel}","templated":true}]}}